{"id":13547,"date":"2009-08-16T11:43:16","date_gmt":"2009-08-16T08:43:16","guid":{"rendered":"http:\/\/www.korhanyilmaz.com\/?p=13547"},"modified":"2009-08-16T11:43:16","modified_gmt":"2009-08-16T08:43:16","slug":"insanlar-evinin-durumunu-bilseler-gece-uyuyamazlar","status":"publish","type":"post","link":"http:\/\/www.korhanyilmaz.com\/?p=13547","title":{"rendered":"\u0130nsanlar evinin durumunu bilseler gece uyuyamazlar"},"content":{"rendered":"<p style=\"text-align: center;\"><a href=\"http:\/\/www.korhanyilmaz.com\/wp-content\/uploads\/2009\/08\/deprem.jpg\"  class=\"lightview\"><img loading=\"lazy\" decoding=\"async\" class=\"aligncenter size-full wp-image-13548\" src=\"http:\/\/www.korhanyilmaz.com\/wp-content\/uploads\/2009\/08\/deprem.jpg\" alt=\"\" width=\"329\" height=\"210\" \/><\/a><\/p>\n<p><a id=\"demo1\" class=\"lightview\" title=\" :: \" rel=\"gallery[myset]\" href=\"foto_galeri\/galeri_deprem\/001.jpg\"><img loading=\"lazy\" decoding=\"async\" class=\"aligncenter\" title=\"Foto Galeri i\u00e7in T\u0131klay\u0131n..\" src=\"wp-data\/images\/video_izle_tikla.png\" alt=\"\" width=\"30\" height=\"30\" \/><\/a><br \/>\n<a id=\"demo1\" class=\"lightview\" title=\" :: \" rel=\"gallery[myset]\" href=\"foto_galeri\/galeri_deprem\/002.jpg\"><\/a><a id=\"demo1\" class=\"lightview\" title=\" :: \" rel=\"gallery[myset]\" href=\"foto_galeri\/galeri_deprem\/003.jpg\"><\/a><a id=\"demo1\" class=\"lightview\" title=\" :: \" rel=\"gallery[myset]\" href=\"foto_galeri\/galeri_deprem\/004.jpg\"><\/a><a id=\"demo1\" class=\"lightview\" title=\" :: \" rel=\"gallery[myset]\" href=\"foto_galeri\/galeri_deprem\/005.jpg\"><\/a><a id=\"demo1\" class=\"lightview\" title=\" :: \" rel=\"gallery[myset]\" href=\"foto_galeri\/galeri_deprem\/006.jpg\"><\/a><a id=\"demo1\" class=\"lightview\" title=\" :: \" rel=\"gallery[myset]\" href=\"foto_galeri\/galeri_deprem\/007.jpg\"><\/a><a id=\"demo1\" class=\"lightview\" title=\" :: \" rel=\"gallery[myset]\" href=\"foto_galeri\/galeri_deprem\/008.jpg\"><\/a><a id=\"demo1\" class=\"lightview\" title=\" :: \" rel=\"gallery[myset]\" href=\"foto_galeri\/galeri_deprem\/009.jpg\"><\/a><a id=\"demo1\" class=\"lightview\" title=\" :: \" rel=\"gallery[myset]\" href=\"foto_galeri\/galeri_deprem\/010.jpg\"><\/a><a id=\"demo1\" class=\"lightview\" title=\" :: \" rel=\"gallery[myset]\" href=\"foto_galeri\/galeri_deprem\/011.jpg\"><\/a><a id=\"demo1\" class=\"lightview\" title=\" :: \" rel=\"gallery[myset]\" href=\"foto_galeri\/galeri_deprem\/012.jpg\"><\/a><a id=\"demo1\" class=\"lightview\" title=\" :: \" rel=\"gallery[myset]\" href=\"foto_galeri\/galeri_deprem\/013.jpg\"><\/a><a id=\"demo1\" class=\"lightview\" title=\" :: \" rel=\"gallery[myset]\" href=\"foto_galeri\/galeri_deprem\/014.jpg\"><\/a><a id=\"demo1\" class=\"lightview\" title=\" :: \" rel=\"gallery[myset]\" href=\"foto_galeri\/galeri_deprem\/015.jpg\"><\/a><a id=\"demo1\" class=\"lightview\" title=\" :: \" rel=\"gallery[myset]\" href=\"foto_galeri\/galeri_deprem\/016.jpg\"><\/a><a id=\"demo1\" class=\"lightview\" title=\" :: \" rel=\"gallery[myset]\" href=\"foto_galeri\/galeri_deprem\/017.jpg\"><\/a><a id=\"demo1\" class=\"lightview\" title=\" :: \" rel=\"gallery[myset]\" href=\"foto_galeri\/galeri_deprem\/018.jpg\"><\/a><a id=\"demo1\" class=\"lightview\" title=\" :: \" rel=\"gallery[myset]\" href=\"foto_galeri\/galeri_deprem\/019.jpg\"><\/a><\/p>\n<p style=\"text-align: justify;\">Marmara Depremi\u2019nin 10. y\u0131ld\u00f6n\u00fcm\u00fcnde uzmanlar uyar\u0131lar\u0131n\u0131 s\u00fcrd\u00fcr\u00fcyor.<\/p>\n<p style=\"text-align: justify;\">B\u00fcy\u00fck felaketin 10\u2019uncu y\u0131ld\u00f6n\u00fcm\u00fcnde \u00f6lenler \u00e7e\u015fitli etkinliklerle an\u0131ld\u0131. Depremin y\u0131k\u0131c\u0131 etkisini hisseden b\u00f6lgelerde deprem tatbikatlar\u0131 yap\u0131ld\u0131. D\u00fczenlenen bilimsel toplant\u0131larda vatanda\u015flar ve devlet yetkilileri bir kez daha depreme kar\u015f\u0131 duyarl\u0131 olmaya \u00e7a\u011f\u0131r\u0131ld\u0131. Bu taplant\u0131lardan birini de CHP \u0130stanbul \u0130l Ba\u015fkanl\u0131\u011f\u0131 d\u00fczenledi. \u201cDepremini bekleyen kent; \u0130stanbul\u201d konulu panelde uzmanlar, olas\u0131 Marmara Depremi ve \u0130stanbul\u2019a etkileri konusunda \u00fcrk\u00fct\u00fcc\u00fc bilgiler verdi. \u0130\u015fte uzmanlar\u0131n bir kez daha hat\u0131rlatt\u0131\u011f\u0131 ger\u00e7ekler&#8230;<!--more--><\/p>\n<p style=\"text-align: justify;\"><strong>\u00d6ZEL YASA \u00c7IKARILMALI <\/strong><\/p>\n<p style=\"text-align: justify;\">Prof. Dr. H\u00fcseyin Kaptan (YT\u00dc \u015eehir Planlama Ana Bilim Dal\u0131 \u00d6\u011fretim \u00dcyesi): Deprem i\u00e7in \u0130stanbul\u2019a \u00f6zel yasalar \u00e7\u0131kar\u0131lmal\u0131. Deprem insanlar\u0131n korku ve hayallerinden daha tehlikeli bir y\u0131k\u0131m yaratabilir. \u0130stanbul\u2019a \u00f6zel kentsel d\u00f6n\u00fc\u015f\u00fcm yasas\u0131 \u00e7\u0131kar\u0131lmal\u0131. Tarihi yar\u0131madan\u0131n olas\u0131 depremde durumu vahim. Birg\u00fcn torunumu ziyarete gittim. \u00c7ocuklar\u0131m\u0131n oturdu\u011fu evin depreme dayan\u0131kl\u0131 olup olmad\u0131\u011f\u0131n\u0131 inceledim. Binan\u0131n zemin kat\u0131na indim bakt\u0131m. O gece torunumu da al\u0131p kendi evime d\u00f6nd\u00fcm. Bir\u00e7ok insan oturdu\u011fu binan\u0131n durumunu bilse gece evinde uyuyamaz.<\/p>\n<p style=\"text-align: justify;\"><strong>YAPILARIN Y\u00dcZDE 1\u2019\u0130 \u00c7\u00d6KECEK <\/strong><\/p>\n<p style=\"text-align: justify;\">Prof.Dr. Haluk Eyido\u011fan: (\u0130T\u00dc Maden Fak\u00fcltesi Yer Fizi\u011fi Anabilim Dal\u0131 Ba\u015fkan\u0131): \u0130stanbul n\u00fcfusu plans\u0131z bir bi\u00e7imde h\u0131zla art\u0131yor. Kente Anadolu\u2019dan ak\u0131n de\u011fil, insan y\u0131\u011f\u0131lmas\u0131 s\u00f6z konusu. Marmara\u2019da son 2 bin y\u0131lda 6.5 ve \u00fczeri \u015fiddette 50 deprem ya\u015fand\u0131. \u0130stanbul \u00e7evresini cazibe merkezi yapmak \u00e7ok b\u00fcy\u00fck bir risk. Yap\u0131 sto\u011fu olas\u0131 bir depremde \u00e7ok b\u00fcy\u00fck yaralar alacak. \u0130stanbul\u2019da 1 milyon 500 binin \u00fczerinde yap\u0131 var. Marmara Depremi\u2019nde \u0130stanbul\u2019daki binalar\u0131 y\u00fczde 1 \u00e7\u00f6kecek, y\u00fczde 6\u2019s\u0131 a\u011f\u0131r hasarl\u0131 olacak, y\u00fczde 15\u2019i ise orta hasar alacak. Bu verilere g\u00f6re 15 binin \u00fczerinde yap\u0131 depremde \u00e7\u00f6kecektir. Kentin zemin sorunu var. \u0130stanbul\u2019un zemini \u00e7ok sa\u011flam de\u011fil. Depremde en \u00e7ok zarar\u0131 fay hatt\u0131na yak\u0131n yerler g\u00f6recek. Biran \u00f6nce kamuya ait yerler ve riskli b\u00f6lgeler elden ge\u00e7irilmeli. \u0130stanbul\u2019da do\u011fru d\u00fczg\u00fcn bir deprem envanteri bulunmuyor. Tehlikenin boyutlar\u0131 tahminlerin \u00fczerinde. Kentsel d\u00f6n\u00fc\u015f\u00fcm do\u011fru d\u00fczg\u00fcn uygulanm\u0131\u015f de\u011fil. Eski yerleri y\u0131k\u0131p yerine i\u015f merkezi ve g\u00f6kdelen dikmek kentsel d\u00f6n\u00fc\u015f\u00fcm de\u011fildir. Depreme dayan\u0131ks\u0131z k\u00fclt\u00fcr ba\u015fkenti olur mu?<\/p>\n<p style=\"text-align: justify;\"><strong>3\u2019\u00dcNC\u00dc K\u00d6PR\u00dc N\u00dcFUSU DAHA DA ARTIRIR <\/strong><\/p>\n<p style=\"text-align: justify;\">Mustafa Erdo\u011fan (\u0130T\u00dc Uygulamal\u0131 Jeoloji Anabilim Dal\u0131 Ba\u015fkan\u0131): \u201cMerak ediyorum devletin elinde ayr\u0131nt\u0131l\u0131 bir deprem haritas\u0131 var m\u0131? \u0130stanbul\u2019un y\u00fczde 48\u2019si ormanl\u0131k alan, y\u00fczde 18\u2019i su havzas\u0131, y\u00fczde 18\u2019i tar\u0131m alan\u0131 ve y\u00fczde 4\u2019\u00fc ise hastal\u0131kl\u0131 dedi\u011fimiz kayan topraklardan olu\u015fuyor. Kentin sadece y\u00fczde 12\u2019si yerle\u015fim ve yap\u0131 alan\u0131. Bu y\u00fczde 12\u2019lik alan zaten dolmu\u015f durumda. \u0130stanbul\u2019da yeni yerle\u015fim yeri kalmad\u0131. Kent \u0131srarla g\u00f6\u00e7 almaya devam ediyor. \u0130stanbul\u2019daki binalar\u0131n y\u00fczde 56\u2019s\u0131nda deprem direnci d\u00fc\u015f\u00fck. 1999 depreminden \u00f6nce yap\u0131lan binalar\u0131n y\u00fczde 85\u2019i deprem kriterlerine g\u00f6re sorunlu. Bu yap\u0131lar\u0131n mutlaka ya g\u00fc\u00e7lendirilmesi veya y\u0131k\u0131l\u0131p yeniden yap\u0131lmas\u0131 gerekiyor. \u0130stanbul\u2019un n\u00fcfusu gelecekte 25-30 milyon olaca\u011f\u0131 belirtiliyor. Bu n\u00fcfusun yerle\u015fece\u011fi bir alan var m\u0131? Kentin suyu, arazisi, elektiri\u011fi, yap\u0131 malzemesi bu kadar b\u00fcy\u00fck bir n\u00fcfusu kald\u0131rmaz. 3. k\u00f6pr\u00fc n\u00fcfus art\u0131\u015f\u0131 ve g\u00f6\u00e7\u00fc daha fazla tetikler. E\u011fer 3. k\u00f6pr\u00fc yap\u0131l\u0131rsa \u0130stanbul b\u00fcy\u00fck yara al\u0131r.\u201d<\/p>\n<p style=\"text-align: justify;\"><strong>UZMANLAR \u0130STANBUL\u2019UN GELECE\u011e\u0130N\u0130 TARTI\u015eTI <\/strong><\/p>\n<p style=\"text-align: justify;\"><strong><em>CHP \u0130l Ba\u015fkan\u0131 <\/em><\/strong><\/p>\n<p style=\"text-align: justify;\">G\u00fcrsel Tekin\u2019in y\u00f6netiminde ger\u00e7ekle\u015ftirilen panele, CHP Genel Ba\u015fkan Yard\u0131mc\u0131s\u0131 Bihlun Tamaygil, Prof.Dr. Haluk Eyido\u011fan, Prof.Dr. Mustafa Erdo\u011fan, Prof. Dr. H\u00fcseyin Kaptan ile Do\u00e7.Dr. Ahmet Ertek kat\u0131ld\u0131.<\/p>\n<p style=\"text-align: justify;\"><span style=\"color: #888888;\">Mert \u0130nan &#8211; Vatan<\/span><\/p>\n","protected":false},"excerpt":{"rendered":"<p style=\"text-align: center;\">\n<\/p>\n<p style=\"text-align: justify;\">Marmara Depremi\u2019nin 10. y\u0131ld\u00f6n\u00fcm\u00fcnde uzmanlar uyar\u0131lar\u0131n\u0131 s\u00fcrd\u00fcr\u00fcyor.<\/p>\n<p style=\"text-align: justify;\">B\u00fcy\u00fck felaketin 10\u2019uncu y\u0131ld\u00f6n\u00fcm\u00fcnde \u00f6lenler \u00e7e\u015fitli etkinliklerle an\u0131ld\u0131. Depremin y\u0131k\u0131c\u0131 etkisini hisseden b\u00f6lgelerde deprem tatbikatlar\u0131 yap\u0131ld\u0131. D\u00fczenlenen bilimsel toplant\u0131larda vatanda\u015flar ve devlet yetkilileri bir kez daha depreme kar\u015f\u0131 duyarl\u0131 olmaya \u00e7a\u011f\u0131r\u0131ld\u0131. Bu taplant\u0131lardan birini de CHP \u0130stanbul \u0130l Ba\u015fkanl\u0131\u011f\u0131 <\/p>\n","protected":false},"author":1,"featured_media":0,"comment_status":"open","ping_status":"closed","sticky":false,"template":"","format":"standard","meta":{"footnotes":""},"categories":[105],"tags":[],"class_list":["post-13547","post","type-post","status-publish","format-standard","hentry","category-gundem","odd"],"_links":{"self":[{"href":"http:\/\/www.korhanyilmaz.com\/index.php?rest_route=\/wp\/v2\/posts\/13547","targetHints":{"allow":["GET"]}}],"collection":[{"href":"http:\/\/www.korhanyilmaz.com\/index.php?rest_route=\/wp\/v2\/posts"}],"about":[{"href":"http:\/\/www.korhanyilmaz.com\/index.php?rest_route=\/wp\/v2\/types\/post"}],"author":[{"embeddable":true,"href":"http:\/\/www.korhanyilmaz.com\/index.php?rest_route=\/wp\/v2\/users\/1"}],"replies":[{"embeddable":true,"href":"http:\/\/www.korhanyilmaz.com\/index.php?rest_route=%2Fwp%2Fv2%2Fcomments&post=13547"}],"version-history":[{"count":0,"href":"http:\/\/www.korhanyilmaz.com\/index.php?rest_route=\/wp\/v2\/posts\/13547\/revisions"}],"wp:attachment":[{"href":"http:\/\/www.korhanyilmaz.com\/index.php?rest_route=%2Fwp%2Fv2%2Fmedia&parent=13547"}],"wp:term":[{"taxonomy":"category","embeddable":true,"href":"http:\/\/www.korhanyilmaz.com\/index.php?rest_route=%2Fwp%2Fv2%2Fcategories&post=13547"},{"taxonomy":"post_tag","embeddable":true,"href":"http:\/\/www.korhanyilmaz.com\/index.php?rest_route=%2Fwp%2Fv2%2Ftags&post=13547"}],"curies":[{"name":"wp","href":"https:\/\/api.w.org\/{rel}","templated":true}]}}