{"id":13541,"date":"2009-08-16T23:20:48","date_gmt":"2009-08-16T20:20:48","guid":{"rendered":"http:\/\/www.korhanyilmaz.com\/?p=13541"},"modified":"2009-08-16T23:20:48","modified_gmt":"2009-08-16T20:20:48","slug":"fenerden-sivasa-3luk-tarife","status":"publish","type":"post","link":"http:\/\/www.korhanyilmaz.com\/?p=13541","title":{"rendered":"Fener&#8217;den Sivas&#8217;a 3&#8217;l\u00fck tarife"},"content":{"rendered":"<p style=\"text-align: center;\"><a href=\"http:\/\/www.korhanyilmaz.com\/wp-content\/uploads\/2009\/08\/fener-sivas.jpg\"  class=\"lightview\"><img loading=\"lazy\" decoding=\"async\" class=\"aligncenter size-full wp-image-13542\" src=\"http:\/\/www.korhanyilmaz.com\/wp-content\/uploads\/2009\/08\/fener-sivas.jpg\" alt=\"\" width=\"410\" height=\"179\" \/><\/a><\/p>\n<p style=\"text-align: justify;\">Turkcell S\u00fcperlig&#8217;de 2&#8217;nci haftada Fenerbah\u00e7e evinde Sivasspor&#8217;u 3-0 ma\u011flup etti. Fenerbah\u00e7e&#8217;nin gollerini Kaz\u0131m, Emre ve Santos att\u0131.<\/p>\n<p style=\"text-align: justify;\">Turkcell S\u00fcper Lig kar\u015f\u0131la\u015fmas\u0131nda Fenerbah\u00e7e, Sivasspor&#8217;u 3-0 yenerek ikinci hafta sonunda puan\u0131n\u0131 6&#8217;ya \u00e7\u0131kard\u0131.<\/p>\n<p style=\"text-align: justify;\"><strong><em>\u0130lk yar\u0131 <\/em><\/strong><\/p>\n<p style=\"text-align: justify;\">2. dakikada sol \u00e7aprazdan Alex&#8217;in kulland\u0131\u011f\u0131 serbest vuru\u015fta, \u00f6n direkte Kaz\u0131m&#8217;\u0131n kafayla vurdu\u011fu me\u015fin yuvarla\u011fa son anda ayak koyan Hayrettin, topu kornere g\u00f6nderdi.<\/p>\n<p style=\"text-align: justify;\">22. dakikada \u00e7al\u0131mlarla ceza sahas\u0131na giren Dos Santos&#8217;un aya\u011f\u0131ndan defans\u0131n m\u00fcdahalesiyle a\u00e7\u0131lan topu \u00f6n\u00fcnde bulan Kaz\u0131m&#8217;\u0131n m\u00fcsait durumdaki vuru\u015funda, me\u015fin yuvarlak yandan auta \u00e7\u0131kt\u0131. <!--more--><\/p>\n<p style=\"text-align: justify;\">26. dakikada Emre ile yapt\u0131\u011f\u0131 duvar pas\u0131 sonras\u0131 Deivid&#8217;in ceza sahas\u0131 d\u0131\u015f\u0131ndan yapt\u0131\u011f\u0131 sert vuru\u015fta, top kaleci Petkovi\u00e7&#8217;de kald\u0131.<\/p>\n<p style=\"text-align: justify;\">32. dakikada Ersen&#8217;in kafa pas\u0131yla Fenerbah\u00e7e defans\u0131n\u0131n arkas\u0131na sarkan Kamanan&#8217;\u0131n sol \u00e7aprazdan vuru\u015funda, top yandan auta gitti ve Sivasspor \u00f6nemli bir f\u0131rsat\u0131 de\u011ferlendiremedi.<\/p>\n<p style=\"text-align: justify;\">40. dakikada Emre&#8217;nin ceza sahas\u0131nda yapt\u0131\u011f\u0131 vuru\u015fta, kaleci Petkovi\u00e7 yatarak me\u015fin yuvarla\u011f\u0131n sahibi oldu.<\/p>\n<p style=\"text-align: justify;\">42. dakikada ceza sahas\u0131 i\u00e7inde sol \u00e7aprazda Dos Santos&#8217;un yapt\u0131\u011f\u0131 sert vuru\u015fta, kale \u00f6n\u00fcnde ayak koyarak topu kornere g\u00f6nderen Yasin, kalesinde \u00f6nemli bir tehlikeyi \u00f6nledi.<\/p>\n<p style=\"text-align: justify;\">44. dakikada sa\u011fdan Cihan&#8217;\u0131n kulland\u0131\u011f\u0131 kornerde, ceza sahas\u0131 i\u00e7inde iyi y\u00fckselen Ersen&#8217;in kafa vuru\u015fu sonras\u0131 top yandan auta gitti.<\/p>\n<p style=\"text-align: justify;\">Kar\u015f\u0131la\u015fman\u0131n ilk yar\u0131s\u0131 0-0 beraberlikle tamamland\u0131.<\/p>\n<p style=\"text-align: justify;\"><em><strong>\u0130kinci yar\u0131<\/strong><\/em><\/p>\n<p style=\"text-align: justify;\">50. dakikada ceza sahas\u0131 \u00f6n\u00fcnde topu kontrol eden Emre&#8217;nin sert vuru\u015funda, me\u015fin yuvarlak her iki yan dire\u011fe \u00e7arpt\u0131ktan sonra oyun alan\u0131na d\u00f6nd\u00fc.<\/p>\n<p style=\"text-align: justify;\">Pozisyonu takip eden Roberto Carlos&#8217;un sol \u00e7aprazdan \u015futunda ise top yandan auta \u00e7\u0131kt\u0131.<\/p>\n<p style=\"text-align: justify;\">52. dakikada Cristian&#8217;\u0131n ceza sahas\u0131 d\u0131\u015f\u0131ndan yapt\u0131\u011f\u0131 sert vuru\u015fta, me\u015fin yuvarlak \u00fcsten az farkla auta gitti.<\/p>\n<p style=\"text-align: justify;\">53. dakikada sol kanattan Hayrettin&#8217;in ortalad\u0131\u011f\u0131 topa ceza sahas\u0131 i\u00e7inde Kamanan&#8217;\u0131n yapt\u0131\u011f\u0131 sert vuru\u015fta, kaleci Volkan Demirel son anda uzanarak me\u015fin yuvarla\u011f\u0131 kornere \u00e7eldi. Yine ayn\u0131 dakikada soldan Cihan&#8217;\u0131n kulland\u0131\u011f\u0131 kornerde, ceza sahas\u0131 i\u00e7inde bu kez Ersen&#8217;in kafa \u015futu sonras\u0131 kaleci Volkan Demirel topu tokatlayarak tekrar kornere g\u00f6nderdi.<\/p>\n<p style=\"text-align: justify;\">57. dakikada ceza sahas\u0131 \u00f6n\u00fcnden Roberto Carlos&#8217;un kulland\u0131\u011f\u0131 serbest vuru\u015fta, baraj\u0131 a\u015fan top \u00fcsten auta gitti.<\/p>\n<p style=\"text-align: justify;\">59. dakikada sa\u011fdan Emre&#8217;nin kulland\u0131\u011f\u0131 kornerde, \u00f6n direkte \u00d6nder&#8217;in kafa vuru\u015fu sonras\u0131 top \u00fcst direkten d\u00f6nd\u00fc ve defans me\u015fin yuvarla\u011f\u0131 kornere g\u00f6ndererek tehlikeyi \u00f6nledi.<\/p>\n<p style=\"text-align: justify;\">70. dakikada soldan Emre&#8217;nin ceza sahas\u0131na yapt\u0131\u011f\u0131 ortada kale \u00f6n\u00fcnde Kaz\u0131m geli\u015fine vururken, kaleci Petkovic ilk hamlede topa m\u00fcdahale etti. Ancak Kaz\u0131m ikinci vuru\u015fu da yaparak fileleri havaland\u0131rd\u0131: 1-0<\/p>\n<p style=\"text-align: justify;\">81. dakikada Emre, kornerden kaleye g\u00f6nderdi\u011fi topu a\u011flarla bulu\u015fturarak fark\u0131 ikiye \u00e7\u0131kard\u0131. Emre&#8217;nin sa\u011f k\u00f6\u015feden \u00f6n dire\u011fe sert bir \u015fekilde g\u00f6nderdi\u011fe topa Sivassporlu defans oyuncular\u0131 dokunmay\u0131nca, me\u015fin yuvarlak, pozisyonu beklemeyen kaleci Petkovi\u00e7&#8217;e de \u00e7arparak a\u011flara gitti: 2-0<\/p>\n<p style=\"text-align: justify;\">88. dakikada G\u00fciza&#8217;n\u0131n ara pas\u0131yla sa\u011f \u00e7aprazdan Sivasspor ceza sahas\u0131na giren G\u00f6khan&#8217;\u0131n dar a\u00e7\u0131ya ra\u011fmen vuru\u015funda, top kaleci Petkovi\u00e7&#8217;ten d\u00f6nd\u00fc.<\/p>\n<p style=\"text-align: justify;\">90+ 1. dakikada Fenerbah\u00e7e, Dos Santos&#8217;un gol\u00fcyle fark\u0131 3&#8217;e \u00e7\u0131kard\u0131. \u00dcst \u00fcste \u00e7al\u0131mlarla Sivasspor ceza sahas\u0131na giren Dos Santos, sol \u00e7aprazdan yapt\u0131\u011f\u0131 \u015f\u0131k bir vuru\u015fla me\u015fin yuvarla\u011f\u0131 filelere g\u00f6nderdi: 3-0 Fenerbah\u00e7e, ma\u00e7tan 3-0 galip ayr\u0131ld\u0131.<\/p>\n<p style=\"text-align: justify;\"><strong><em>Ma\u00e7 \u00f6ncesi<\/em><\/strong><\/p>\n<p style=\"text-align: justify;\">Fenerbah\u00e7e, Sivasspor ile yapt\u0131\u011f\u0131 ma\u00e7la Turkcell S\u00fcper Lig&#8217;de 2009-2010 sezonunda ilk kez taraftar\u0131n\u0131n \u00f6n\u00fcne \u00e7\u0131kt\u0131. Ligin ilk haftas\u0131nda deplasmanda Denizlispor&#8217;u 2-0 yenen sar\u0131-lacivertliler, Sivasspor ma\u00e7\u0131yla ligde taraftarlar\u0131yla bulu\u015ftu.<\/p>\n<p style=\"text-align: justify;\">Ligde en son ge\u00e7en sezon 24 May\u0131s 2009&#8217;da Konyaspor ile Kad\u0131k\u00f6y&#8217;de kar\u015f\u0131la\u015fan Fenerbah\u00e7e, 83 g\u00fcn sonra kendi sahas\u0131nda lig ma\u00e7\u0131na \u00e7\u0131kt\u0131. Kar\u015f\u0131la\u015fmay\u0131 Maliye Bakan\u0131 Mehmet \u015eim\u015fek de protokol trib\u00fcn\u00fcnden izledi.<\/p>\n<p style=\"text-align: justify;\">Hafta i\u00e7inde Sivasspor ma\u00e7\u0131n\u0131n 55 lira olan kale arkas\u0131 trib\u00fcn biletlerini pahal\u0131 bularak, y\u00f6netime tepki g\u00f6steren sar\u0131-lacivertli taraftarlar, Kad\u0131k\u00f6y&#8217;deki bu sezonun ilk ma\u00e7\u0131nda tak\u0131mlar\u0131n\u0131 yaln\u0131z b\u0131rakmad\u0131.<\/p>\n<p style=\"text-align: justify;\">Trib\u00fcnleri b\u00fcy\u00fck \u00f6l\u00e7\u00fcde dolduran taraftarlar, \u0131s\u0131nmak i\u00e7in sahaya \u00e7\u0131kan futbolcular\u0131, trib\u00fcnlere \u00e7a\u011f\u0131rarak, alk\u0131\u015flad\u0131. Taraftarlar, kar\u015f\u0131la\u015fman\u0131n ba\u015flamas\u0131yla birlikte de tak\u0131mlar\u0131n\u0131 co\u015fkuyla destekledi.<\/p>\n<p style=\"text-align: justify;\">Fenerbah\u00e7e Teknik Direkt\u00f6r\u00fc Cristoph Daum, sakatl\u0131\u011f\u0131 d\u00fczelen Roberto Carlos&#8217;a, Sivasspor ma\u00e7\u0131nda ilk 11&#8217;de g\u00f6rev verdi.<\/p>\n<p style=\"text-align: justify;\">Sar\u0131-lacivertlilerin Macaristan&#8217;\u0131n Honved tak\u0131m\u0131yla 30 Temmuz 2009&#8217;da yapt\u0131\u011f\u0131 UEFA Avrupa Ligi 3. eleme turu ilk ma\u00e7\u0131nda 13. dakikada att\u0131\u011f\u0131 golden sonra sakatlanarak, oyundan \u00e7\u0131kan Roberto Carlos, tedavisinin ard\u0131ndan 16 g\u00fcn sonra tak\u0131mdaki yerini ald\u0131.<\/p>\n<p style=\"text-align: justify;\">Roberto Carlos&#8217;un iyile\u015fmesiyle, ligin ilk haftas\u0131ndaki Denizlispor ilk 11&#8217;inde sahaya \u00e7\u0131kan Vederson, Sivasspor ma\u00e7\u0131nda yedekler aras\u0131nda yer ald\u0131. Sar\u0131-lacivertlilerde, Vederson&#8217;un d\u0131\u015f\u0131nda Denizlispor ma\u00e7\u0131nda ilk 11&#8217;de sahaya \u00e7\u0131kan futbolcular, Sivasspor ma\u00e7\u0131nda da ilk 11&#8217;de oynad\u0131.<\/p>\n<p style=\"text-align: justify;\">Fenerbah\u00e7e, Almanya kamp\u0131nda sakatlanan ve uzun bir tedavi d\u00f6nemi ya\u015fayan Semih ise ilk kez Sivasspor ma\u00e7\u0131nda yedekler aras\u0131nda yer ald\u0131.<\/p>\n<p style=\"text-align: justify;\">Sar\u0131-lacivertlilerde, sakatl\u0131\u011f\u0131 bulunan Mehmet Topuz ile birlikte \u00d6zer, U\u011fur ve Ali de Sivasspor ma\u00e7\u0131 kadrosuna al\u0131nmad\u0131. Sivasspor&#8217;da ise sakatl\u0131klar\u0131 nedeniyle uzun bir s\u00fcre sahalardan uzak kald\u0131ktan sonra hafta i\u00e7i idmanlara \u00e7\u0131kan Mehmet Y\u0131ld\u0131z ve Sezer Badur, Fenerbah\u00e7e kar\u015f\u0131s\u0131nda forma giymedi.<\/p>\n<p style=\"text-align: justify;\">Fenerbah\u00e7e&#8217;nin kaptan\u0131 Alex de Souza, Sivasspor ma\u00e7\u0131yla Turkcell S\u00fcper Lig&#8217;deki 150. ma\u00e7\u0131na \u00e7\u0131kt\u0131. 2004-05 sezonunda geldi\u011fi sar\u0131-lacivertli tak\u0131mda 6. sezonunu ge\u00e7iren Brezilyal\u0131 futbolcu, Sivasspor ma\u00e7\u0131yla birlikte 150. lig ma\u00e7\u0131n\u0131 oynad\u0131. Alex, \u015fu ana kadar ligde sar\u0131-lacivertli formayla 149 ma\u00e7ta 83 gol att\u0131.<\/p>\n<p style=\"text-align: justify;\">Brezilyal\u0131 futbolcu, kar\u015f\u0131la\u015fma \u00f6ncesi seromoniye iki k\u0131z\u0131yla birlikte \u00e7\u0131kt\u0131. Ancak Alex ma\u00e7\u0131n 8. dakikas\u0131nda sol arka adalesinden sakatlanarak yerini Deivid&#8217;e b\u0131rakmak zorunda kald\u0131.<\/p>\n<p style=\"text-align: justify;\">Fenerbah\u00e7eli taraftarlar, sar\u0131-lacivertli tak\u0131mla yeniden anla\u015fan Diego Lugano i\u00e7in daha \u00f6nce bir ma\u00e7ta a\u00e7t\u0131klar\u0131 pankart\u0131 Sivasspor ma\u00e7\u0131nda da a\u00e7t\u0131lar. Lugano&#8217;nun resminin oldu\u011fu pankartta, Uruguayl\u0131 futbolcunun lakab\u0131 olan &#8220;Tota&#8221;\u0131n ba\u015f harflerinden \u0130spanyolca &#8220;Talento, Orgulio, Tecnico, Ambicion&#8221;, &#8220;Yetenek, gurur, teknik, h\u0131rs&#8221; kelimelerini alt alta yaz\u0131ld\u0131\u011f\u0131 pankart, Migros trib\u00fcn\u00fcnde yer ald\u0131.<\/p>\n<p style=\"text-align: justify;\">Fenerbah\u00e7e ile Sivasspor aras\u0131nda yap\u0131lan ma\u00e7ta, iki futbolcu ge\u00e7en sezon formas\u0131n\u0131 giydikleri tak\u0131ma kar\u015f\u0131 m\u00fccadele etti. Ge\u00e7en sezon Sivasspor&#8217;da oynayan Bilica, Fenerbah\u00e7e formas\u0131yla eski tak\u0131m\u0131na kar\u015f\u0131 ilk 11&#8217;de oynarken, sar\u0131-lacivertli tak\u0131mdan Sivasspor&#8217;a transfer olan Yasin \u00c7akmak da Fenerbah\u00e7e&#8217;ye kar\u015f\u0131 yeni tak\u0131m\u0131yla m\u00fccadele etti.<\/p>\n<p style=\"text-align: justify;\"><span style=\"color: #888888;\">CNN T\u00dcDK<\/span><\/p>\n","protected":false},"excerpt":{"rendered":"<p style=\"text-align: center;\">\n<p style=\"text-align: justify;\">Turkcell S\u00fcperlig&#8217;de 2&#8217;nci haftada Fenerbah\u00e7e evinde Sivasspor&#8217;u 3-0 ma\u011flup etti. Fenerbah\u00e7e&#8217;nin gollerini Kaz\u0131m, Emre ve Santos att\u0131.<\/p>\n<p style=\"text-align: justify;\">Turkcell S\u00fcper Lig kar\u015f\u0131la\u015fmas\u0131nda Fenerbah\u00e7e, Sivasspor&#8217;u 3-0 yenerek ikinci hafta sonunda puan\u0131n\u0131 6&#8217;ya \u00e7\u0131kard\u0131.<\/p>\n<p style=\"text-align: justify;\">\u0130lk yar\u0131 <\/p>\n<p style=\"text-align: justify;\">2. dakikada sol \u00e7aprazdan Alex&#8217;in kulland\u0131\u011f\u0131 serbest vuru\u015fta, \u00f6n direkte <\/p>\n","protected":false},"author":1,"featured_media":0,"comment_status":"open","ping_status":"closed","sticky":false,"template":"","format":"standard","meta":{"footnotes":""},"categories":[42],"tags":[],"class_list":["post-13541","post","type-post","status-publish","format-standard","hentry","category-spor","odd"],"_links":{"self":[{"href":"http:\/\/www.korhanyilmaz.com\/index.php?rest_route=\/wp\/v2\/posts\/13541","targetHints":{"allow":["GET"]}}],"collection":[{"href":"http:\/\/www.korhanyilmaz.com\/index.php?rest_route=\/wp\/v2\/posts"}],"about":[{"href":"http:\/\/www.korhanyilmaz.com\/index.php?rest_route=\/wp\/v2\/types\/post"}],"author":[{"embeddable":true,"href":"http:\/\/www.korhanyilmaz.com\/index.php?rest_route=\/wp\/v2\/users\/1"}],"replies":[{"embeddable":true,"href":"http:\/\/www.korhanyilmaz.com\/index.php?rest_route=%2Fwp%2Fv2%2Fcomments&post=13541"}],"version-history":[{"count":0,"href":"http:\/\/www.korhanyilmaz.com\/index.php?rest_route=\/wp\/v2\/posts\/13541\/revisions"}],"wp:attachment":[{"href":"http:\/\/www.korhanyilmaz.com\/index.php?rest_route=%2Fwp%2Fv2%2Fmedia&parent=13541"}],"wp:term":[{"taxonomy":"category","embeddable":true,"href":"http:\/\/www.korhanyilmaz.com\/index.php?rest_route=%2Fwp%2Fv2%2Fcategories&post=13541"},{"taxonomy":"post_tag","embeddable":true,"href":"http:\/\/www.korhanyilmaz.com\/index.php?rest_route=%2Fwp%2Fv2%2Ftags&post=13541"}],"curies":[{"name":"wp","href":"https:\/\/api.w.org\/{rel}","templated":true}]}}