{"id":13530,"date":"2009-08-17T07:16:21","date_gmt":"2009-08-17T04:16:21","guid":{"rendered":"http:\/\/www.korhanyilmaz.com\/?p=13530"},"modified":"2009-08-17T07:16:21","modified_gmt":"2009-08-17T04:16:21","slug":"marmara-depreminin-10-yilinda-olenler-anildi","status":"publish","type":"post","link":"http:\/\/www.korhanyilmaz.com\/?p=13530","title":{"rendered":"Marmara depreminin 10. y\u0131l\u0131nda \u00f6lenler an\u0131ld\u0131"},"content":{"rendered":"<p style=\"text-align: center;\"><a href=\"http:\/\/www.korhanyilmaz.com\/wp-content\/uploads\/2009\/08\/MARMARA_DEPREM\u0130.jpg\"  class=\"lightview\"><img loading=\"lazy\" decoding=\"async\" class=\"aligncenter size-full wp-image-13531\" src=\"http:\/\/www.korhanyilmaz.com\/wp-content\/uploads\/2009\/08\/MARMARA_DEPREM\u0130.jpg\" alt=\"\" width=\"271\" height=\"208\" \/><\/a><\/p>\n<p style=\"text-align: justify;\">Merkez \u00fcss\u00fc Kocaeli&#8217;nin G\u00f6lc\u00fck il\u00e7esi olan ve 17 A\u011fustos 1999&#8217;da meydana gelen 7,4 b\u00fcy\u00fckl\u00fc\u011f\u00fcndeki depremde hayat\u0131n\u0131 kaybedenler felaketin ya\u015fand\u0131\u011f\u0131 saat 03.02&#8217;de an\u0131ld\u0131.<\/p>\n<p style=\"text-align: justify;\"><strong>G\u00d6LC\u00dcK:<\/strong><\/p>\n<p style=\"text-align: justify;\">Marmara depreminde hayat\u0131n\u0131 kaybedenler depremin merkez \u00fcss\u00fc Kocaeli&#8217;nin G\u00f6lc\u00fck il\u00e7esinde t\u00f6renle an\u0131ld\u0131.<\/p>\n<p style=\"text-align: justify;\">Yakla\u015f\u0131k 45 saniye s\u00fcren 7.4 b\u00fcy\u00fckl\u00fc\u011f\u00fcndeki depremde resmi verilere g\u00f6re hayat\u0131n\u0131 kaybeden 17 bin 480 ki\u015fi i\u00e7in, bir b\u00f6l\u00fcm\u00fc depremin ard\u0131ndan sular alt\u0131nda kalan Kavakl\u0131 sahilindeki Deprem An\u0131t\u0131 \u00f6n\u00fcnde t\u00f6ren d\u00fczenlendi.<\/p>\n<p style=\"text-align: justify;\">T\u00f6rene, G\u00f6lc\u00fck Belediye Ba\u015fkan\u0131 Mehmet Ellibe\u015f, depremzedeler, baz\u0131 sivil toplum \u00f6rg\u00fctlerinin temsilcileri ile vatanda\u015flar kat\u0131ld\u0131. Me\u015falelerin yak\u0131ld\u0131\u011f\u0131 t\u00f6rende Mehmet Ellibe\u015f ile sivil toplum \u00f6rg\u00fctlerinin temsilcileri Deprem An\u0131t\u0131 \u00f6n\u00fcne \u00e7elenk b\u0131rakt\u0131. <!--more--><\/p>\n<p style=\"text-align: justify;\">Yere d\u00f6k\u00fclen yan\u0131c\u0131 bir maddeyle &#8220;10. y\u0131l unutmayaca\u011f\u0131z&#8221; yaz\u0131s\u0131 yaz\u0131ld\u0131.<\/p>\n<p style=\"text-align: justify;\">Mehmet Ellibe\u015f, burada yapt\u0131\u011f\u0131 konu\u015fmada, Marmara depreminden gereken dersi herkesin \u00e7\u0131karmas\u0131 gerekti\u011fini s\u00f6yledi. Ellibe\u015f, &#8220;Bu derslerle yar\u0131nlar\u0131m\u0131z\u0131 \u015fekillendirmeliyiz. Bu vesile ile t\u00fcm \u015fehitlerimizi an\u0131yorum. Geride kalan kederli ailelerine ba\u015f sa\u011fl\u0131\u011f\u0131, depremde engelli konumuna d\u00fc\u015fen t\u00fcm hem\u015fehrilerimize sa\u011fl\u0131k diliyorum. Bir kez daha G\u00f6lc\u00fck halk\u0131 ad\u0131na her birinize te\u015fekk\u00fcr ediyorum. Allah rahmet etsin diyorum&#8221; dedi.<\/p>\n<p style=\"text-align: justify;\">Bu s\u0131rada bir ki\u015fi, &#8220;Ba\u015fkan benim d\u00fckkan\u0131m y\u0131k\u0131ld\u0131, ne olacak&#8221; diyerek Mehmet Ellibe\u015f&#8217;in g\u00f6\u011fs\u00fcne yumruk att\u0131. Ya\u015fanan arbedede yere d\u00fc\u015fen ki\u015fi vatanda\u015flar ve g\u00f6revliler taraf\u0131ndan tartakland\u0131.<\/p>\n<p style=\"text-align: justify;\">\u0130sminin Behcet Y. oldu\u011fu \u00f6\u011frenilen ki\u015fi g\u00f6zalt\u0131na al\u0131narak G\u00f6lc\u00fck Merkez Polis Amirli\u011fine g\u00f6t\u00fcr\u00fcld\u00fc. T\u00f6rende, depremin meydana geldi\u011fi saat 03.02&#8217;de sirenler e\u015fli\u011finde bir dakikal\u0131k sayg\u0131 duru\u015funda bulunuldu.<\/p>\n<p style=\"text-align: justify;\">Bu s\u0131rada t\u00f6rene kat\u0131lan baz\u0131 vatanda\u015flar\u0131n g\u00f6zya\u015flar\u0131n\u0131 tutamad\u0131\u011f\u0131 g\u00f6r\u00fcld\u00fc. Sayg\u0131 duru\u015funun ard\u0131ndan dilek fenerleri ile denize \u00e7i\u00e7ek b\u0131rak\u0131ld\u0131.<\/p>\n<p style=\"text-align: justify;\">Yelken kul\u00fcb\u00fc sporcular\u0131, bal\u0131k\u00e7\u0131lar ve baz\u0131 vatanda\u015flar da teknelerle denize a\u00e7\u0131larak anma etkinli\u011fine e\u015flik etti.<\/p>\n<p style=\"text-align: justify;\">G\u00f6lc\u00fck Belediye Ba\u015fkan\u0131 Mehmet Ellibe\u015f, t\u00f6renin ard\u0131ndan u\u011frad\u0131\u011f\u0131 sald\u0131r\u0131 ile ilgili yapt\u0131\u011f\u0131 a\u00e7\u0131klamada, depremde ya\u015fanan travmalar\u0131n aradan 10 y\u0131l ge\u00e7se de hala devam etti\u011fini, ya\u015fad\u0131\u011f\u0131 olay\u0131n normal oldu\u011funu s\u00f6yledi.<\/p>\n<p style=\"text-align: justify;\"><strong>YALOVA:<\/strong><\/p>\n<p style=\"text-align: justify;\">Marmara Depremi&#8217;nde hayat\u0131n\u0131 kaybedenler i\u00e7in Yalova&#8217;da da t\u00f6ren d\u00fczenlendi.<\/p>\n<p style=\"text-align: justify;\">Y\u0131k\u0131lan binalar\u0131n enkaz\u0131 \u00fczerine kurulan Deprem An\u0131t\u0131&#8217;n\u0131 ziyaret eden vatanda\u015flar, hayat\u0131n\u0131 kaybedenlerin isimlerinin yaz\u0131l\u0131 oldu\u011fu beton bloklara \u00e7i\u00e7ek b\u0131rakt\u0131.<\/p>\n<p style=\"text-align: justify;\">An\u0131t i\u00e7inde bulunan foto\u011fraf sergisini de gezen vatanda\u015flar, Mahalle Afet G\u00f6n\u00fcll\u00fcleri Derne\u011fi, Sivil Savunma M\u00fcd\u00fcrl\u00fc\u011f\u00fc ve \u0130zcilik il temsilcili\u011fine ait \u00e7ad\u0131rlar\u0131 da ziyaret etti.<\/p>\n<p style=\"text-align: justify;\">Mahalle Afet G\u00f6n\u00fcll\u00fcleri Derne\u011fi \u00fcyesi bir grup da me\u015falelerle Gazipa\u015fa Caddesi&#8217;nden Deprem An\u0131t\u0131&#8217;na y\u00fcr\u00fcd\u00fc. Grup, an\u0131ta geldi\u011finde &#8220;Sesimizi duyan var m\u0131?&#8221; diye ba\u011f\u0131rd\u0131. T\u00f6rende, Yalova \u0130l M\u00fcft\u00fcl\u00fc\u011f\u00fc g\u00f6revlileri de dualar okuyarak ilahi s\u00f6yledi.<\/p>\n<p style=\"text-align: justify;\">T\u00f6rene Yalova Valisi Mehmet Ersoy ve Belediye Ba\u015fkan\u0131 Yakup Ko\u00e7al da kat\u0131ld\u0131.<\/p>\n<p style=\"text-align: justify;\">Bu arada, yeni evlenen Yaloval\u0131 \u00e7ift Sava\u015f Lokman (39) ile Nuray Sava\u015f Lokman (29) da Deprem An\u0131t\u0131&#8217;na gelerek hayat\u0131n\u0131 kaybedenler i\u00e7in beton bloklara \u00e7i\u00e7ek b\u0131rakt\u0131.<\/p>\n<p style=\"text-align: justify;\">Depremde \u00e7ok say\u0131da arkada\u015f\u0131n\u0131 kaybetti\u011fini belirten Sava\u015f Lokman, &#8220;Allah kimselere bir daha b\u00f6yle ac\u0131 ya\u015fatmas\u0131n. 10 y\u0131l ge\u00e7mesine kar\u015f\u0131n hala o b\u00fcy\u00fck felaketin ac\u0131s\u0131 i\u00e7imizde. Bu y\u00fczden b\u00f6ylesine anlaml\u0131 bir g\u00fcnde d\u00fc\u011f\u00fcnden \u00e7\u0131karak an\u0131t\u0131 ziyaret ettik, yak\u0131nlar\u0131m\u0131z\u0131 and\u0131k&#8221; dedi..<\/p>\n<p style=\"text-align: justify;\">Gen\u00e7 \u00e7ift daha sonra Yalova Mahalle Afet G\u00f6n\u00fcll\u00fcleri Derne\u011fi&#8217;ne \u00fcye oldu.<\/p>\n<p style=\"text-align: justify;\"><strong>ADAPAZARI:<\/strong><\/p>\n<p style=\"text-align: justify;\">Kent Meydan\u0131&#8217;nda toplanan vatanda\u015flar saat 03.02&#8217;de depremde hayat\u0131n\u0131 kaybedenler an\u0131s\u0131na sayg\u0131 duru\u015funda bulunarak \u0130stiklal Mar\u015f\u0131 okudu.<\/p>\n<p style=\"text-align: justify;\">Sakaryaspor taraftarlar\u0131ndan olu\u015fan Tatangalar grubunun d\u00fczenledi\u011fi anma gecesinde D\u00fczce&#8217;den gelen P\u0130 Alternatif Sanat At\u00f6lyesi oyuncular\u0131 &#8220;Deprem Oratoryosu&#8221; ad\u0131n\u0131 verdikleri oyunu sundu.<\/p>\n<p style=\"text-align: justify;\">Dans, m\u00fczik, resim ve tiyatroyu bir arada bar\u0131nd\u0131ran oyunda sanat\u00e7\u0131lar 17 A\u011fustos 1999 Marmara Depremi&#8217;nde ya\u015fanan ac\u0131lar\u0131 canland\u0131rd\u0131.<\/p>\n<p style=\"text-align: justify;\">Tatangalar\u0131n s\u00f6zc\u00fcs\u00fc Murat Ercan, burada yapt\u0131\u011f\u0131 konu\u015fmada depremin \u00fczerinden 10 y\u0131l ge\u00e7mesine ra\u011fmen ya\u015fanan ac\u0131lar\u0131 unutmad\u0131klar\u0131n\u0131 ve asla da unutmayacaklar\u0131n\u0131 s\u00f6yledi.<\/p>\n<p style=\"text-align: justify;\">Depremin anlat\u0131ld\u0131\u011f\u0131 sinevizyon g\u00f6sterisinin ard\u0131ndan Sakarya M\u00fcft\u00fcl\u00fc\u011f\u00fc din g\u00f6revlilerince Kur&#8217;an-\u0131 Kerim ve depremde hayat\u0131n\u0131 kaybedenler i\u00e7in dua okundu.<\/p>\n<p style=\"text-align: justify;\">Depremin oldu\u011fu 03.02&#8217;de Tatangalar grubu kent meydan\u0131nda me\u015faleler yakt\u0131.<\/p>\n<p style=\"text-align: justify;\"><span style=\"color: #888888;\">CNN T\u00dcRK<\/span><\/p>\n","protected":false},"excerpt":{"rendered":"<p style=\"text-align: center;\">\n<p style=\"text-align: justify;\">Merkez \u00fcss\u00fc Kocaeli&#8217;nin G\u00f6lc\u00fck il\u00e7esi olan ve 17 A\u011fustos 1999&#8217;da meydana gelen 7,4 b\u00fcy\u00fckl\u00fc\u011f\u00fcndeki depremde hayat\u0131n\u0131 kaybedenler felaketin ya\u015fand\u0131\u011f\u0131 saat 03.02&#8217;de an\u0131ld\u0131.<\/p>\n<p style=\"text-align: justify;\">G\u00d6LC\u00dcK:<\/p>\n<p style=\"text-align: justify;\">Marmara depreminde hayat\u0131n\u0131 kaybedenler depremin merkez \u00fcss\u00fc Kocaeli&#8217;nin G\u00f6lc\u00fck il\u00e7esinde t\u00f6renle an\u0131ld\u0131.<\/p>\n<p style=\"text-align: justify;\">Yakla\u015f\u0131k 45 saniye s\u00fcren 7.4 b\u00fcy\u00fckl\u00fc\u011f\u00fcndeki depremde resmi verilere <\/p>\n","protected":false},"author":1,"featured_media":0,"comment_status":"open","ping_status":"closed","sticky":false,"template":"","format":"standard","meta":{"footnotes":""},"categories":[105],"tags":[],"class_list":["post-13530","post","type-post","status-publish","format-standard","hentry","category-gundem","odd"],"_links":{"self":[{"href":"http:\/\/www.korhanyilmaz.com\/index.php?rest_route=\/wp\/v2\/posts\/13530","targetHints":{"allow":["GET"]}}],"collection":[{"href":"http:\/\/www.korhanyilmaz.com\/index.php?rest_route=\/wp\/v2\/posts"}],"about":[{"href":"http:\/\/www.korhanyilmaz.com\/index.php?rest_route=\/wp\/v2\/types\/post"}],"author":[{"embeddable":true,"href":"http:\/\/www.korhanyilmaz.com\/index.php?rest_route=\/wp\/v2\/users\/1"}],"replies":[{"embeddable":true,"href":"http:\/\/www.korhanyilmaz.com\/index.php?rest_route=%2Fwp%2Fv2%2Fcomments&post=13530"}],"version-history":[{"count":0,"href":"http:\/\/www.korhanyilmaz.com\/index.php?rest_route=\/wp\/v2\/posts\/13530\/revisions"}],"wp:attachment":[{"href":"http:\/\/www.korhanyilmaz.com\/index.php?rest_route=%2Fwp%2Fv2%2Fmedia&parent=13530"}],"wp:term":[{"taxonomy":"category","embeddable":true,"href":"http:\/\/www.korhanyilmaz.com\/index.php?rest_route=%2Fwp%2Fv2%2Fcategories&post=13530"},{"taxonomy":"post_tag","embeddable":true,"href":"http:\/\/www.korhanyilmaz.com\/index.php?rest_route=%2Fwp%2Fv2%2Ftags&post=13530"}],"curies":[{"name":"wp","href":"https:\/\/api.w.org\/{rel}","templated":true}]}}