{"id":13504,"date":"2009-08-16T08:01:27","date_gmt":"2009-08-16T05:01:27","guid":{"rendered":"http:\/\/www.korhanyilmaz.com\/?p=13504"},"modified":"2009-08-16T08:01:27","modified_gmt":"2009-08-16T05:01:27","slug":"pkk-gosterisinde-1-polis-sehit-oldu","status":"publish","type":"post","link":"http:\/\/www.korhanyilmaz.com\/?p=13504","title":{"rendered":"PKK g\u00f6sterisinde 1 polis \u015fehit oldu"},"content":{"rendered":"<p style=\"text-align: justify;\"><a href=\"http:\/\/www.korhanyilmaz.com\/wp-content\/uploads\/2009\/08\/gosteri.jpg\"  class=\"lightview\"><img loading=\"lazy\" decoding=\"async\" class=\"aligncenter size-full wp-image-13505\" src=\"http:\/\/www.korhanyilmaz.com\/wp-content\/uploads\/2009\/08\/gosteri.jpg\" alt=\"\" width=\"292\" height=\"197\" \/><\/a><\/p>\n<p style=\"text-align: justify;\">Adana&#8217;da ter\u00f6r \u00f6rg\u00fct\u00fc PKK sempatizanlar\u0131n\u0131n d\u00fczenledi\u011fi korsan g\u00f6steri s\u0131ras\u0131nda bir polis memuru b\u0131\u00e7aklanarak \u015fehit oldu.<\/p>\n<p style=\"text-align: justify;\">Da\u011fl\u0131o\u011flu Mahallesi Karasu kav\u015fa\u011f\u0131nda saat 20.30 s\u0131ralar\u0131nda toplanan yakla\u015f\u0131k 500 ki\u015fi, PKK&#8217;n\u0131n kanl\u0131 eylemlerine ba\u015flamas\u0131n\u0131n y\u0131ld\u00f6n\u00fcm\u00fc nedeniyle yasad\u0131\u015f\u0131 g\u00f6steri yapmaya ba\u015flad\u0131.<\/p>\n<p style=\"text-align: justify;\">Ter\u00f6r \u00f6rg\u00fct\u00fc lehine slogan atan, halay \u00e7eken grup, saat 21.00 s\u0131ralar\u0131nda polisi ta\u015flamaya ba\u015flay\u0131nca, g\u00fcvenlik g\u00fc\u00e7leri m\u00fcdahale etti.<\/p>\n<p style=\"text-align: justify;\">\u00c7evik kuvvet polislerinin, panzerle su s\u0131karak da\u011f\u0131tt\u0131\u011f\u0131 g\u00f6stericiler ara sokaklarda 25-30 ki\u015filik gruplar halinde topland\u0131. <!--more--><\/p>\n<p style=\"text-align: justify;\">Saat 21.15 s\u0131ralar\u0131nda sokakta toplanan grubu da\u011f\u0131tmak i\u00e7in gaz bombas\u0131 at\u0131ld\u0131.<\/p>\n<p style=\"text-align: justify;\">Arbede s\u0131ras\u0131nda \u00e7evik kuvvet \u015fube m\u00fcd\u00fcr\u00fcn\u00fcn \u015fof\u00f6r\u00fc polis memuru Ferdi \u00d6zkan b\u0131\u00e7akland\u0131.<\/p>\n<p style=\"text-align: justify;\">Sol koltuk alt\u0131ndan b\u0131\u00e7aklanarak a\u011f\u0131r yaralanan \u00d6zkan, ambulansla Adana Numune Hastanesi&#8217;ne g\u00f6t\u00fcr\u00fcld\u00fc.<\/p>\n<p style=\"text-align: justify;\">Emniyet M\u00fcd\u00fcr\u00fc Salih Kesmez, hastaneye giderek, polisin durumuyla yak\u0131ndan ilgilendi.<\/p>\n<p style=\"text-align: justify;\">Olay yerinde ara\u015ft\u0131rma yapan polis, meslekta\u015flar\u0131n\u0131 b\u0131\u00e7aklayan sald\u0131rgan\u0131 ararken, bu olay sonras\u0131 g\u00f6stericiler da\u011f\u0131ld\u0131.<\/p>\n<p style=\"text-align: justify;\"><span style=\"color: #888888;\">CNN T\u00dcRK<\/span><\/p>\n","protected":false},"excerpt":{"rendered":"<p style=\"text-align: justify;\">\n<p style=\"text-align: justify;\">Adana&#8217;da ter\u00f6r \u00f6rg\u00fct\u00fc PKK sempatizanlar\u0131n\u0131n d\u00fczenledi\u011fi korsan g\u00f6steri s\u0131ras\u0131nda bir polis memuru b\u0131\u00e7aklanarak \u015fehit oldu.<\/p>\n<p style=\"text-align: justify;\">Da\u011fl\u0131o\u011flu Mahallesi Karasu kav\u015fa\u011f\u0131nda saat 20.30 s\u0131ralar\u0131nda toplanan yakla\u015f\u0131k 500 ki\u015fi, PKK&#8217;n\u0131n kanl\u0131 eylemlerine ba\u015flamas\u0131n\u0131n y\u0131ld\u00f6n\u00fcm\u00fc nedeniyle yasad\u0131\u015f\u0131 g\u00f6steri yapmaya ba\u015flad\u0131.<\/p>\n<p style=\"text-align: justify;\">Ter\u00f6r \u00f6rg\u00fct\u00fc lehine slogan atan, halay \u00e7eken grup, saat 21.00 <\/p>\n","protected":false},"author":1,"featured_media":0,"comment_status":"open","ping_status":"closed","sticky":false,"template":"","format":"standard","meta":{"footnotes":""},"categories":[105],"tags":[],"class_list":["post-13504","post","type-post","status-publish","format-standard","hentry","category-gundem","odd"],"_links":{"self":[{"href":"http:\/\/www.korhanyilmaz.com\/index.php?rest_route=\/wp\/v2\/posts\/13504","targetHints":{"allow":["GET"]}}],"collection":[{"href":"http:\/\/www.korhanyilmaz.com\/index.php?rest_route=\/wp\/v2\/posts"}],"about":[{"href":"http:\/\/www.korhanyilmaz.com\/index.php?rest_route=\/wp\/v2\/types\/post"}],"author":[{"embeddable":true,"href":"http:\/\/www.korhanyilmaz.com\/index.php?rest_route=\/wp\/v2\/users\/1"}],"replies":[{"embeddable":true,"href":"http:\/\/www.korhanyilmaz.com\/index.php?rest_route=%2Fwp%2Fv2%2Fcomments&post=13504"}],"version-history":[{"count":0,"href":"http:\/\/www.korhanyilmaz.com\/index.php?rest_route=\/wp\/v2\/posts\/13504\/revisions"}],"wp:attachment":[{"href":"http:\/\/www.korhanyilmaz.com\/index.php?rest_route=%2Fwp%2Fv2%2Fmedia&parent=13504"}],"wp:term":[{"taxonomy":"category","embeddable":true,"href":"http:\/\/www.korhanyilmaz.com\/index.php?rest_route=%2Fwp%2Fv2%2Fcategories&post=13504"},{"taxonomy":"post_tag","embeddable":true,"href":"http:\/\/www.korhanyilmaz.com\/index.php?rest_route=%2Fwp%2Fv2%2Ftags&post=13504"}],"curies":[{"name":"wp","href":"https:\/\/api.w.org\/{rel}","templated":true}]}}