{"id":13498,"date":"2009-08-15T16:25:13","date_gmt":"2009-08-15T13:25:13","guid":{"rendered":"http:\/\/www.korhanyilmaz.com\/?p=13498"},"modified":"2009-08-15T16:25:13","modified_gmt":"2009-08-15T13:25:13","slug":"mhpnin-afisi-kaldirildi","status":"publish","type":"post","link":"http:\/\/www.korhanyilmaz.com\/?p=13498","title":{"rendered":"MHP&#039;nin afi\u015fi kald\u0131r\u0131ld\u0131"},"content":{"rendered":"<p><a href=\"http:\/\/www.korhanyilmaz.com\/wp-content\/uploads\/2009\/08\/afis.jpg\"  class=\"lightview\"><img loading=\"lazy\" decoding=\"async\" class=\"aligncenter size-full wp-image-13499\" title=\"afis\" src=\"http:\/\/www.korhanyilmaz.com\/wp-content\/uploads\/2009\/08\/afis.jpg\" alt=\"afis\" width=\"500\" height=\"176\" \/><\/a><\/p>\n<p style=\"text-align: justify;\">Ba\u015fbakan Erdo\u011fan&#8217;n\u0131n B\u00fcy\u00fckadada&#8217;da sivil toplum kurulu\u015flar\u0131 ve az\u0131nl\u0131k liderleriyle yapaca\u011f\u0131 g\u00f6r\u00fc\u015fme \u00f6ncesi adada hareketli saatler ya\u015fand\u0131.<\/p>\n<p style=\"text-align: justify;\">B\u00fcy\u00fckada \u0130skelesi&#8217;nin korkuluklar\u0131na MHP \u0130l\u00e7e Ba\u015fkan\u0131 Yahya Bayrak taraf\u0131ndan ast\u0131r\u0131lan ve Mevlanan\u0131n s\u00f6zlerinin bulundu\u011fu afi\u015f, apar topar topland\u0131.<\/p>\n<p style=\"text-align: justify;\">Afi\u015fi toplayanlar iskeleden uzakla\u015ft\u0131. Apar topar toplanan afi\u015fte :<\/p>\n<p style=\"text-align: justify;\"><em><strong>&#8220;K\u00f6r cehalet \u00e7irkefle\u015ftirir adam\u0131, suskunlu\u011fum asaletimdendir. Her lafa verecek bir cevab\u0131m var. Lakin; bir lafa bakar\u0131m, laf m\u0131 diye. Bir de s\u00f6yleyene bakar\u0131m adam m\u0131 diye.&#8221;<\/strong><\/em><\/p>\n<p style=\"text-align: justify;\"><em><strong>&#8221; Bu m\u0131sralar s\u00f6zde Ermeni soyk\u0131r\u0131m\u0131 i\u00e7in \u00f6z\u00fcr kampanyas\u0131 ba\u015flatan, K\u0131br\u0131s&#8217;\u0131 pe\u015fke\u015f \u00e7ekmek i\u00e7in u\u011fra\u015f veren, bin y\u0131ll\u0131k karde\u015fli\u011fimizi yok say\u0131p \u00fclkemizi kaosa s\u00fcr\u00fcklemeye \u00e7al\u0131\u015fan 12 k\u00f6t\u00fc adama ithaf olunur&#8221; <\/strong><\/em><\/p>\n<p style=\"text-align: justify;\">yaz\u0131yordu.<\/p>\n<p><span style=\"color: #888888;\">Kaynak : Haber Ajanslar\u0131<\/span><\/p>\n","protected":false},"excerpt":{"rendered":"<\/p>\n<p style=\"text-align: justify;\">Ba\u015fbakan Erdo\u011fan&#8217;n\u0131n B\u00fcy\u00fckadada&#8217;da sivil toplum kurulu\u015flar\u0131 ve az\u0131nl\u0131k liderleriyle yapaca\u011f\u0131 g\u00f6r\u00fc\u015fme \u00f6ncesi adada hareketli saatler ya\u015fand\u0131.<\/p>\n<p style=\"text-align: justify;\">B\u00fcy\u00fckada \u0130skelesi&#8217;nin korkuluklar\u0131na MHP \u0130l\u00e7e Ba\u015fkan\u0131 Yahya Bayrak taraf\u0131ndan ast\u0131r\u0131lan ve Mevlanan\u0131n s\u00f6zlerinin bulundu\u011fu afi\u015f, apar topar topland\u0131.<\/p>\n<p style=\"text-align: justify;\">Afi\u015fi toplayanlar iskeleden uzakla\u015ft\u0131. Apar topar toplanan afi\u015fte :<\/p>\n<p style=\"text-align: justify;\">&#8220;K\u00f6r cehalet \u00e7irkefle\u015ftirir <\/p>\n","protected":false},"author":1,"featured_media":0,"comment_status":"open","ping_status":"closed","sticky":false,"template":"","format":"standard","meta":{"footnotes":""},"categories":[105],"tags":[],"class_list":["post-13498","post","type-post","status-publish","format-standard","hentry","category-gundem","odd"],"_links":{"self":[{"href":"http:\/\/www.korhanyilmaz.com\/index.php?rest_route=\/wp\/v2\/posts\/13498","targetHints":{"allow":["GET"]}}],"collection":[{"href":"http:\/\/www.korhanyilmaz.com\/index.php?rest_route=\/wp\/v2\/posts"}],"about":[{"href":"http:\/\/www.korhanyilmaz.com\/index.php?rest_route=\/wp\/v2\/types\/post"}],"author":[{"embeddable":true,"href":"http:\/\/www.korhanyilmaz.com\/index.php?rest_route=\/wp\/v2\/users\/1"}],"replies":[{"embeddable":true,"href":"http:\/\/www.korhanyilmaz.com\/index.php?rest_route=%2Fwp%2Fv2%2Fcomments&post=13498"}],"version-history":[{"count":0,"href":"http:\/\/www.korhanyilmaz.com\/index.php?rest_route=\/wp\/v2\/posts\/13498\/revisions"}],"wp:attachment":[{"href":"http:\/\/www.korhanyilmaz.com\/index.php?rest_route=%2Fwp%2Fv2%2Fmedia&parent=13498"}],"wp:term":[{"taxonomy":"category","embeddable":true,"href":"http:\/\/www.korhanyilmaz.com\/index.php?rest_route=%2Fwp%2Fv2%2Fcategories&post=13498"},{"taxonomy":"post_tag","embeddable":true,"href":"http:\/\/www.korhanyilmaz.com\/index.php?rest_route=%2Fwp%2Fv2%2Ftags&post=13498"}],"curies":[{"name":"wp","href":"https:\/\/api.w.org\/{rel}","templated":true}]}}