{"id":13494,"date":"2009-08-15T10:42:03","date_gmt":"2009-08-15T07:42:03","guid":{"rendered":"http:\/\/www.korhanyilmaz.com\/?p=13494"},"modified":"2009-08-15T10:42:03","modified_gmt":"2009-08-15T07:42:03","slug":"toplu-gorusmede-tartisma","status":"publish","type":"post","link":"http:\/\/www.korhanyilmaz.com\/?p=13494","title":{"rendered":"Toplu g\u00f6r\u00fc\u015fmede tart\u0131\u015fma"},"content":{"rendered":"<p style=\"text-align: justify;\"><a href=\"http:\/\/www.korhanyilmaz.com\/wp-content\/uploads\/2009\/08\/toplu_sozlesme.jpg\"  class=\"lightview\"><img loading=\"lazy\" decoding=\"async\" class=\"aligncenter size-full wp-image-13495\" src=\"http:\/\/www.korhanyilmaz.com\/wp-content\/uploads\/2009\/08\/toplu_sozlesme.jpg\" alt=\"\" width=\"329\" height=\"210\" \/><\/a><\/p>\n<p style=\"text-align: justify;\">Memurlar ile h\u00fck\u00fcmetin ilk bulu\u015fmas\u0131 gergin ba\u015flad\u0131.<\/p>\n<p style=\"text-align: justify;\">Toplu g\u00f6r\u00fc\u015fme masas\u0131nda sendikalar \u00f6nce bakanla, sonra birbirleriyle kap\u0131\u015ft\u0131. Memur-Sen temsilcisi, \u201cSokmay\u0131n kargay\u0131 g\u00fcl olan ba\u011fa, g\u00fcbre m\u00fcptelas\u0131 b\u00fclb\u00fcllenmesin\u201d deyince Kamu-Sen, \u201cBize karga diyorlar\u201d diyerek ayakland\u0131.<\/p>\n<p style=\"text-align: justify;\">Kamu-Sen\u2019liler \u015eair Nef\u2019i\u2019nin \u201cTahir Bey bana kelp dedi&#8230;\u201d dizelerini g\u00f6nderince tart\u0131\u015fma b\u00fcy\u00fcd\u00fc. Ara verilmesi de gerilimi azaltmad\u0131, Memur-Sen temsilcileri Kamu-Sen heyetine \u2019Yalaka\u2019 diye ba\u011f\u0131rd\u0131 ve yumruklar devreye girdi.<\/p>\n<p style=\"text-align: justify;\">Yakla\u015f\u0131k 2.5 milyon memurun 2010 y\u0131l\u0131 maa\u015f zamlar\u0131 ile sosyal haklar\u0131n\u0131 belirleyecek toplu g\u00f6r\u00fc\u015fmelerin ilk g\u00fcn\u00fc gerilimle ba\u015flad\u0131, tart\u0131\u015fmayla s\u00fcrd\u00fc, kavgayla bitti&#8230; Toplu g\u00f6r\u00fc\u015fmenin ilk saatlerinde canl\u0131 yay\u0131nda Devlet Bakan\u0131 Hayati Yaz\u0131c\u0131\u2019yla tart\u0131\u015fan konfederasyon heyetleri, gerilim art\u0131p saatler ilerledik\u00e7e birbirleriyle kavga ettiler. Toplu g\u00f6r\u00fc\u015fme, masada bug\u00fcne kadar hi\u00e7 ya\u015fanmam\u0131\u015f bir \u201ckarga-g\u00fcbre-k\u00f6pek&#8230;\u201d tart\u0131\u015fmas\u0131 ve ard\u0131ndan gelen \u201cyalaka\u201d hakaretleri aras\u0131nda sona erdi. Toplant\u0131n\u0131n sonunda Bakan Yaz\u0131c\u0131\u2019n\u0131n bitkin d\u00fc\u015ft\u00fc\u011f\u00fc, \u015fa\u015fk\u0131nl\u0131\u011f\u0131n\u0131 gizleyemeyerek, \u00e7evresindekilere \u201cBu y\u0131l ne oluyor, nedir bu olup bitenler?\u201d demekten kendini alamad\u0131\u011f\u0131 belirtildi. <!--more--><\/p>\n<p style=\"text-align: justify;\"><strong>CANLI YAYINDA \u015eOK&#8230; <\/strong><\/p>\n<p style=\"text-align: justify;\">Kamu \u00e7al\u0131\u015fanlar\u0131n\u0131n gelecek y\u0131lki ekonomik ve sosyal haklar\u0131n\u0131 belirlemek \u00fczere kurulan toplu g\u00f6r\u00fc\u015fme masas\u0131 sabah saatlerinde \u201cHay\u0131rl\u0131 olsun\u201d dilekleriyle a\u00e7\u0131ld\u0131. Ancak canl\u0131 yay\u0131nda toplant\u0131y\u0131 a\u00e7an Bakan Yaz\u0131c\u0131, konu\u015fma yapmak \u00fczere memur temsilcilerine s\u00f6z hakk\u0131 vermeyince ortal\u0131k kar\u0131\u015ft\u0131. Bakan, \u201cSiz d\u0131\u015farda a\u00e7\u0131klama yapmad\u0131n\u0131z m\u0131?\u201d deyince, konfederasyon ba\u015fkanlar\u0131 Bakan Yaz\u0131c\u0131\u2019yla kameralar\u0131n \u00f6n\u00fcnde tart\u0131\u015fmaya girdi. Kar\u015f\u0131l\u0131kl\u0131 s\u00f6z d\u00fcellosunun s\u00fcrmesi \u00fczerine Bakan, geri ad\u0131m atmak zorunda kald\u0131. Konfederasyon ba\u015fkanlar\u0131na a\u00e7\u0131l\u0131\u015f konu\u015fmas\u0131 yapma hakk\u0131 verdi.<\/p>\n<p style=\"text-align: justify;\"><strong>\u201cGAYR\u0130ME\u015eRU\u201d \u00c7IKI\u015eI&#8230;<\/strong><\/p>\n<p style=\"text-align: justify;\">Bu ilk gerilimin biraz yat\u0131\u015fmas\u0131n\u0131n ard\u0131ndan KESK Ba\u015fkan\u0131 Sami Evren konu\u015fmas\u0131na ba\u015flay\u0131nca bu kez de masada \u201cgayrime\u015fru\u201d tart\u0131\u015fmas\u0131 \u00e7\u0131kt\u0131. KESK Ba\u015fkan\u0131 Evren konu\u015fmas\u0131nda, \u201cBu toplant\u0131 me\u015fru de\u011fildir\u201d deyince, Bakan Yaz\u0131c\u0131 tepki g\u00f6stererek \u201cNe demek bu? Yani gayrime\u015fru mu bu?\u201d diye \u00e7\u0131k\u0131\u015ft\u0131 ve gerilim y\u00fckseldi. Evren, \u201cBu toplant\u0131 resmi olarak bir \u015fey ifade etmiyor demek. Yasa kad\u00fck kalm\u0131\u015ft\u0131r demek. Bu masan\u0131n da\u011f\u0131lmas\u0131 laz\u0131m\u201d dedi. Bunun \u00fczerine Bakan Yaz\u0131c\u0131 s\u00f6z alarak, \u201cBak\u0131n insan\u0131n dili \u00f6nemlidir. \u00d6yle bir s\u00f6zc\u00fck kullan\u0131rs\u0131n\u0131z ki, \u00e7\u00f6z\u00fclecek sorunlar\u0131 kilitler. \u2019Bu masay\u0131 verimli bulmuyorum\u2019 diyebilirsiniz ama \u2019Me\u015fru bulmuyorum\u2019 demek ne demek? Bu masa gayrime\u015fru demektir. Biz yasal, zemini olmayan bir i\u015f mi yapt\u0131k? Bu y\u00fczden ben bu laf\u0131 bir dil s\u00fcr\u00e7mesi olarak de\u011ferlendiriyorum\u201d diye konu\u015ftu. Kar\u015f\u0131l\u0131kl\u0131 s\u00f6z d\u00fcellosuyla ya\u015fanan bu tart\u0131\u015fma da kameralar \u00f6n\u00fcnde ya\u015fan\u0131rken, Bakan Yaz\u0131c\u0131\u2019n\u0131n bu konuyla ilgili sendika ba\u015fkanlar\u0131na sitem etti\u011fi \u00f6\u011frenildi.<\/p>\n<p style=\"text-align: justify;\"><strong>\u201cB\u0130ZE K\u00dcF\u00dcR ETT\u0130LER\u201d<\/strong><\/p>\n<p style=\"text-align: justify;\">Ancak masada ya\u015fanan gerilim bununla bitmedi. Gerilen sinirler, bas\u0131n mensuplar\u0131 toplant\u0131 salonundan \u00e7\u0131kar\u0131ld\u0131ktan sonra da bir ba\u015fka bi\u00e7im ald\u0131. Toplant\u0131n\u0131n \u201cg\u00fcndemi belirleme\u201d k\u0131sm\u0131na ge\u00e7ildi\u011finde Kamu-Sen ile Memur-Sen aras\u0131nda anla\u015fmazl\u0131k \u00e7\u0131kt\u0131. Kamu-Sen\u2019in ge\u00e7en y\u0131l al\u0131nan ancak h\u00fck\u00fcmetin hayata ge\u00e7irmedi\u011fi h\u00fck\u00fcmlerin bu y\u0131lki g\u00fcndemin ilk s\u0131ras\u0131na yerle\u015fmesi konusundaki \u0131srar\u0131na Memur-Sen tepki g\u00f6sterdi. Bununla ilgili s\u00f6z alan Memur-Sen temsilcisi aya\u011fa kalkarak, \u201cSize sadece Revai\u2019den bir d\u00f6rtl\u00fck okumak istiyorum\u201d dedi ve \u015fu d\u00f6rtl\u00fc\u011f\u00fc okudu:<\/p>\n<p style=\"text-align: justify;\">\u201cBenden selam s\u00f6ylen \u00e7att\u0131m \u00e7ana\u011fa,<\/p>\n<p style=\"text-align: justify;\">Korkmad\u0131ktan sonra g\u00fcl g\u00fcllenmesin<\/p>\n<p style=\"text-align: justify;\">Sokmay\u0131n kargay\u0131 g\u00fcl olan ba\u011fa<\/p>\n<p style=\"text-align: justify;\">G\u00fcbre m\u00fcptelas\u0131 b\u00fclb\u00fcllenmesin\u201d<\/p>\n<p style=\"text-align: justify;\">Bu s\u00f6zler \u00fczerine masada b\u00fcy\u00fck bir tart\u0131\u015fma ya\u015fan\u0131rken, Kamu-Sen heyeti aya\u011fa kalkarak, \u201cBize \u2019g\u00fcbre m\u00fcptelas\u0131 karga\u2019 dedi. Bize k\u00fcf\u00fcr etti\u201d diyerek tepki g\u00f6sterdi. Memur-Sen heyeti \u201cSiz neden \u00fczerinize al\u0131n\u0131yorsunuz? Biz kimseye demedik\u201d dese de iki heyet aras\u0131ndaki tart\u0131\u015fman\u0131n dozu y\u00fckseldi. Bu arada Kamu-Sen heyetinden Memur-Sen heyetine k\u00fc\u00e7\u00fck bir not ka\u011f\u0131d\u0131 gitti. Ka\u011f\u0131tta, \u015eair Nef\u2019i\u2019nin \u00fcnl\u00fc d\u00f6rtl\u00fc\u011f\u00fc yaz\u0131yordu.<\/p>\n<p style=\"text-align: justify;\">\u201cTahir Efendi bana kelp demi\u015f<\/p>\n<p style=\"text-align: justify;\">\u0130ltifat\u0131 bu s\u00f6zde z\u00e2hirdir.<\/p>\n<p style=\"text-align: justify;\">Malik\u00ee mezhebim benim, zira<\/p>\n<p style=\"text-align: justify;\">\u0130tikad\u0131mca kelp tahirdir\u201d<\/p>\n<p style=\"text-align: justify;\">Memur-Sen\u2019lilerin, \u201cBize k\u00f6pek denmi\u015ftir\u201d diyerek tepki g\u00f6stermesi \u00fczerine kavga \u00e7\u0131k\u0131nca Bakan, toplant\u0131ya ara vermek zorunda kald\u0131.<\/p>\n<p style=\"text-align: justify;\"><strong>VE ARBEDE \u00c7IKTI <\/strong><\/p>\n<p style=\"text-align: justify;\">Verilen ara \u00fczerine salonun d\u0131\u015f\u0131na \u00e7\u0131kan heyetler aras\u0131nda tart\u0131\u015fma s\u00fcrerken, Memur-Sen heyetinden bir temsilcinin Kamu-Sen temsilcisine \u201cYalaka\u201d diye ba\u011f\u0131rmas\u0131 \u00fczerine beklenen oldu. Saatlerdir s\u00fcren gerilim bu s\u00f6zle birlikte arbedeye d\u00f6n\u00fc\u015ft\u00fc. \u0130ti\u015f kak\u0131\u015f ya\u015fan\u0131rken, yumruklar\u0131n havalanmas\u0131 \u00fczerine salondaki iki konfederasyon ba\u015fkan\u0131 koridora \u00e7\u0131kt\u0131 ve arbede sona erdi.<\/p>\n<p style=\"text-align: justify;\"><strong>BAKAN B\u0130TK\u0130N D\u00dc\u015eT\u00dc<\/strong><\/p>\n<p style=\"text-align: justify;\">Yeniden salona d\u00f6nen heyetlerle k\u0131sa bir s\u00fcre daha s\u00fcren toplant\u0131n\u0131n ard\u0131ndan toplu g\u00f6r\u00fc\u015fmeler kapsam\u0131ndaki ilk toplant\u0131n\u0131n sona erdi\u011fi a\u00e7\u0131kland\u0131. Toplant\u0131n\u0131n ard\u0131ndan baz\u0131 b\u00fcrokratlar, Bakan Hayati Yaz\u0131c\u0131\u2019n\u0131n bitkin d\u00fc\u015ft\u00fc\u011f\u00fcn\u00fc belirtti.<\/p>\n<p style=\"text-align: justify;\">\u2018Masada bakan\u0131n bile inisiyatifi yok, son s\u00f6z Ba\u015fbakan\u2019da\u2019<\/p>\n<p style=\"text-align: justify;\">Toplu g\u00f6r\u00fc\u015fme masas\u0131nda kimsenin bir inisiyatifi olmad\u0131\u011f\u0131n\u0131 ve son s\u00f6z\u00fcn burada s\u00f6ylenmedi\u011fini vurgulayan KESK Ba\u015fkan\u0131 Sami Evren, \u201cBu masa me\u015fru de\u011fildir. Say\u0131n Bakan da dahil burada hi\u00e7 kimsenin inisiyatifi yok. Son s\u00f6z burada s\u00f6ylenmiyor. Hatta Uzla\u015ft\u0131rma Kurulu\u2019nun kararlar\u0131 bile dikkate al\u0131nm\u0131yor. Son s\u00f6z\u00fcn Ba\u015fbakan\u2019da oldu\u011fu, bizlerin iradesinin hi\u00e7bir anlam ta\u015f\u0131mad\u0131\u011f\u0131 bir platform toplu g\u00f6r\u00fc\u015fme masas\u0131. Ben irademizi bu nedenle bu masaya teslim etmek istemiyorum. Bu toplant\u0131 bu nedenlerden \u00f6t\u00fcr\u00fc bir \u015fey ifade etmiyor\u201d dedi.<\/p>\n<p style=\"text-align: justify;\">KESK Ba\u015fkan\u0131 Evren\u2019in bu s\u00f6zleri \u00fczerine Bakan Yaz\u0131c\u0131 sert tepki g\u00f6sterdi. Ancak toplant\u0131n\u0131n ba\u015flamas\u0131n\u0131n ard\u0131ndan KESK heyeti toplant\u0131 masas\u0131n\u0131 terketti.<\/p>\n<p style=\"text-align: justify;\"><strong><em>\u2018Bask\u0131, ayr\u0131mc\u0131l\u0131k, kadrola\u015fma ve s\u00fcrg\u00fcn dolu bir y\u0131ld\u0131\u2019 <\/em><\/strong><\/p>\n<p style=\"text-align: justify;\">T\u00fcrkiye Kamu-Sen Genel Ba\u015fkan\u0131 Bircan Aky\u0131ld\u0131z, konu\u015fmas\u0131nda \u201cGayretimiz ve iyi niyetimiz ne yaz\u0131k ki i\u00e7erideki heyet taraf\u0131ndan ayn\u0131 samimiyetle kar\u015f\u0131l\u0131k bulmam\u0131\u015ft\u0131r\u201d dedi. Aky\u0131ld\u0131z, \u201cSon d\u00f6nemlerde b\u00fcrokratlar\u0131n, kamu \u00e7al\u0131\u015fanlar\u0131n\u0131n aras\u0131nda ayr\u0131\u015ft\u0131rma politikalar\u0131 uygulad\u0131\u011f\u0131 g\u00f6zden ka\u00e7mamaktad\u0131r. Bask\u0131, ayr\u0131mc\u0131l\u0131k, s\u00fcrg\u00fcn, kadrola\u015fma ve adam kay\u0131rman\u0131n had safhaya ula\u015ft\u0131\u011f\u0131 bir y\u0131l\u0131 geride b\u0131rakarak toplu g\u00f6r\u00fc\u015fme d\u00f6nemine girdik. Yap\u0131lan bask\u0131, ayr\u0131mc\u0131l\u0131k ve y\u0131ld\u0131rma politikalar\u0131n\u0131 \u015fiddetle k\u0131n\u0131yor, hukuksuz uygulamalar\u0131 ve uygulayanlar\u0131 not etti\u011fimizi bildiriyoruz\u201d diye konu\u015ftu.<\/p>\n<p style=\"text-align: justify;\">Bu s\u00f6zler \u00fczerine s\u00f6z alan Devlet Bakan\u0131 Hayati Yaz\u0131c\u0131, Aky\u0131ld\u0131z\u2019a d\u00f6nerek sert tepki g\u00f6sterdi. Yaz\u0131c\u0131, ayr\u0131mc\u0131l\u0131\u011f\u0131n \u00f6nemli bir itham oldu\u011funu belirterek ellerinde bilgi belge olmadan konu\u015fmamalar\u0131 gerekti\u011fini belirtti. Aky\u0131ld\u0131z da ellerinde bilgi, belge olmadan konu\u015fmad\u0131klar\u0131n\u0131 vurgulad\u0131. Memur-Sen Genel Ba\u015fkan\u0131 Ahmet G\u00fcndo\u011fdu ise, h\u00fck\u00fcmetin bir ay \u00f6nce kamuda \u00e7al\u0131\u015fan i\u015f\u00e7iler ile toplu s\u00f6zle\u015fme imzalad\u0131\u011f\u0131n\u0131 an\u0131msatarak, \u201c\u0130\u015f\u00e7i ve memur \u00e7al\u0131\u015f\u0131rken \u00fcretirken e\u015fit ama hak aramaya geldi\u011finde i\u015f\u00e7iler payda\u015f olarak kabul ediliyor. Biz ise rica etmek zorunda kal\u0131yoruz\u201d dedi.<\/p>\n<p style=\"text-align: justify;\"><strong><em>Kamu-Sen\u2019in g\u00fcndem maddesi kabul edildi<\/em><\/strong><\/p>\n<p style=\"text-align: justify;\">Memur-Sen ile Kamu-Sen aras\u0131nda \u201cyalaka\u201d tart\u0131\u015fmas\u0131na neden olan Kamu Sen\u2019in g\u00fcndem maddesi \u00f6nerisi kabul edildi. Kamu-Sen g\u00f6r\u00fc\u015fmelerde ilk olarak ge\u00e7en y\u0131l\u0131n muhasebesinin yap\u0131lmas\u0131 ve mutabakat metninin gereklerinin ne kadar\u0131n\u0131n yerine getirilip getirilmedi\u011finin ortaya konulmas\u0131n\u0131 istemi\u015f, bunun ilk g\u00fcndem maddesi olmas\u0131nda diretmi\u015fti. Yap\u0131lan de\u011ferlendirmelerin ard\u0131ndan toplu g\u00f6r\u00fc\u015fmelerin ilk g\u00fcndem maddesi, ge\u00e7en y\u0131lki mutabakat metni sonu\u00e7lar\u0131n\u0131n de\u011ferlendirilmesi oldu. 19 Aral\u0131k\u2019ta yeniden yap\u0131lacak olan ikinci toplant\u0131da bu madde ilk g\u00fcndem maddesi olarak konu\u015fulacak.<\/p>\n<p style=\"text-align: justify;\">20 ve 22 A\u011fustos\u2019ta ger\u00e7ekle\u015fecek g\u00f6r\u00fc\u015fmelerde ise, kamuda farkl\u0131 istihdam \u015fekillerinden kaynaklanan sorunlar, \u00e7al\u0131\u015fma \u015fartlar\u0131 ve grevli toplu s\u00f6zle\u015fmeli sendika hakk\u0131 konu\u015fulacak. 25 A\u011fustos\u2019tan itibaren ise zam talepleri g\u00fcndeme gelecek.<\/p>\n<p style=\"text-align: justify;\"><strong><em>KESK, t\u00fcm AKP il binalar\u0131na siyah \u00e7elenk koyacak<\/em><\/strong><\/p>\n<p style=\"text-align: justify;\">H\u00fck\u00fcmetle memur sendikalar\u0131 aras\u0131ndaki g\u00f6r\u00fc\u015fmelerin oyalamadan ba\u015fka bir anlam\u0131 olmad\u0131\u011f\u0131n\u0131, son s\u00f6z\u00fc h\u00fck\u00fcmetin s\u00f6yleyece\u011fi bir toplu s\u00f6zle\u015fme s\u00fcrecinden sonu\u00e7 \u00e7\u0131kmayaca\u011f\u0131n\u0131 belirten KESK, 19 A\u011fustos \u00c7ar\u015famba g\u00fcn\u00fc t\u00fcm illerde AKP il binalar\u0131 \u00f6n\u00fcne siyah \u00e7elenk b\u0131rakacak, ayr\u0131ca oturma eylemleri ger\u00e7ekle\u015ftirecek.<\/p>\n<p style=\"text-align: justify;\">KESK \u00fcyeleri 20 A\u011fustos Per\u015fembe g\u00fcn\u00fc de t\u00fcm illerde i\u015fyerleri \u00f6n\u00fcnde kitlesel bas\u0131n a\u00e7\u0131klamalar\u0131 yapacaklar.<\/p>\n<p style=\"text-align: justify;\"><strong><em>\u201930 A\u011fustos\u2019ta grev\u2019<\/em><\/strong><\/p>\n<p style=\"text-align: justify;\">KESK, toplu g\u00f6r\u00fc\u015fmelerin son oturumunun yap\u0131laca\u011f\u0131 tarihte ise yine t\u00fcm illerde 1 saatlik i\u015f b\u0131rakma eylemine gidecek. Toplu g\u00f6r\u00fc\u015fme masas\u0131n\u0131n toplu s\u00f6zle\u015fme masas\u0131na d\u00f6n\u00fc\u015ft\u00fcr\u00fclmemesi halinde KESK, 30 A\u011fustos\u2019tan itibaren toplu greve gidilece\u011fini a\u00e7\u0131klad\u0131.<\/p>\n<p style=\"text-align: justify;\"><span style=\"color: #888888;\">Kaynak : Vatan<\/span><\/p>\n","protected":false},"excerpt":{"rendered":"<p style=\"text-align: justify;\">\n<p style=\"text-align: justify;\">Memurlar ile h\u00fck\u00fcmetin ilk bulu\u015fmas\u0131 gergin ba\u015flad\u0131.<\/p>\n<p style=\"text-align: justify;\">Toplu g\u00f6r\u00fc\u015fme masas\u0131nda sendikalar \u00f6nce bakanla, sonra birbirleriyle kap\u0131\u015ft\u0131. Memur-Sen temsilcisi, \u201cSokmay\u0131n kargay\u0131 g\u00fcl olan ba\u011fa, g\u00fcbre m\u00fcptelas\u0131 b\u00fclb\u00fcllenmesin\u201d deyince Kamu-Sen, \u201cBize karga diyorlar\u201d diyerek ayakland\u0131.<\/p>\n<p style=\"text-align: justify;\">Kamu-Sen\u2019liler \u015eair Nef\u2019i\u2019nin \u201cTahir Bey bana kelp dedi&#8230;\u201d dizelerini g\u00f6nderince tart\u0131\u015fma b\u00fcy\u00fcd\u00fc. Ara <\/p>\n","protected":false},"author":1,"featured_media":0,"comment_status":"open","ping_status":"closed","sticky":false,"template":"","format":"standard","meta":{"footnotes":""},"categories":[7],"tags":[],"class_list":["post-13494","post","type-post","status-publish","format-standard","hentry","category-ekonomi","odd"],"_links":{"self":[{"href":"http:\/\/www.korhanyilmaz.com\/index.php?rest_route=\/wp\/v2\/posts\/13494","targetHints":{"allow":["GET"]}}],"collection":[{"href":"http:\/\/www.korhanyilmaz.com\/index.php?rest_route=\/wp\/v2\/posts"}],"about":[{"href":"http:\/\/www.korhanyilmaz.com\/index.php?rest_route=\/wp\/v2\/types\/post"}],"author":[{"embeddable":true,"href":"http:\/\/www.korhanyilmaz.com\/index.php?rest_route=\/wp\/v2\/users\/1"}],"replies":[{"embeddable":true,"href":"http:\/\/www.korhanyilmaz.com\/index.php?rest_route=%2Fwp%2Fv2%2Fcomments&post=13494"}],"version-history":[{"count":0,"href":"http:\/\/www.korhanyilmaz.com\/index.php?rest_route=\/wp\/v2\/posts\/13494\/revisions"}],"wp:attachment":[{"href":"http:\/\/www.korhanyilmaz.com\/index.php?rest_route=%2Fwp%2Fv2%2Fmedia&parent=13494"}],"wp:term":[{"taxonomy":"category","embeddable":true,"href":"http:\/\/www.korhanyilmaz.com\/index.php?rest_route=%2Fwp%2Fv2%2Fcategories&post=13494"},{"taxonomy":"post_tag","embeddable":true,"href":"http:\/\/www.korhanyilmaz.com\/index.php?rest_route=%2Fwp%2Fv2%2Ftags&post=13494"}],"curies":[{"name":"wp","href":"https:\/\/api.w.org\/{rel}","templated":true}]}}