{"id":13490,"date":"2009-08-15T15:15:24","date_gmt":"2009-08-15T13:15:24","guid":{"rendered":"http:\/\/www.korhanyilmaz.com\/?p=13490"},"modified":"2009-08-15T15:15:24","modified_gmt":"2009-08-15T13:15:24","slug":"erdogana-agir-benzetme","status":"publish","type":"post","link":"http:\/\/www.korhanyilmaz.com\/?p=13490","title":{"rendered":"Erdo\u011fan&#039;a a\u011f\u0131r benzetme!"},"content":{"rendered":"<p style=\"text-align: center;\"><a href=\"http:\/\/www.korhanyilmaz.com\/wp-content\/uploads\/2009\/08\/bahceli2.jpg\"  class=\"lightview\"><img loading=\"lazy\" decoding=\"async\" class=\"aligncenter size-full wp-image-13491\" src=\"http:\/\/www.korhanyilmaz.com\/wp-content\/uploads\/2009\/08\/bahceli2.jpg\" alt=\"\" width=\"329\" height=\"210\" \/><\/a><\/p>\n<p style=\"text-align: justify;\"><strong><em>&#8216;Kas\u0131mpa\u015fal\u0131 Tayyip yerine, Potomyal\u0131 Tayyip&#8217;<\/em><\/strong><\/p>\n<p style=\"text-align: justify;\">MHP lideri Bah\u00e7eli, Erzurum\u2019da Ba\u015fbakan Erdo\u011fan i\u00e7in Damat Ferit benzetmesi yapt\u0131.<\/p>\n<p style=\"text-align: justify;\">MHP Genel Ba\u015fkan\u0131 Devlet Bah\u00e7eli, Erzurum Cemal G\u00fcrsel Spor Salonu\u2019nda yap\u0131lan ve 6 aday\u0131n yar\u0131\u015ft\u0131\u011f\u0131 MHP il kongresine kat\u0131ld\u0131. Konu\u015fmas\u0131nda Ba\u015fbakan Erdo\u011fan\u2019a y\u00fcklenen Bah\u00e7eli, \u00f6yle konu\u015ftu:<\/p>\n<p style=\"text-align: justify;\"><strong>T\u00dcRK\u0130YE\u2019Y\u0130 B\u00d6LMEK<\/strong>: T\u00fcrkiye etnik b\u00f6l\u00fcnme ile kar\u015f\u0131 kar\u015f\u0131yad\u0131r. 25 y\u0131ldan bu yana bu \u00fclkede ya\u015fanan karga\u015fa, cinayet, sald\u0131r\u0131 b\u00f6l\u00fcc\u00fc ter\u00f6r\u00fcn eseridir ve bu b\u00f6l\u00fcc\u00fc ter\u00f6r etnik motifli bir ter\u00f6rd\u00fcr. T\u00fcrkiye\u2019nin sorunu da ter\u00f6rd\u00fcr. Kimse kalk\u0131p Do\u011fu ve G\u00fcneydo\u011fu\u2019da ya\u015fayan K\u00fcrt\u00e7e konu\u015fan karde\u015flerimizin tamam\u0131n\u0131 kapsamayan, onlar\u0131n siyasal sorunu, s\u00f6zc\u00fcs\u00fc olarak kimse PKK ile K\u00fcrt\u00e7e konu\u015fan karde\u015flerimizi \u00f6rt\u00fc\u015ft\u00fcrmesin. B\u00f6l\u00fcc\u00fc ter\u00f6r \u00f6rg\u00fct\u00fc PKK\u2019n\u0131n amac\u0131 T\u00fcrkiye Cumhuriyetini b\u00f6lmektir. MHP bu ihanet s\u00fcrecine katk\u0131 sa\u011flayamaz. <!--more--><\/p>\n<p style=\"text-align: justify;\"><strong>DAMAT FER\u0130T BENZETMES\u0130<\/strong>: Say\u0131n Ba\u015fbakan, son okudu\u011fun \u00fc\u00e7 kitab\u0131n ismini ver de bu tavsiyeni yerine getirelim. Onun i\u00e7in Say\u0131n Ba\u015fbakan \u00f6nce siz haddinizi biliniz, ne konu\u015ftu\u011funuzu kula\u011f\u0131n\u0131z duysun. Yalanlarla, milletin akl\u0131n\u0131 bunald\u0131r\u0131p, MHP\u2019yi has\u0131m yaratma gayretinden vazge\u00e7 diyorum. Erzurum Kongresi yap\u0131l\u0131rken, \u0130stanbul\u2019da Damat Ferit sadrazamd\u0131. \u015eimdi Erzurum\u2019da MHP kongresi yap\u0131l\u0131rken, Ankara\u2019da Ba\u015fbakan Erdo\u011fan. Damat Ferit\u2019in \u0130\u00e7i\u015fleri Bakan\u0131 Adil Bey, d\u00fcn milli davay\u0131 engellemekle me\u015fguld\u00fc. 90 y\u0131l sonra bug\u00fcn Recep Tayyip Erdo\u011fan\u2019\u0131n \u0130\u00e7i\u015fleri Bakan\u0131 Be\u015fir Bey, milli birli\u011fi baltalamak i\u00e7in Ba\u015fbakan\u2019dan ald\u0131\u011f\u0131 talimat\u0131 yerine getiriyor. E\u011fer Cenab\u0131 Allah bir g\u00fcn bu \u00fclkeyi y\u00f6netmenin sorumlulu\u011funu bana nasip ederse yolsuzluktan tutun, vatana ihanete kadar ge\u00e7en s\u00fcre\u00e7 i\u00e7inde hesap sorulmas\u0131 gereken herkesten y\u00fcksek adalet \u00f6n\u00fcnde hesap sormazsam namerdim. Kalk\u0131yorlar federasyonla\u015fmaya do\u011fru T\u00fcrkiye\u2019yi s\u00fcr\u00fcklemek istiyorlar. Bir sonraki ad\u0131m \u2018Ba\u011f\u0131ms\u0131z K\u00fcrdistan\u2019 devletini kurmakt\u0131r.<\/p>\n<p style=\"text-align: justify;\"><strong>NEREDEYD\u0130LER? <\/strong><\/p>\n<p style=\"text-align: justify;\">(Erdo\u011fan konu\u015furken vekillerin a\u011flamas\u0131yla ilgili) A\u011flamakta serbestsiniz. Ancak a\u011flarken, biraz da adaletli olun. \u015e\u0131rnak\u2019ta 13 Mehmet\u00e7ik \u015fehit olurken, Hakkari\u2019de 10 Mehmet\u00e7ik \u015fehit olurken neredeydi bu a\u011flayanlar?<\/p>\n<p style=\"text-align: justify;\"><strong>POTOMYALI<\/strong>: T\u00fcrkiye Cumhuriyeti Devleti\u2019nde isteyen istedi\u011fi yerde, istedi\u011fini kullan\u0131p de\u011fi\u015ftiremez. Sen kullanmak istiyorsan, o senin bilece\u011fin i\u015f. Kas\u0131mpa\u015fal\u0131 Recep Tayyip diyece\u011fimiz yerde Potomyal\u0131 Recep Tayyip Erdo\u011fan deriz. Ama G\u00fcneysu\u2019yu kald\u0131r\u0131p Potomya yaparsan\u0131z, ba\u015fka \u015feye hizmet etmi\u015f olursunuz.<\/p>\n<p style=\"text-align: justify;\"><strong><em>Vatan hainli\u011finle su\u00e7lanm\u0131\u015ft\u0131<\/em><\/strong><\/p>\n<p style=\"text-align: justify;\">1853-1923 y\u0131llar\u0131 aras\u0131nda ya\u015fayan Damat Ferit Pa\u015fa, son Osmanl\u0131 Padi\u015fah\u0131 Sultan VI. Mehmet Vahdettin\u2019in k\u0131zkarde\u015fi ile evli oldu\u011fu i\u00e7in Damat Ferit Pa\u015fa ismiyle an\u0131l\u0131r. Osmanl\u0131 diplomat ve devlet adam\u0131 olan Damat Ferit Pa\u015fa, 4 Mart 1919-30 Eyl\u00fcl 1919 ve 5 Nisan 1920-17 Ekim 1920 tarihleri aras\u0131nda toplam bir y\u0131l bir ay on be\u015f g\u00fcn sadrazaml\u0131k yapt\u0131. Mustafa Kemal Pa\u015fa \u00f6nderli\u011findeki ulusal kurtulu\u015f hareketine muhalefetinden \u00f6t\u00fcr\u00fc vatan hainli\u011fi ile su\u00e7land\u0131.<\/p>\n<p style=\"text-align: justify;\"><strong>CUMHURBA\u015eKANI\u2019NI YUHALATMADI<\/strong><\/p>\n<p style=\"text-align: justify;\">Bah\u00e7eli, \u201c\u015eimdi Say\u0131n Cumhurba\u015fkan\u0131\u201d deyince salondan y\u00fckselen \u2019yuh\u2019 seslerine m\u00fcdahale ederek, \u201cHay\u0131r! Devlet Ba\u015fkan\u0131 yuhalanamaz. O T\u00fcrkiye Cumhuriyeti\u2019nin Cumhurba\u015fkan\u0131d\u0131r. Ne kadar hata yapsa da sayg\u0131 duyulacakt\u0131r\u201d dedi.<\/p>\n<p style=\"text-align: justify;\"><span style=\"color: #888888;\">Kaynak : Vatan<\/span><\/p>\n","protected":false},"excerpt":{"rendered":"<p style=\"text-align: center;\">\n<p style=\"text-align: justify;\">&#8216;Kas\u0131mpa\u015fal\u0131 Tayyip yerine, Potomyal\u0131 Tayyip&#8217;<\/p>\n<p style=\"text-align: justify;\">MHP lideri Bah\u00e7eli, Erzurum\u2019da Ba\u015fbakan Erdo\u011fan i\u00e7in Damat Ferit benzetmesi yapt\u0131.<\/p>\n<p style=\"text-align: justify;\">MHP Genel Ba\u015fkan\u0131 Devlet Bah\u00e7eli, Erzurum Cemal G\u00fcrsel Spor Salonu\u2019nda yap\u0131lan ve 6 aday\u0131n yar\u0131\u015ft\u0131\u011f\u0131 MHP il kongresine kat\u0131ld\u0131. Konu\u015fmas\u0131nda Ba\u015fbakan Erdo\u011fan\u2019a y\u00fcklenen Bah\u00e7eli, \u00f6yle konu\u015ftu:<\/p>\n<p style=\"text-align: justify;\">T\u00dcRK\u0130YE\u2019Y\u0130 B\u00d6LMEK: <\/p>\n","protected":false},"author":1,"featured_media":0,"comment_status":"open","ping_status":"closed","sticky":false,"template":"","format":"standard","meta":{"footnotes":""},"categories":[105],"tags":[],"class_list":["post-13490","post","type-post","status-publish","format-standard","hentry","category-gundem","odd"],"_links":{"self":[{"href":"http:\/\/www.korhanyilmaz.com\/index.php?rest_route=\/wp\/v2\/posts\/13490","targetHints":{"allow":["GET"]}}],"collection":[{"href":"http:\/\/www.korhanyilmaz.com\/index.php?rest_route=\/wp\/v2\/posts"}],"about":[{"href":"http:\/\/www.korhanyilmaz.com\/index.php?rest_route=\/wp\/v2\/types\/post"}],"author":[{"embeddable":true,"href":"http:\/\/www.korhanyilmaz.com\/index.php?rest_route=\/wp\/v2\/users\/1"}],"replies":[{"embeddable":true,"href":"http:\/\/www.korhanyilmaz.com\/index.php?rest_route=%2Fwp%2Fv2%2Fcomments&post=13490"}],"version-history":[{"count":0,"href":"http:\/\/www.korhanyilmaz.com\/index.php?rest_route=\/wp\/v2\/posts\/13490\/revisions"}],"wp:attachment":[{"href":"http:\/\/www.korhanyilmaz.com\/index.php?rest_route=%2Fwp%2Fv2%2Fmedia&parent=13490"}],"wp:term":[{"taxonomy":"category","embeddable":true,"href":"http:\/\/www.korhanyilmaz.com\/index.php?rest_route=%2Fwp%2Fv2%2Fcategories&post=13490"},{"taxonomy":"post_tag","embeddable":true,"href":"http:\/\/www.korhanyilmaz.com\/index.php?rest_route=%2Fwp%2Fv2%2Ftags&post=13490"}],"curies":[{"name":"wp","href":"https:\/\/api.w.org\/{rel}","templated":true}]}}