{"id":13486,"date":"2009-08-15T22:04:10","date_gmt":"2009-08-15T19:04:10","guid":{"rendered":"http:\/\/www.korhanyilmaz.com\/?p=13486"},"modified":"2009-08-15T22:04:10","modified_gmt":"2009-08-15T19:04:10","slug":"konustular-dagildilar-demesinler-netice-alalim","status":"publish","type":"post","link":"http:\/\/www.korhanyilmaz.com\/?p=13486","title":{"rendered":"Konu\u015ftular, da\u011f\u0131ld\u0131lar demesinler netice alal\u0131m"},"content":{"rendered":"<p style=\"text-align: center;\"><a href=\"http:\/\/www.korhanyilmaz.com\/wp-content\/uploads\/2009\/08\/buyukada_cikartmasi.jpg\"  class=\"lightview\"><img loading=\"lazy\" decoding=\"async\" class=\"aligncenter size-full wp-image-13487\" src=\"http:\/\/www.korhanyilmaz.com\/wp-content\/uploads\/2009\/08\/buyukada_cikartmasi.jpg\" alt=\"\" width=\"329\" height=\"210\" \/><\/a><\/p>\n<p style=\"text-align: justify;\">Ba\u015fbakan Erdo\u011fan 5 bakan\u0131yla birlikte B\u00fcy\u00fckada\u2019ya giderek, az\u0131nl\u0131k temsilcileri ile g\u00f6r\u00fc\u015ft\u00fc.<\/p>\n<p style=\"text-align: justify;\">Yemekli toplant\u0131da konu\u015fan Erdo\u011fan, \u201cBana az sonra kapsaml\u0131 bir rapor sunulacak. Bunun da gere\u011fini yapaca\u011f\u0131z\u201d dedi.<\/p>\n<p style=\"text-align: justify;\">Mustafa Kemal Atat\u00fcrk\u2019\u00fc, Demirel\u2019i, Korut\u00fcrk\u2019\u00fc a\u011f\u0131rlayan B\u00fcy\u00fckada\u2019daki Anadolu Kul\u00fcb\u00fc, d\u00fcn Ba\u015fbakan Erdo\u011fan ile 5 Bakan\u2019\u0131n\u0131 konuk etti.<\/p>\n<p style=\"text-align: justify;\">Cumartesi keyfinin ya\u015fand\u0131\u011f\u0131 g\u00fcn, kul\u00fcp \u00fcyeleri i\u00e7in \u00e7ok farkl\u0131yd\u0131. Ba\u015fbakan korumalar\u0131n\u0131n giri\u015f kap\u0131s\u0131ndaki yo\u011fun g\u00fcvenlik \u00f6nlemleri zaman zaman tatil havas\u0131n\u0131 bozdu ama kritik bir d\u00f6nemde gelen Ba\u015fbakan i\u00e7in \u00e7o\u011fu \u00fcyeler \u201cNe yapal\u0131m k\u0131rk y\u0131lda bir oluyor\u201d diyerek olup biteni makul saymaya \u00e7al\u0131\u015ft\u0131. <!--more--><\/p>\n<p style=\"text-align: justify;\">Erdo\u011fan gecikmeli olarak ana kap\u0131dan girdi\u011finde bir iki saattir kendisini bekleyen, \u00e7o\u011funlu\u011funu orta ya\u015f\u0131n \u00fczerinde kad\u0131nlar\u0131n olu\u015fturdu\u011fu grup i\u00e7tenlikle kendisini alk\u0131\u015flad\u0131.<\/p>\n<p style=\"text-align: justify;\">Ba\u015fbakan Erdo\u011fan, T\u00fcrkiye mozai\u011finin par\u00e7as\u0131 olan Musevi, Ermeni, S\u00fcryani vatanda\u015flar\u0131n tek tek elini s\u0131k\u0131p hat\u0131rlar\u0131n\u0131 sordu.<\/p>\n<p style=\"text-align: justify;\">Kul\u00fcp teras\u0131ndaki oturma d\u00fczeni ilgin\u00e7ti. Az\u0131nl\u0131k cemaatlerinin temsilcileri, Adal\u0131 sivil toplum kurulu\u015flar\u0131 temsilcileri, Adal\u0131 gazetecilerin bulundu\u011fu grubun kar\u015f\u0131s\u0131na 19 ki\u015filik uzun bir protokol masas\u0131 kurulmu\u015ftu. Erdo\u011fan ortaya oturdu\u011funda sa\u011f\u0131nda ve solunda 9\u2019ar ki\u015fi yer al\u0131yordu. Sa\u011f yan\u0131nda B\u00fclent Ar\u0131n\u00e7 ve onun yan\u0131nda Fener Rum Patri\u011fi Bartholomeos, sol yan\u0131nda ise bu bulu\u015fmay\u0131 d\u00fczenleyenlerden Kezban Hatemi, Vali ve B\u00fcy\u00fck\u015fehir Belediye Ba\u015fkan\u0131 vard\u0131. Di\u011fer s\u0131radakiler ise Musevi, Rum ve S\u00fcryani az\u0131nl\u0131\u011f\u0131n dini liderleri ve cemaat y\u00f6neticileri idi. Cem Hakko da protokoldekiler aras\u0131ndayd\u0131. Kezban Hatemi Adalar\u2019\u0131n ne kadar \u00f6zel bir yer oldu\u011funu anlatt\u0131ktan sonra belki de g\u00fcn\u00fcn anlam\u0131na uygun bir c\u00fcmle kurdu: \u201cOrtak ilke ve de\u011ferlerin hakim oldu\u011fu ideal d\u00fczeni kurmaya Adalardan ba\u015flayabiliriz.\u201d<\/p>\n<p style=\"text-align: justify;\">Adalar davetini nezaketle kabul etti\u011fi i\u00e7in Erdo\u011fan\u2019a te\u015fekk\u00fcr eden Hatemi, mikrofonu \u00f6nemli konu\u011funa b\u0131rakt\u0131. Erdo\u011fan b\u00fct\u00fcn konuklar\u0131n\u0131n tek tek g\u00f6zlerinin i\u00e7ine bakarak birlikteli\u011fi \u00f6ne \u00e7\u0131karan bir ifadeyle s\u00f6zlerine ba\u015flad\u0131.<\/p>\n<p style=\"text-align: justify;\">\u201cBuras\u0131 \u00e7ok farkl\u0131 bir zemin. Bunun neticeleri de farkl\u0131 olacak. Bu se\u00e7kin toplulu\u011fa bakanlar\u0131m, milletvekillerim, il ba\u015fkan\u0131m ve il\u00e7e ba\u015fkan\u0131mla geldim. Bana az sonra kapsaml\u0131 bir rapor sunulacak. Bunun da gere\u011fini yapaca\u011f\u0131z\u201d dedi.<\/p>\n<p style=\"text-align: justify;\">Futbol oynad\u0131\u011f\u0131 s\u0131ralarda Ermeni tak\u0131m arkada\u015flar\u0131 oldu\u011funu da belirten Erdo\u011fan, bunu belirttikten sonra demokratik a\u00e7\u0131l\u0131m \u00e7al\u0131\u015fmalar\u0131n\u0131 anlatt\u0131.<\/p>\n<p style=\"text-align: justify;\">\u201cOturdular, konu\u015ftular, da\u011f\u0131ld\u0131lar\u201d diye bilinen bir acem s\u00f6z\u00fcn\u00fc de hat\u0131rlatan Erdo\u011fan, \u201cAma b\u00f6yle olmas\u0131n, bunlardan bir netice \u00e7\u0131kartal\u0131m\u201d dedi.<\/p>\n<p style=\"text-align: justify;\">Birilerinin a\u011fz\u0131na bakarsak ad\u0131m atamay\u0131z<\/p>\n<p style=\"text-align: justify;\">Ba\u015ebakan Erdo\u011fan, B\u00fcy\u00fckada Anadolu Kul\u00fcb\u00fc\u2019ndeki konu\u015fmas\u0131nda T\u00fcrkiye\u2019nin \u015fu anda bir ge\u00e7i\u015f ya\u015fad\u0131\u011f\u0131n\u0131 s\u00f6yledi:<\/p>\n<p style=\"text-align: justify;\"><strong>SIKINTILAR VAR:<\/strong> Bu ge\u00e7i\u015f esnas\u0131nda tabii ki \u00fclkemizin de vatanda\u015flar\u0131m\u0131z\u0131n da soyda\u015flarla ilgili konularda \u00e7ekti\u011fimiz s\u0131k\u0131nt\u0131lar var. Bunlar zaman zaman \u00f6n\u00fcm\u00fcze getiriliyor. Ancak b\u00fct\u00fcn bunlara ra\u011fmen asli g\u00f6revimiz hak ve hukuku g\u00f6zetmek.<\/p>\n<p style=\"text-align: justify;\"><strong>HEP BERABER \u00c7\u00d6ZER\u0130Z: <\/strong>\u015eu anda biliyorsunuz bir demokratik a\u00e7\u0131l\u0131m\u0131n m\u00fccadelesini veriyoruz, kavgas\u0131n\u0131 veriyoruz. E\u011fer birilerinin a\u011fz\u0131na bakacak olsak, bu ad\u0131m\u0131 atmam\u0131z m\u00fcmk\u00fcn de\u011fil. Ancak biz bunun karar\u0131n\u0131 verdik ve bunu da millet\u00e7e, t\u00fcm sivil toplum \u00f6rg\u00fctlerimizle beraber, t\u00fcm partilerimizle beraber t\u00fcm bu \u00fclkede bu konuda konu\u015facak kim varsa akademisyenlerimiz, gazetecilerimiz, gerek g\u00f6rsel gerek yaz\u0131l\u0131 nerede olursa olsun hepsi ile beraber \u00e7\u00f6zmek istiyoruz ki bu sorunu a\u015fal\u0131m. Bu sorunu a\u015fmaya mecburuz. \u00c7\u00fcnk\u00fc bizim birli\u011fe beraberli\u011fe ihtiyac\u0131m\u0131z var. 71,5 milyon vatan evlad\u0131n\u0131n birbiri ile sayg\u0131 i\u00e7erisinde, sevgi i\u00e7erisinde kucakla\u015fmas\u0131 art\u0131k bizim olmazsa olmaz\u0131m\u0131z.<\/p>\n<p style=\"text-align: justify;\"><strong>KIRMIZI \u00c7\u0130ZG\u0130LER: <\/strong>8 y\u0131l \u00f6nce bu yola \u00e7\u0131karken 3 k\u0131rm\u0131z\u0131 \u00e7izgimiz vard\u0131 ve b\u00f6lgesel, etnik ve dinsel milliyet\u00e7ilik yapmayaca\u011f\u0131m\u0131z\u0131 s\u00f6yledik. Bu \u015fu anda da ilkelerimiz i\u00e7erisinde mevcut ve aynen uygulaman\u0131n gayreti i\u00e7indeyiz.<\/p>\n<p style=\"text-align: justify;\"><strong>\u0130HMAL ED\u0130LEN YERLER:<\/strong> B\u00f6lgesel milliyet\u00e7ilik yaparak Do\u011fu\u2019nun, G\u00fcneydo\u011fu\u2019nun, Do\u011fu Karadeniz\u2019in ve Ortado\u011fu\u2019nun belli bir k\u0131sm\u0131 ihmal edildi. Hep bat\u0131ya yat\u0131r\u0131m yapman\u0131n gayreti i\u00e7erisinde olundu. 780 bin kilometrekarelik vatan topra\u011f\u0131n\u0131n bir yeri tamamen ihmal edilirken bir yeri de aya\u011fa kalkt\u0131.<\/p>\n<p style=\"text-align: justify;\"><strong>TAHR\u0130K ED\u0130YOR:<\/strong> Bu tabii b\u00fcy\u00fck bir haks\u0131zl\u0131k. Bu tabii ister istemez tahrik ediyordu olumsuz istikamette&#8230; \u0130\u015fte bunu gidermenin gayreti i\u00e7erisinde olduk. H\u00e2l\u00e2 da \u015fu anda bir ger\u00e7e\u011fi g\u00f6ren var, g\u00f6rmeyen var. O da \u015fu, G\u00fcneydo\u011fu, Do\u011fu b\u00fct\u00fcn buralarda sadece sorunlar psikolojik de\u011fil, sosyolojik de\u011fil, buralarda askeri, siyasi, diplomatik sorunlar\u0131m\u0131z var, ekonomik sorunlar\u0131m\u0131z var.<\/p>\n<p style=\"text-align: justify;\"><strong>EKS\u0130KL\u0130KLER VAR:<\/strong> Etnik milliyet\u00e7ili\u011fe da kar\u015f\u0131y\u0131z. Bu \u00fclkede T\u00fcrk\u00fc, K\u00fcrt\u00fc, Laz\u0131, \u00c7erkezi, G\u00fcrc\u00fcs\u00fc ve Abhaz\u0131n\u0131n hi\u00e7bir zaman hi\u00e7bir ayr\u0131ma tabi olmamas\u0131 gerekir. Dinsel milliyet\u00e7ili\u011fe de kar\u015f\u0131y\u0131z. T\u00fcrkiye\u2019de hangi dinin, hangi mezhebin mensubu olursa olsun herkese ayn\u0131 mesafedeyiz. \u00c7\u00fcnk\u00fc T\u00fcrkiye demokratik, laik, sosyal bir hukuk devletidir. Uygulamada eksikler yok mu? Var. \u0130\u015fte bunlar\u0131 da yine hep beraber verilecek bu m\u00fccadele ile a\u015faca\u011f\u0131z ve inan\u0131yorum ki bu demokratik a\u00e7\u0131l\u0131m bir\u00e7ok \u015feyi \u00fclkemizde de\u011fi\u015ftirecek. Ama el ele verirsek, omuz omuza verirsek&#8230;<\/p>\n<p style=\"text-align: justify;\"><strong><em>Yass\u0131ada ve \u0130mral\u0131\u2019da \u00fcniversite kurulsun <\/em><\/strong><\/p>\n<p style=\"text-align: justify;\">Y\u00fczyIllardIr bir arada bar\u0131\u015f i\u00e7inde ya\u015famas\u0131n\u0131 bilen, farkl\u0131 k\u00fclt\u00fcr ve inan\u00e7lara sayg\u0131n\u0131n adresi B\u00fcy\u00fckada, d\u00fcn yine \u00f6rnek bir resim olu\u015fturdu. Atat\u00fcrk\u2019\u00fcn temellerini att\u0131\u011f\u0131 Anadolu Kul\u00fcb\u00fc\u2019n\u00fcn k\u00fc\u00e7\u00fcc\u00fck teras\u0131nda dev bir T\u00fcrkiye mozai\u011fi vard\u0131. T\u00fcrk\u2019\u00fc, Musevi\u2019si, Ermeni\u2019si, Rum\u2019u, S\u00fcryani\u2019si, Alevi\u2019si, G\u00fcrc\u00fc\u2019s\u00fc biraz da s\u0131k\u0131\u015f\u0131k masalar\u0131n etraf\u0131nda karde\u015f\u00e7e bir araya geldiler. \u0130ktidar partisini, temkinli oldu\u011fu varsay\u0131lan gruplar bile Erdo\u011fan\u2019\u0131n hal ve \u00fcslubuna dikkatle odakland\u0131lar ve arkas\u0131ndan \u201cNe kadar do\u011fal ve samimi. Hi\u00e7 b\u00f6yle tahmin etmiyorduk\u201d s\u00f6zlerini sarf ettiler.<\/p>\n<p style=\"text-align: justify;\">Marmara\u2019n\u0131n ortas\u0131nda, k\u00fc\u00e7\u00fck bir adada, farkl\u0131 olana her zaman sayg\u0131l\u0131 olmay\u0131 bilen bu zengin insan toplulu\u011fu, bir kez daha Ada\u2019daki bu havay\u0131 teneff\u00fcs etmekten ziyadesiyle memnundu. Adadaki sivil toplum kurulu\u015flar\u0131n\u0131n olu\u015fturdu\u011fu komisyonlar Erdo\u011fan\u2019a Adalar \u0130\u00e7in \u00d6ncelikli Beklentilerimiz ba\u015fl\u0131kl\u0131 bir rapor sundu. Adal\u0131lar ilk olarak Heybeliada Senatoryumu\u2019nun hastane olmas\u0131n\u0131 talep ediyordu. Ayr\u0131ca eskiden oldu\u011fu gibi Adalar\u2019da ba\u011fc\u0131l\u0131k yap\u0131lmas\u0131n\u0131n te\u015fvik edilmesi de isteniyordu. Bir ba\u015fka dikkat \u00e7ekici talep ise \u015fuydu: Yass\u0131ada ve \u0130mral\u0131\u2019da \u00fcniversite kurulsun. \u00d6nerilerin 11. maddesinde ise Heybeliada Ruhban Okulu\u2019nun a\u00e7\u0131lmas\u0131 isteniyordu.<\/p>\n<p style=\"text-align: justify;\"><strong><em>MHP pankart\u0131 kald\u0131r\u0131ld\u0131 <\/em><\/strong><\/p>\n<p style=\"text-align: justify;\">Erdo\u011ean\u2019In geli\u015finden \u00f6nce B\u00fcy\u00fckada iskelesine MHP il\u00e7e ba\u015fkanl\u0131\u011f\u0131n\u0131n ast\u0131\u011f\u0131 bir afi\u015f ise korumalar\u0131 taraf\u0131ndan kald\u0131r\u0131ld\u0131. Bu afi\u015fte Mevlana\u2019n\u0131n \u015fu dizeleri yaz\u0131yordu:<\/p>\n<p style=\"text-align: justify;\">\u201cK\u00f6r cehalet \u00e7irkinle\u015ftirir adam\u0131<\/p>\n<p style=\"text-align: justify;\">Suskunlu\u011fum asaletimdendir<\/p>\n<p style=\"text-align: justify;\">Her lafa verilecek cevab\u0131m var<\/p>\n<p style=\"text-align: justify;\">Lakin lafa bakar\u0131m laf m\u0131 diye<\/p>\n<p style=\"text-align: justify;\">Bir de s\u00f6yleyene bakar\u0131m adam m\u0131 diye\u201d<\/p>\n<p style=\"text-align: justify;\">Bu dizelerin alt\u0131nda ise \u015fu ifadeye yer verilmi\u015fti \u201cBu s\u00f6zler, s\u00f6zde Ermeni soyk\u0131r\u0131m\u0131 i\u00e7in \u00f6z\u00fcr kampanyas\u0131 d\u00fczenleyen, K\u0131br\u0131s\u2019\u0131 pe\u015fke\u015f \u00e7ekmek isteyen, bin y\u0131ll\u0131k karde\u015fli\u011fi yok sayan oniki k\u00f6t\u00fc adama ithaf olunur.\u201d<\/p>\n<p style=\"text-align: justify;\">Ba\u015fbakan\u2019\u0131n konu\u015fma yapt\u0131\u011f\u0131 B\u00fcy\u00fckada Anadolu Kul\u00fcb\u00fc\u2019n\u00fcn teras\u0131nda ise Adalar Cemaat Vak\u0131flar\u0131 imzal\u0131 bir bez pankartta \u201cSay\u0131n Ba\u015fbakan\u0131m\u0131z Ho\u015fgeldiniz\u201d ifadesi yer al\u0131yordu.<\/p>\n<p style=\"text-align: justify;\">Bu arada Erdo\u011fan, Anadolu Kul\u00fcb\u00fc\u2019nde, Fenerbah\u00e7e ve Milli Tak\u0131m\u2019\u0131n efsane oyuncusu \u2018Ordinaryus\u2019 lakapl\u0131 Lefter K\u00fc\u00e7\u00fckandonyadis\u2019le de sohbet edip hat\u0131r\u0131n\u0131 sordu.<\/p>\n<p style=\"text-align: justify;\"><span style=\"color: #888888;\">Kaynak : Vatan<\/span><\/p>\n","protected":false},"excerpt":{"rendered":"<p style=\"text-align: center;\">\n<p style=\"text-align: justify;\">Ba\u015fbakan Erdo\u011fan 5 bakan\u0131yla birlikte B\u00fcy\u00fckada\u2019ya giderek, az\u0131nl\u0131k temsilcileri ile g\u00f6r\u00fc\u015ft\u00fc.<\/p>\n<p style=\"text-align: justify;\">Yemekli toplant\u0131da konu\u015fan Erdo\u011fan, \u201cBana az sonra kapsaml\u0131 bir rapor sunulacak. Bunun da gere\u011fini yapaca\u011f\u0131z\u201d dedi.<\/p>\n<p style=\"text-align: justify;\">Mustafa Kemal Atat\u00fcrk\u2019\u00fc, Demirel\u2019i, Korut\u00fcrk\u2019\u00fc a\u011f\u0131rlayan B\u00fcy\u00fckada\u2019daki Anadolu Kul\u00fcb\u00fc, d\u00fcn Ba\u015fbakan Erdo\u011fan ile 5 Bakan\u2019\u0131n\u0131 konuk etti.<\/p>\n<p style=\"text-align:  \n\n","protected":false},"author":1,"featured_media":0,"comment_status":"open","ping_status":"closed","sticky":false,"template":"","format":"standard","meta":{"footnotes":""},"categories":[105],"tags":[],"class_list":["post-13486","post","type-post","status-publish","format-standard","hentry","category-gundem","odd"],"_links":{"self":[{"href":"http:\/\/www.korhanyilmaz.com\/index.php?rest_route=\/wp\/v2\/posts\/13486","targetHints":{"allow":["GET"]}}],"collection":[{"href":"http:\/\/www.korhanyilmaz.com\/index.php?rest_route=\/wp\/v2\/posts"}],"about":[{"href":"http:\/\/www.korhanyilmaz.com\/index.php?rest_route=\/wp\/v2\/types\/post"}],"author":[{"embeddable":true,"href":"http:\/\/www.korhanyilmaz.com\/index.php?rest_route=\/wp\/v2\/users\/1"}],"replies":[{"embeddable":true,"href":"http:\/\/www.korhanyilmaz.com\/index.php?rest_route=%2Fwp%2Fv2%2Fcomments&post=13486"}],"version-history":[{"count":0,"href":"http:\/\/www.korhanyilmaz.com\/index.php?rest_route=\/wp\/v2\/posts\/13486\/revisions"}],"wp:attachment":[{"href":"http:\/\/www.korhanyilmaz.com\/index.php?rest_route=%2Fwp%2Fv2%2Fmedia&parent=13486"}],"wp:term":[{"taxonomy":"category","embeddable":true,"href":"http:\/\/www.korhanyilmaz.com\/index.php?rest_route=%2Fwp%2Fv2%2Fcategories&post=13486"},{"taxonomy":"post_tag","embeddable":true,"href":"http:\/\/www.korhanyilmaz.com\/index.php?rest_route=%2Fwp%2Fv2%2Ftags&post=13486"}],"curies":[{"name":"wp","href":"https:\/\/api.w.org\/{rel}","templated":true}]}}