{"id":13482,"date":"2009-08-15T23:44:13","date_gmt":"2009-08-15T20:44:13","guid":{"rendered":"http:\/\/www.korhanyilmaz.com\/?p=13482"},"modified":"2009-08-15T23:44:13","modified_gmt":"2009-08-15T20:44:13","slug":"sahin-halk-da-baris-ve-huzur-istiyor","status":"publish","type":"post","link":"http:\/\/www.korhanyilmaz.com\/?p=13482","title":{"rendered":"\u015eahin: &#039;Halk da bar\u0131\u015f ve huzur istiyor&#039;"},"content":{"rendered":"<p><a href=\"http:\/\/www.korhanyilmaz.com\/wp-content\/uploads\/2009\/08\/MAL\u0130_SAH\u0130N.jpg\"  class=\"lightview\"><img loading=\"lazy\" decoding=\"async\" class=\"aligncenter size-full wp-image-13483\" src=\"http:\/\/www.korhanyilmaz.com\/wp-content\/uploads\/2009\/08\/MAL\u0130_SAH\u0130N.jpg\" alt=\"\" width=\"292\" height=\"194\" \/><\/a><\/p>\n<p style=\"text-align: justify;\">TBMM Ba\u015fkan\u0131 Mehmet Ali \u015eahin, &#8220;Halk\u0131m\u0131z\u0131n belki de tamama yak\u0131n\u0131, &#8216;T\u00fcrkiye bu ter\u00f6r sorununu \u00e7\u00f6zmeli, analar\u0131n g\u00f6zya\u015f\u0131 akmamal\u0131, ba\u011fr\u0131 yanmamal\u0131 ve ger\u00e7ekten huzurlu, bar\u0131\u015f i\u00e7inde ya\u015fayan, halk\u0131n\u0131n refah seviyesini y\u00fckseltmek i\u00e7in \u00e7aba sarfeden bir \u00fclke olsun&#8217; diye arzu ediyor&#8221; dedi.<\/p>\n<p style=\"text-align: justify;\">Mehmet Ali \u015eahin, Star TV&#8217;de kat\u0131ld\u0131\u011f\u0131 canl\u0131 yay\u0131nda &#8220;demokratik a\u00e7\u0131l\u0131m&#8221; ile ilgili sorular\u0131 yan\u0131tlad\u0131.<\/p>\n<p style=\"text-align: justify;\">\u015eahin, &#8220;(T\u00fcrkiye&#8217;nin \u00f6ncelikli sorunlar\u0131 nedir) denildi\u011finde, \u00f6ncelikli sorun, a\u015fa\u011f\u0131 yukar\u0131 \u00fclkenin ba\u015f\u0131n\u0131 30 y\u0131la yak\u0131n s\u00fcredir a\u011fr\u0131tan ter\u00f6r sorunudur. Halk\u0131m\u0131z\u0131n da \u00e7ok b\u00fcy\u00fck ekseriyeti, belki de tamama yak\u0131n\u0131, art\u0131k &#8216;T\u00fcrkiye bu ter\u00f6r sorununu \u00e7\u00f6zmeli, analar\u0131n g\u00f6zya\u015f\u0131 akmamal\u0131, ba\u011fr\u0131 yanmamal\u0131 ve T\u00fcrkiye ger\u00e7ekten huzurlu, bar\u0131\u015f i\u00e7inde ya\u015fayan halk\u0131n\u0131n refah seviyesini y\u00fckseltmek i\u00e7in \u00e7aba sarf eden bir \u00fclke olsun&#8217; diye arzu ediyor. \u015eu anda bu amaca y\u00f6nelik oldu\u011fu ifade edilen \u00e7al\u0131\u015fmalar yap\u0131l\u0131yor&#8221; dedi. <!--more--><\/p>\n<p style=\"text-align: justify;\">&#8220;Tabii siyasi partilerimizin de\u011ferli s\u00f6zc\u00fcleri, genel ba\u015fkanlar\u0131 bu konuda fikirlerini ortaya koyuyorlar&#8221; diyen \u015eahin, &#8220;Ama benim kanaatim \u015fudur, T\u00fcrkiye&#8217;de herkesin &#8216;bu ter\u00f6r sorununu \u00e7\u00f6zelim, ter\u00f6r belas\u0131ndan kurtulal\u0131m ve \u00fclkemizde ger\u00e7ekten bar\u0131\u015f ve huzur olsun&#8217; diye d\u00fc\u015f\u00fcnd\u00fc\u011f\u00fc kanaatindeyim&#8221; diye konu\u015ftu.<\/p>\n<p style=\"text-align: justify;\">De\u011fi\u015fik gerek\u00e7elerle h\u00fck\u00fcmet taraf\u0131ndan yap\u0131lan bu \u00e7al\u0131\u015fmalara ele\u015ftiri getirenlerin bile bu sorundan kurtulmay\u0131 istediklerini ifade eden \u015eahin, &#8220;Belki birtak\u0131m kayg\u0131lar\u0131, endi\u015feleri var. Bu endi\u015fe ve kayg\u0131lar\u0131 da dinlemek, dikkate almak gerekti\u011fi kanaatindeyim. Zannediyorum bu \u00e7al\u0131\u015fmalar\u0131 y\u00fcr\u00fcten h\u00fck\u00fcmet \u00fcyeleri bunu da yapacaklard\u0131r, yapman\u0131n \u00e7abas\u0131 i\u00e7inde olacaklard\u0131r&#8221; dedi.<\/p>\n<p style=\"text-align: justify;\">Cumhuriyet kurulurken B\u00fcy\u00fck Atat\u00fcrk&#8217;\u00fcn \u00f6nemli bir ilke ortaya koyarak, &#8220;Yurtta Sulh Cihanda Sulh&#8221; dedi\u011fini hat\u0131rlatan \u015eahin, &#8220;Biz hem yurdumuzda bar\u0131\u015f, hem de d\u00fcnyada bar\u0131\u015f istiyoruz. Dolay\u0131s\u0131yla bar\u0131\u015f i\u00e7in at\u0131lacak her t\u00fcrl\u00fc ad\u0131ma T\u00fcrkiye Cumhuriyeti vatanda\u015flar\u0131n\u0131n destek verece\u011fi kanaatindeyim&#8221; diye konu\u015ftu.<\/p>\n<p style=\"text-align: justify;\"><span style=\"color: #888888;\">CNN T\u00dcRK<\/span><\/p>\n","protected":false},"excerpt":{"rendered":"<\/p>\n<p style=\"text-align: justify;\">TBMM Ba\u015fkan\u0131 Mehmet Ali \u015eahin, &#8220;Halk\u0131m\u0131z\u0131n belki de tamama yak\u0131n\u0131, &#8216;T\u00fcrkiye bu ter\u00f6r sorununu \u00e7\u00f6zmeli, analar\u0131n g\u00f6zya\u015f\u0131 akmamal\u0131, ba\u011fr\u0131 yanmamal\u0131 ve ger\u00e7ekten huzurlu, bar\u0131\u015f i\u00e7inde ya\u015fayan, halk\u0131n\u0131n refah seviyesini y\u00fckseltmek i\u00e7in \u00e7aba sarfeden bir \u00fclke olsun&#8217; diye arzu ediyor&#8221; dedi.<\/p>\n<p style=\"text-align: justify;\">Mehmet Ali \u015eahin, Star TV&#8217;de kat\u0131ld\u0131\u011f\u0131 canl\u0131 yay\u0131nda &#8220;demokratik a\u00e7\u0131l\u0131m&#8221; <\/p>\n","protected":false},"author":1,"featured_media":0,"comment_status":"open","ping_status":"closed","sticky":false,"template":"","format":"standard","meta":{"footnotes":""},"categories":[105],"tags":[],"class_list":["post-13482","post","type-post","status-publish","format-standard","hentry","category-gundem","odd"],"_links":{"self":[{"href":"http:\/\/www.korhanyilmaz.com\/index.php?rest_route=\/wp\/v2\/posts\/13482","targetHints":{"allow":["GET"]}}],"collection":[{"href":"http:\/\/www.korhanyilmaz.com\/index.php?rest_route=\/wp\/v2\/posts"}],"about":[{"href":"http:\/\/www.korhanyilmaz.com\/index.php?rest_route=\/wp\/v2\/types\/post"}],"author":[{"embeddable":true,"href":"http:\/\/www.korhanyilmaz.com\/index.php?rest_route=\/wp\/v2\/users\/1"}],"replies":[{"embeddable":true,"href":"http:\/\/www.korhanyilmaz.com\/index.php?rest_route=%2Fwp%2Fv2%2Fcomments&post=13482"}],"version-history":[{"count":0,"href":"http:\/\/www.korhanyilmaz.com\/index.php?rest_route=\/wp\/v2\/posts\/13482\/revisions"}],"wp:attachment":[{"href":"http:\/\/www.korhanyilmaz.com\/index.php?rest_route=%2Fwp%2Fv2%2Fmedia&parent=13482"}],"wp:term":[{"taxonomy":"category","embeddable":true,"href":"http:\/\/www.korhanyilmaz.com\/index.php?rest_route=%2Fwp%2Fv2%2Fcategories&post=13482"},{"taxonomy":"post_tag","embeddable":true,"href":"http:\/\/www.korhanyilmaz.com\/index.php?rest_route=%2Fwp%2Fv2%2Ftags&post=13482"}],"curies":[{"name":"wp","href":"https:\/\/api.w.org\/{rel}","templated":true}]}}