{"id":13478,"date":"2009-08-15T20:44:02","date_gmt":"2009-08-15T17:44:02","guid":{"rendered":"http:\/\/www.korhanyilmaz.com\/?p=13478"},"modified":"2009-08-15T20:44:02","modified_gmt":"2009-08-15T17:44:02","slug":"deprem-magdurlariyla-polis-karsi-karsiya","status":"publish","type":"post","link":"http:\/\/www.korhanyilmaz.com\/?p=13478","title":{"rendered":"Deprem ma\u011fdurlar\u0131yla polis kar\u015f\u0131 kar\u015f\u0131ya"},"content":{"rendered":"<p style=\"text-align: center;\"><a href=\"http:\/\/www.korhanyilmaz.com\/wp-content\/uploads\/2009\/08\/deprem_magdurlari.jpg\"  class=\"lightview\"><img loading=\"lazy\" decoding=\"async\" class=\"aligncenter size-full wp-image-13479\" src=\"http:\/\/www.korhanyilmaz.com\/wp-content\/uploads\/2009\/08\/deprem_magdurlari.jpg\" alt=\"\" width=\"269\" height=\"207\" \/><\/a><\/p>\n<p style=\"text-align: justify;\">\u0130zmit&#8217;te yerle\u015ftirildikleri konutlar\u0131n\u0131 bo\u015faltmalar\u0131 istenen deprem ma\u011fdurlar\u0131yla polis aras\u0131nda olaylar \u00e7\u0131kt\u0131. Olaylar s\u0131ras\u0131nda baz\u0131 deprem ma\u011fdurlar\u0131 g\u00f6zalt\u0131na al\u0131nd\u0131.<\/p>\n<p style=\"text-align: justify;\">Irak K\u0131z\u0131lay&#8217;\u0131 taraf\u0131ndan yapt\u0131r\u0131lan konutlarda oturan ancak hak sahibi olamayan deprem ma\u011fdurlar\u0131ndan konutlar\u0131 bo\u015faltmalar\u0131 isteniyordu.<\/p>\n<p style=\"text-align: justify;\">\u00c7\u00fcnk\u00fc 5 y\u0131ld\u0131r konutlarda oturan deprem ma\u011fdurlar\u0131n\u0131n yerine b\u00f6lgede g\u00f6rev yapan b\u00fcrokratlar yerle\u015ftirilecekti.<\/p>\n<p style=\"text-align: justify;\">Gidecek yerleri olmad\u0131\u011f\u0131n\u0131 s\u00f6yleyen deprem ma\u011fdurlar\u0131, s\u00fcrekli eylem yaparken bu kez polisle kar\u015f\u0131 kar\u015f\u0131ya geldi. <!--more--><\/p>\n<p style=\"text-align: justify;\">Deprem ma\u011fdurlar\u0131, valilik karar\u0131yla eve yerle\u015ftirilmesi kararla\u015ft\u0131r\u0131lan bir b\u00fcrokrat\u0131n e\u015fyalar\u0131n\u0131 siteye almak istemedi.<\/p>\n<p style=\"text-align: justify;\">Bunun \u00fczerine deprem ma\u011fdurlar\u0131yla polis aras\u0131nda arbede ya\u015fand\u0131.<\/p>\n<p style=\"text-align: justify;\">Baz\u0131 deprem ma\u011fdurlar\u0131 binalar\u0131n \u00f6n\u00fcndeki koltuklar\u0131 ate\u015fe verdi.<\/p>\n<p style=\"text-align: justify;\">Olaylar s\u0131ras\u0131nda 10&#8217;u a\u015fk\u0131n ki\u015fi g\u00f6zalt\u0131na al\u0131nd\u0131.<\/p>\n<p style=\"text-align: justify;\"><span style=\"color: #888888;\">CNN T\u00dcRK<\/span><\/p>\n","protected":false},"excerpt":{"rendered":"<p style=\"text-align: center;\">\n<p style=\"text-align: justify;\">\u0130zmit&#8217;te yerle\u015ftirildikleri konutlar\u0131n\u0131 bo\u015faltmalar\u0131 istenen deprem ma\u011fdurlar\u0131yla polis aras\u0131nda olaylar \u00e7\u0131kt\u0131. Olaylar s\u0131ras\u0131nda baz\u0131 deprem ma\u011fdurlar\u0131 g\u00f6zalt\u0131na al\u0131nd\u0131.<\/p>\n<p style=\"text-align: justify;\">Irak K\u0131z\u0131lay&#8217;\u0131 taraf\u0131ndan yapt\u0131r\u0131lan konutlarda oturan ancak hak sahibi olamayan deprem ma\u011fdurlar\u0131ndan konutlar\u0131 bo\u015faltmalar\u0131 isteniyordu.<\/p>\n<p style=\"text-align: justify;\">\u00c7\u00fcnk\u00fc 5 y\u0131ld\u0131r konutlarda oturan deprem ma\u011fdurlar\u0131n\u0131n yerine b\u00f6lgede g\u00f6rev yapan b\u00fcrokratlar yerle\u015ftirilecekti.<\/p>\n","protected":false},"author":1,"featured_media":0,"comment_status":"open","ping_status":"closed","sticky":false,"template":"","format":"standard","meta":{"footnotes":""},"categories":[7],"tags":[],"class_list":["post-13478","post","type-post","status-publish","format-standard","hentry","category-ekonomi","odd"],"_links":{"self":[{"href":"http:\/\/www.korhanyilmaz.com\/index.php?rest_route=\/wp\/v2\/posts\/13478","targetHints":{"allow":["GET"]}}],"collection":[{"href":"http:\/\/www.korhanyilmaz.com\/index.php?rest_route=\/wp\/v2\/posts"}],"about":[{"href":"http:\/\/www.korhanyilmaz.com\/index.php?rest_route=\/wp\/v2\/types\/post"}],"author":[{"embeddable":true,"href":"http:\/\/www.korhanyilmaz.com\/index.php?rest_route=\/wp\/v2\/users\/1"}],"replies":[{"embeddable":true,"href":"http:\/\/www.korhanyilmaz.com\/index.php?rest_route=%2Fwp%2Fv2%2Fcomments&post=13478"}],"version-history":[{"count":0,"href":"http:\/\/www.korhanyilmaz.com\/index.php?rest_route=\/wp\/v2\/posts\/13478\/revisions"}],"wp:attachment":[{"href":"http:\/\/www.korhanyilmaz.com\/index.php?rest_route=%2Fwp%2Fv2%2Fmedia&parent=13478"}],"wp:term":[{"taxonomy":"category","embeddable":true,"href":"http:\/\/www.korhanyilmaz.com\/index.php?rest_route=%2Fwp%2Fv2%2Fcategories&post=13478"},{"taxonomy":"post_tag","embeddable":true,"href":"http:\/\/www.korhanyilmaz.com\/index.php?rest_route=%2Fwp%2Fv2%2Ftags&post=13478"}],"curies":[{"name":"wp","href":"https:\/\/api.w.org\/{rel}","templated":true}]}}