{"id":13474,"date":"2009-08-15T22:36:28","date_gmt":"2009-08-15T20:36:28","guid":{"rendered":"http:\/\/www.korhanyilmaz.com\/?p=13474"},"modified":"2009-08-15T22:36:28","modified_gmt":"2009-08-15T20:36:28","slug":"baykal-akp-dtp-ve-apo-el-ele","status":"publish","type":"post","link":"http:\/\/www.korhanyilmaz.com\/?p=13474","title":{"rendered":"Baykal: &#039;AKP, DTP ve Apo el ele&#8230;&#039;"},"content":{"rendered":"<p style=\"text-align: center;\"><a href=\"http:\/\/www.korhanyilmaz.com\/wp-content\/uploads\/2009\/08\/baykal1.jpg\"  class=\"lightview\"><img loading=\"lazy\" decoding=\"async\" class=\"aligncenter size-full wp-image-13475\" src=\"http:\/\/www.korhanyilmaz.com\/wp-content\/uploads\/2009\/08\/baykal1.jpg\" alt=\"\" width=\"307\" height=\"236\" \/><\/a><\/p>\n<p style=\"text-align: justify;\">CHP Genel Ba\u015fkan\u0131 Deniz Baykal, &#8220;\u015eimdi geldi\u011fimiz noktada Ba\u015fbakan, &#8216;DTP ile birlikte T\u00fcrkiye&#8217;de ter\u00f6re son verece\u011fiz&#8217; diyor. Bundan b\u00fcy\u00fck mutluluk duyar\u0131z. \u015eimdi diyorlar ki DTP&#8217;liler, &#8216;bu sadece bizimle olmaz, \u00d6calan&#8217;\u0131 da dahil edece\u011fiz&#8217;. Yani AKP, DTP ve Apo el ele verip, ter\u00f6re son verecekler&#8221; dedi.<\/p>\n<p style=\"text-align: justify;\">Deniz Baykal, \u0130stanbul&#8217;un \u00c7atalca il\u00e7esinde son yerel se\u00e7imlerde CHP&#8217;den belediye ba\u015fkan\u0131 se\u00e7ilen Cem Kara&#8217;y\u0131 makam\u0131nda ziyaret etti.<\/p>\n<p style=\"text-align: justify;\">Baykal, &#8220;H\u00fck\u00fcmet \u015fimdi yine \u00e7ok tehlikeli bir istikamete girmi\u015f bulunuyor. T\u00fcrkiye&#8217;nin huzurunu, milli birli\u011fini ve b\u00fct\u00fcnl\u00fc\u011f\u00fcn\u00fc sarsacak konuda \u00e7ok sorumsuzca ad\u0131mlar at\u0131yor. Bu istikamette gidecek olurlarsa T\u00fcrkiye&#8217;yi \u00e7ok ciddi s\u0131k\u0131nt\u0131ya sokacaklard\u0131r&#8221; dedi. &#8220;Ama kimse merak etmesin. T\u00fcrkiye&#8217;nin milli birli\u011fi, b\u00fct\u00fcnl\u00fc\u011f\u00fc, huzuru ve karde\u015fli\u011fiyle kimsenin oynamas\u0131na izin vermeyece\u011fiz&#8221; dedi. <!--more--><\/p>\n<p style=\"text-align: justify;\">Baykal, &#8220;Ba\u015fbakan, T\u00fcrkiye&#8217;ye bak\u0131nca T\u00fcrkiye&#8217;nin mili birli\u011fini ve b\u00fct\u00fcnl\u00fc\u011f\u00fcn\u00fc de\u011fil, T\u00fcrkiye&#8217;yi olu\u015fturan etnik kimlikleri g\u00f6r\u00fcyor. A\u011fz\u0131n\u0131 a\u00e7t\u0131 m\u0131, 20 tane etnik grubu s\u0131ral\u0131yor. Sen o etnik kimlikleri b\u0131rak da, o etnik kimliklerin \u00f6tesinde bizi birle\u015ftiren, b\u00fct\u00fcnle\u015ftiren temel kimli\u011fe bak. O g\u00f6rmedi\u011fin, dilinin var\u0131p da s\u00f6ylemedi\u011fi ger\u00e7ek kimli\u011fe bak. Elbette T\u00fcrkiye&#8217;de herkes farkl\u0131 etnik kimlikler ta\u015f\u0131yor olabilir. Elbette ki kimimiz Arnavut, G\u00fcrc\u00fc ve \u00c7erkez olabilir. Bunlar\u0131n hepsi e\u015fittir, sayg\u0131de\u011ferdir. Ama sen bak\u0131nca niye sadece onlar\u0131 g\u00f6r\u00fcyorsun?&#8221; diye konu\u015ftu.<\/p>\n<p style=\"text-align: justify;\">CHP lideri, &#8220;25 y\u0131ld\u0131r T\u00fcrkiye ter\u00f6rle m\u00fccadele veriyor. Niye verdik bu m\u00fccadeleyi? Biz birbirimizi sevmedi\u011fimiz, d\u00fc\u015fmanl\u0131k yapt\u0131\u011f\u0131m\u0131z i\u00e7in mi, yoksa birileri silah\u0131 al\u0131p onu bunu \u00f6ld\u00fcrd\u00fc\u011f\u00fc, may\u0131nlay\u0131p, bombalay\u0131p T\u00fcrkiye&#8217;nin b\u00fct\u00fcnl\u00fc\u011f\u00fcn\u00fc par\u00e7alamak istedi\u011fi i\u00e7in mi? Elbette birileri T\u00fcrkiye&#8217;yi ayr\u0131\u015ft\u0131rmak, b\u00f6lmek istedi. 25 y\u0131ld\u0131r bunlar\u0131n kar\u015f\u0131s\u0131nda T\u00fcrkiye, gerekirse evlatlar\u0131n\u0131 \u015fehit vermeyi g\u00f6ze al\u0131p, &#8216;hay\u0131r, b\u00f6ld\u00fcrtmeyiz&#8217; diyor. \u015eimdi ter\u00f6rle elde edemedikleri sonucu masa ba\u015f\u0131nda, onun bunun deste\u011fiyle, bug\u00fcnk\u00fc iktidar\u0131n zihniyeti sonucunda teslim mi edece\u011fiz? T\u00fcrkiye&#8217;nin b\u00f6l\u00fcnmesine g\u00f6z m\u00fc yumaca\u011f\u0131z? O s\u00f6ylenen laflar\u0131n arkas\u0131ndaki as\u0131l hedefin ne oldu\u011funun hepimiz fark\u0131nday\u0131z&#8221; dedi.<\/p>\n<p style=\"text-align: justify;\"><strong><em>&#8220;A\u011f\u0131zdaki baklalar \u00e7\u0131k\u0131yor&#8230;&#8221; <\/em><\/strong><\/p>\n<p style=\"text-align: justify;\">Devletin herhangi bir inan\u00e7 ya da etnik kimli\u011fin par\u00e7as\u0131 yap\u0131lamayaca\u011f\u0131n\u0131 belirten Baykal, &#8220;Yava\u015f yava\u015f dillerinin alt\u0131ndaki baklalar \u00e7\u0131k\u0131yor. T\u00fcrkiye 25 y\u0131ld\u0131r ter\u00f6rle m\u00fccadele ediyor. \u015eimdi geldi\u011fimiz noktada Ba\u015fbakan, &#8216;DTP ile birlikte T\u00fcrkiye&#8217;de ter\u00f6re son verece\u011fiz&#8217; diyor. Bundan b\u00fcy\u00fck mutluluk duyar\u0131z. \u015eimdi diyorlar ki DTP&#8217;liler &#8216;bu sadece bizimle olmaz. \u00d6calan&#8217;\u0131 da dahil edece\u011fiz&#8217;. Yani AKP, DTP ve Apo el ele verip ter\u00f6re son verecekler&#8221; dedi.<\/p>\n<p style=\"text-align: justify;\">&#8220;E\u011fer b\u00f6yle bir durum olacaksa bunun bedeli ne olacak?&#8221; diyen Baykal, &#8220;25 y\u0131ld\u0131r ter\u00f6rle T\u00fcrkiye&#8217;yi b\u00f6lmeye \u00e7al\u0131\u015fanlar, \u015fimdi ter\u00f6rle elde edemediklerini bu m\u00fczakereyle mi elde edecekler? Ne verece\u011fiz onlara, neyi verece\u011fiz, bunun ortaya \u00e7\u0131kmas\u0131 gerekiyor. Bu yuvarlak laflar\u0131n \u00f6tesinde i\u015fin nereye varaca\u011f\u0131n\u0131 dikkatle izliyoruz. Kimsenin T\u00fcrkiye&#8217;yi ne ter\u00f6r\u00fc kullanarak ne de masa ba\u015f\u0131nda b\u00f6lmesine izin vermeyece\u011fiz&#8221; dedi.<\/p>\n<p style=\"text-align: justify;\"><strong><em>&#8220;Haberal&#8217;\u0131n su\u00e7u nedir?&#8221;<\/em><\/strong><\/p>\n<p style=\"text-align: justify;\">Silivri De\u011firmenk\u00f6y&#8217;deki Domates Festivali&#8217;nde de konu\u015fma yapan Deniz Baykal, &#8220;Silivri Cezaevi&#8217;nde kurulan mahkemede bu milletin namuslu, d\u00fcr\u00fcst ayd\u0131nlar\u0131, vatansever insanlar\u0131 ni\u00e7in oldu\u011funu bilmeden aylard\u0131r, bir k\u0131sm\u0131 y\u0131l\u0131 a\u015fk\u0131n bir s\u00fcre g\u00f6zalt\u0131nda duruyor. Ne yapt\u0131 bu insanlar, nedir onlar\u0131n su\u00e7u, bir Mehmet Haberal&#8217;\u0131n su\u00e7u nedir Allah a\u015fk\u0131na?&#8221; dedi.<\/p>\n<p style=\"text-align: justify;\">&#8220;Vicdanlar\u0131n\u0131z kanam\u0131yor mu?&#8221; diye h\u00fck\u00fcmete seslenen Baykal, &#8220;Onun orada durdu\u011fu her g\u00fcn benim y\u00fcre\u011fimi eziyor, sizin y\u00fcre\u011finizi ezmiyor mu, g\u00fcnah de\u011fil mi? &#8216;Bunlardan hesap soruyoruz&#8217;. Kim soruyor hesab\u0131? Kendi hesab\u0131n\u0131 vermemi\u015f olanlar soruyor. Sen \u00f6nce kendi hesab\u0131n\u0131 ver, dokunulmazl\u0131\u011f\u0131n arkas\u0131na saklanma, \u00e7\u0131k mahkemeye hesap ver, \u00f6nce bir seni g\u00f6relim bakal\u0131m&#8221; dedi.<\/p>\n<p style=\"text-align: justify;\">Vatanda\u015flar\u0131n durumu kayg\u0131yla izledi\u011fini bildi\u011fini dile getiren Baykal, ancak kimsenin endi\u015felenmemesi gerekti\u011fini, kimsenin g\u00fcc\u00fcn\u00fcn etnik kimlikleri kullanarak anayasadan &#8220;T\u00fcrk milleti&#8221; s\u00f6zc\u00fc\u011f\u00fcn\u00fc \u00e7\u0131karmaya, T\u00fcrkiye&#8217;yi b\u00f6lmeye yetmeyece\u011fini s\u00f6yledi.<\/p>\n<p style=\"text-align: justify;\">Elbette herkesin bir soyu, sopu, etnik kimli\u011fi bulundu\u011funu ve bunlarla iftihar etti\u011fini belirten Baykal, &#8220;Herkes anadilini bilecek, konu\u015facak. T\u00fcrkiye insanlar\u0131n kimlikleriyle iftihar etti\u011fi bir \u00fclkedir. Kimsenin soyu, sopu \u00f6b\u00fcr\u00fcne \u00fcst\u00fcn ya da \u00f6b\u00fcr\u00fcn\u00fcn alt\u0131nda de\u011fil. T\u00fcrkiye&#8217;nin \u00f6n\u00fcn\u00fc t\u0131kamay\u0131 ba\u015faramayacaklard\u0131r&#8221; dedi.<\/p>\n<p style=\"text-align: justify;\"><span style=\"color: #888888;\">CNN T\u00dcRK<\/span><\/p>\n","protected":false},"excerpt":{"rendered":"<p style=\"text-align: center;\">\n<p style=\"text-align: justify;\">CHP Genel Ba\u015fkan\u0131 Deniz Baykal, &#8220;\u015eimdi geldi\u011fimiz noktada Ba\u015fbakan, &#8216;DTP ile birlikte T\u00fcrkiye&#8217;de ter\u00f6re son verece\u011fiz&#8217; diyor. Bundan b\u00fcy\u00fck mutluluk duyar\u0131z. \u015eimdi diyorlar ki DTP&#8217;liler, &#8216;bu sadece bizimle olmaz, \u00d6calan&#8217;\u0131 da dahil edece\u011fiz&#8217;. Yani AKP, DTP ve Apo el ele verip, ter\u00f6re son verecekler&#8221; dedi.<\/p>\n<p style=\"text-align: justify;\">Deniz Baykal, \u0130stanbul&#8217;un <\/p>\n","protected":false},"author":1,"featured_media":0,"comment_status":"open","ping_status":"closed","sticky":false,"template":"","format":"standard","meta":{"footnotes":""},"categories":[105],"tags":[],"class_list":["post-13474","post","type-post","status-publish","format-standard","hentry","category-gundem","odd"],"_links":{"self":[{"href":"http:\/\/www.korhanyilmaz.com\/index.php?rest_route=\/wp\/v2\/posts\/13474","targetHints":{"allow":["GET"]}}],"collection":[{"href":"http:\/\/www.korhanyilmaz.com\/index.php?rest_route=\/wp\/v2\/posts"}],"about":[{"href":"http:\/\/www.korhanyilmaz.com\/index.php?rest_route=\/wp\/v2\/types\/post"}],"author":[{"embeddable":true,"href":"http:\/\/www.korhanyilmaz.com\/index.php?rest_route=\/wp\/v2\/users\/1"}],"replies":[{"embeddable":true,"href":"http:\/\/www.korhanyilmaz.com\/index.php?rest_route=%2Fwp%2Fv2%2Fcomments&post=13474"}],"version-history":[{"count":0,"href":"http:\/\/www.korhanyilmaz.com\/index.php?rest_route=\/wp\/v2\/posts\/13474\/revisions"}],"wp:attachment":[{"href":"http:\/\/www.korhanyilmaz.com\/index.php?rest_route=%2Fwp%2Fv2%2Fmedia&parent=13474"}],"wp:term":[{"taxonomy":"category","embeddable":true,"href":"http:\/\/www.korhanyilmaz.com\/index.php?rest_route=%2Fwp%2Fv2%2Fcategories&post=13474"},{"taxonomy":"post_tag","embeddable":true,"href":"http:\/\/www.korhanyilmaz.com\/index.php?rest_route=%2Fwp%2Fv2%2Ftags&post=13474"}],"curies":[{"name":"wp","href":"https:\/\/api.w.org\/{rel}","templated":true}]}}