{"id":13453,"date":"2009-08-14T16:48:19","date_gmt":"2009-08-14T13:48:19","guid":{"rendered":"http:\/\/www.korhanyilmaz.com\/?p=13453"},"modified":"2009-08-14T16:48:19","modified_gmt":"2009-08-14T13:48:19","slug":"hollandada-bir-turk-daha-olduruldu","status":"publish","type":"post","link":"http:\/\/www.korhanyilmaz.com\/?p=13453","title":{"rendered":"Hollanda&#8217;da bir T\u00fcrk daha \u00f6ld\u00fcr\u00fcld\u00fc"},"content":{"rendered":"<p style=\"text-align: center;\"><a href=\"http:\/\/www.korhanyilmaz.com\/wp-content\/uploads\/2009\/08\/hollanda.jpg\"  class=\"lightview\"><img loading=\"lazy\" decoding=\"async\" class=\"aligncenter size-full wp-image-13454\" src=\"http:\/\/www.korhanyilmaz.com\/wp-content\/uploads\/2009\/08\/hollanda.jpg\" alt=\"\" width=\"326\" height=\"211\" \/><\/a><\/p>\n<p style=\"text-align: justify;\">Hollanda&#8217;daki T\u00fcrk i\u015fkad\u0131n\u0131 Arzu Erba\u015f \u00c7akmak\u00e7\u0131&#8217;n\u0131n \u00f6ld\u00fcr\u00fclmesi ard\u0131ndan ba\u015fkent Amsterdam&#8217;\u0131n Geuzenveld semtinde bir T\u00fcrk i\u015fadam\u0131n\u0131n da \u00f6ld\u00fcr\u00fcld\u00fc\u011f\u00fc ortaya \u00e7\u0131kt\u0131.<\/p>\n<p style=\"text-align: justify;\">Ufuk Kayaku\u015fu (30) adl\u0131 i\u015fadam\u0131, evinde b\u0131\u00e7akl\u0131 sald\u0131r\u0131 sonucu \u00f6ld\u00fcr\u00fcld\u00fc. Amsterdam polisi \u00f6nceki g\u00fcn meydana gelen olayla ilgili yapt\u0131\u011f\u0131 a\u00e7\u0131klamada, Kayaku\u015fu&#8217;nun evinde b\u0131\u00e7akl\u0131 sald\u0131r\u0131 sonucu \u00f6ld\u00fcr\u00fcld\u00fc\u011f\u00fcn\u00fc a\u00e7\u0131klad\u0131. Konu ile ilgili ailesini sorguya ald\u0131klar\u0131n\u0131 belirten Amsterdam polisi cinayet ile ilgili olarak otopsi \u00e7al\u0131\u015fmalar\u0131n s\u00fcrd\u00fc\u011f\u00fcn\u00fc, ailenin hen\u00fcz T\u00fcrkiye&#8217;den yeni geldi\u011fini bu ama\u00e7la otopsinin uzun s\u00fcrece\u011fini belirtti. Polis, olayla ilgili \u00e7al\u0131\u015fmalar\u0131n s\u00fcrd\u00fc\u011f\u00fcn\u00fc belirtti. <!--more--><\/p>\n<p style=\"text-align: justify;\">Bu arada ayn\u0131 semtte ikinci defa bir T\u00fcrk\u00fcn b\u0131\u00e7akla \u00f6ld\u00fcr\u00fclmesi vatanda\u015flar taraf\u0131ndan tepki \u00e7ekti. Polis bu iki cinayetin san\u0131klar ile ilgili hen\u00fcz bir bilgi vermiyor.<\/p>\n<p style=\"text-align: justify;\">Kayaku\u015fu&#8217;nun kom\u015fusu Kemal Akyol, \u00f6ld\u00fcr\u00fclen \u015fahs\u0131 &#8220;6 y\u0131ld\u0131r tan\u0131d\u0131\u011f\u0131n\u0131&#8221; ve Kayaku\u015fu&#8217;nun &#8220;kendi halinde efendi, d\u00fcr\u00fcst, i\u015finde-g\u00fcc\u00fcnde ve ailesine ba\u011fl\u0131 bir i\u015fadam\u0131&#8221; oldu\u011funu s\u00f6yledi. Akyol, &#8220;Arkada\u015f\u0131 uzun zamandan bug\u00fcne de\u011fin tan\u0131yorum. \u00c7ok iyi bir insand\u0131. \u0130\u015finden evine evinden i\u015fine giden biri idi. Yaramaz biri de\u011fildi. Kom\u015fular\u0131 ile alakas\u0131 da \u00e7ok iyi idi. Kendisi izinde idi. Han\u0131m\u0131 ve 3 \u00e7ocu\u011fu da izinde idi. Han\u0131m\u0131ndan \u00f6nce araba ile izinden geldi. E\u015finin izinden geldikten sonra bir iki saat sonra bu olay oldu. Eve geldiklerinde b\u0131\u00e7akla \u00f6ld\u00fcr\u00fclm\u00fc\u015f olarak bulundu.<\/p>\n<p style=\"text-align: justify;\">Herhangi birileri ile sorunu yoktu. Kendinsin i\u015fyeri vard\u0131. Cam temizlik firmas\u0131 vard\u0131. Biz de ambulans olay yerine geldi\u011fini oraya gittik. Fakat burada \u015funu belirtmek isterim polis olay yerine 30 dakika ge\u00e7 geldi. Oysa polis karakolu bulundu\u011fumuz caddeye 300 metre mesafede bulunuyor. Ba\u011f\u0131rsak polis duyard\u0131. Maalesef polisler yabanc\u0131lara aras\u0131nda bu t\u00fcr vakalara biraz duyars\u0131z kal\u0131yor. Buradaki T\u00fcrk toplumu olarak biraz sahipsiz ve da\u011f\u0131n\u0131k bir toplumuz. \u0130ki g\u00fcn ara ile cinayet oldu. \u0130ki tane ba\u015far\u0131l\u0131 i\u015fadam\u0131m\u0131z \u00f6ld\u00fcr\u00fcld\u00fc. Bunlar\u0131n ayd\u0131nlat\u0131lmas\u0131n\u0131 istiyoruz.&#8221; diye konu\u015ftu.<\/p>\n<p style=\"text-align: justify;\">\u00d6ld\u00fcr\u00fclen i\u015fadam\u0131 Ufuk Kayaku\u015fu&#8217;nun akrabas\u0131 Duran Olgun da, &#8220;Ufuk do\u011fma b\u00fcy\u00fcm\u00fc Amsterdaml\u0131 idi. Kendisi cam temizleme firmas\u0131 vard\u0131. \u0130zinden yeni gelmi\u015fti. E\u015fi u\u00e7akla kendisi araba ile T\u00fcrkiye&#8217;den izinden gelmi\u015fti. 3 \u00e7ocu\u011fu vard\u0131. 2-6 ve 9 ya\u015flar\u0131nda idi. Olay\u0131n neden oldu\u011funu tam bilmiyoruz. Evinde b\u0131\u00e7akla \u00f6ld\u00fcr\u00fclm\u00fc\u015f. Polis bize bilgi vermiyor. \u015eu anda onlardan gelecek bilgiyi bekliyoruz. Kendisi efendi i\u015finde olan biri idi. D\u00fc\u015fman\u0131 falanda yoktu. Aile sorunu da yoktu. Biz de \u00e7ok \u015fa\u015fk\u0131n\u0131z. \u00c7ok \u00fczg\u00fcn\u00fcz. Annesi ve babas\u0131 da yeni duydular. Cenazeyi almak istiyoruz polis vermiyor. \u015eu an hala polis kontrol\u00fcnde morgta bulunuyor. Otopsi yap\u0131l\u0131yor. Otopsinin ard\u0131ndan haftaya bize verilece\u011fi y\u00f6n\u00fcnde bilgi geldi. Cenazeyi ald\u0131\u011f\u0131m\u0131zda namaz\u0131n ard\u0131ndan Nev\u015fehir iline ba\u011fl\u0131 G\u00fcl\u015fehir il\u00e7esine ba\u011fl\u0131 E\u011frikuyu K\u00f6y\u00fc&#8217;nde topra\u011fa verece\u011fiz.&#8221; dedi.<\/p>\n<p style=\"text-align: justify;\"><strong>E\u015e\u0130N\u0130 KAYBEDEN KADIN, 3 SAAT SORGULANMI\u015e <\/strong><\/p>\n<p style=\"text-align: justify;\">Kayaku\u015fu&#8217;nun arkada\u015f\u0131 F\u0131rat Y\u0131lmaz da, &#8220;Bu polisin olaya ge\u00e7 m\u00fcdahalesi do\u011fru. Aile peri\u015fan bir \u015fekilde kalp hastas\u0131 olan e\u015fini zorla karakola g\u00f6t\u00fcrd\u00fcler. 3 saat s\u00fcre ile e\u015fini sorgulad\u0131lar. Bo\u015f yere yapt\u0131lar. \u00c7\u00fcnk\u00fc e\u015fi T\u00fcrkiye&#8217;den hen\u00fcz yeni geldi\u011finde bu olay olmu\u015ftu. Ufuk d\u00fcr\u00fcst bir idi. Neden oldu\u011funu bilmiyoruz. \u00c7ok iyi bir idi. \u00c7al\u0131\u015ft\u0131\u011f\u0131 i\u015fyerini biliyorum. Bu konuda bilgim yok. Bir insan 3 \u00e7ocu\u011fu yetim b\u0131rak\u0131p bunu nas\u0131l yapabildiler. Evinde oturma odas\u0131nda hunharca b\u0131\u00e7aklanarak \u00f6ld\u00fcr\u00fcld\u00fc. Evinde zorlama olmadan \u00f6ld\u00fcr\u00fcp evin kap\u0131s\u0131n\u0131 \u00e7ekip gitmi\u015f. Haftaya Pazartesi cenaze verilecek. Bu durum bizim dinimize uymuyor. Ama biz yabanc\u0131 devlette bu t\u00fcr s\u0131k\u0131nt\u0131lar ya\u015f\u0131yoruz.&#8221;<\/p>\n<p style=\"text-align: justify;\"><strong>KAYAKU\u015eU&#8217;NUN EN\u0130\u015eTES\u0130 OSMAN G\u00dcRLER C\u0130NAYET\u0130 ANLATTI <\/strong><\/p>\n<p style=\"text-align: justify;\">Osman G\u00fcrler kayn\u0131n\u0131n son derece efendi d\u00fcr\u00fcst ve ahlakl\u0131 evine ve \u00e7ocuklar\u0131na ba\u011fl\u0131 biri oldu\u011funu s\u00f6yledi. G\u00fcrler, &#8220;Olay g\u00fcn\u00fc ak\u015fam saat 19.00&#8217;a kadar orta\u011f\u0131 ile balkonda oturmu\u015flar orta\u011f\u0131 ayr\u0131ld\u0131ktan sonra kendisi 20.30 sular\u0131nda e\u015fini almak i\u00e7in havaliman\u0131na gidecekti. E\u015fi havaliman\u0131nda onu bekliyor. Fakat gelmeyince karde\u015fine haber veriyorlar. Sonra eve geldiklerine evde b\u0131\u00e7akla \u00f6ld\u00fcr\u00fclm\u00fc\u015f olarak bulunuyor. Bu nas\u0131l bir vah\u015filik d\u00fcnya tatl\u0131s\u0131 bir insan ve arkada 3 yetim \u00e7ocuk b\u0131rak\u0131ld\u0131? Bu ac\u0131m\u0131z yetmiyormu\u015f gibi polis cenazeyi vermemekle ikinci bir ac\u0131 ya\u015fat\u0131yor. Otopsi nedeni ile cenaze pazartesine kald\u0131 ancak Sal\u0131 g\u00fcn\u00fc g\u00f6t\u00fcrece\u011fiz. T\u00fcm ailesi peri\u015fan oldu.&#8221; dedi.<\/p>\n<p style=\"text-align: justify;\"><span style=\"color: #888888;\">Kaynak : Star<\/span><\/p>\n","protected":false},"excerpt":{"rendered":"<p style=\"text-align: center;\">\n<p style=\"text-align: justify;\">Hollanda&#8217;daki T\u00fcrk i\u015fkad\u0131n\u0131 Arzu Erba\u015f \u00c7akmak\u00e7\u0131&#8217;n\u0131n \u00f6ld\u00fcr\u00fclmesi ard\u0131ndan ba\u015fkent Amsterdam&#8217;\u0131n Geuzenveld semtinde bir T\u00fcrk i\u015fadam\u0131n\u0131n da \u00f6ld\u00fcr\u00fcld\u00fc\u011f\u00fc ortaya \u00e7\u0131kt\u0131.<\/p>\n<p style=\"text-align: justify;\">Ufuk Kayaku\u015fu (30) adl\u0131 i\u015fadam\u0131, evinde b\u0131\u00e7akl\u0131 sald\u0131r\u0131 sonucu \u00f6ld\u00fcr\u00fcld\u00fc. Amsterdam polisi \u00f6nceki g\u00fcn meydana gelen olayla ilgili yapt\u0131\u011f\u0131 a\u00e7\u0131klamada, Kayaku\u015fu&#8217;nun evinde b\u0131\u00e7akl\u0131 sald\u0131r\u0131 sonucu \u00f6ld\u00fcr\u00fcld\u00fc\u011f\u00fcn\u00fc a\u00e7\u0131klad\u0131. Konu ile <\/p>\n","protected":false},"author":1,"featured_media":0,"comment_status":"open","ping_status":"closed","sticky":false,"template":"","format":"standard","meta":{"footnotes":""},"categories":[3],"tags":[],"class_list":["post-13453","post","type-post","status-publish","format-standard","hentry","category-dunya","odd"],"_links":{"self":[{"href":"http:\/\/www.korhanyilmaz.com\/index.php?rest_route=\/wp\/v2\/posts\/13453","targetHints":{"allow":["GET"]}}],"collection":[{"href":"http:\/\/www.korhanyilmaz.com\/index.php?rest_route=\/wp\/v2\/posts"}],"about":[{"href":"http:\/\/www.korhanyilmaz.com\/index.php?rest_route=\/wp\/v2\/types\/post"}],"author":[{"embeddable":true,"href":"http:\/\/www.korhanyilmaz.com\/index.php?rest_route=\/wp\/v2\/users\/1"}],"replies":[{"embeddable":true,"href":"http:\/\/www.korhanyilmaz.com\/index.php?rest_route=%2Fwp%2Fv2%2Fcomments&post=13453"}],"version-history":[{"count":0,"href":"http:\/\/www.korhanyilmaz.com\/index.php?rest_route=\/wp\/v2\/posts\/13453\/revisions"}],"wp:attachment":[{"href":"http:\/\/www.korhanyilmaz.com\/index.php?rest_route=%2Fwp%2Fv2%2Fmedia&parent=13453"}],"wp:term":[{"taxonomy":"category","embeddable":true,"href":"http:\/\/www.korhanyilmaz.com\/index.php?rest_route=%2Fwp%2Fv2%2Fcategories&post=13453"},{"taxonomy":"post_tag","embeddable":true,"href":"http:\/\/www.korhanyilmaz.com\/index.php?rest_route=%2Fwp%2Fv2%2Ftags&post=13453"}],"curies":[{"name":"wp","href":"https:\/\/api.w.org\/{rel}","templated":true}]}}