{"id":13438,"date":"2009-08-14T13:11:23","date_gmt":"2009-08-14T10:11:23","guid":{"rendered":"http:\/\/www.korhanyilmaz.com\/?p=13438"},"modified":"2009-08-14T13:11:23","modified_gmt":"2009-08-14T10:11:23","slug":"rijkaard-gutiyi-istiyor-iddiasi","status":"publish","type":"post","link":"http:\/\/www.korhanyilmaz.com\/?p=13438","title":{"rendered":"&#8216;Rijkaard Guti&#8217;yi istiyor&#8217; iddias\u0131"},"content":{"rendered":"<p style=\"text-align: center;\"><a href=\"http:\/\/www.korhanyilmaz.com\/wp-content\/uploads\/2009\/08\/R\u0130JKAARD.jpg\"  class=\"lightview\"><img loading=\"lazy\" decoding=\"async\" class=\"aligncenter size-full wp-image-13439\" title=\"D\" src=\"http:\/\/www.korhanyilmaz.com\/wp-content\/uploads\/2009\/08\/R\u0130JKAARD.jpg\" alt=\"D\" width=\"410\" height=\"179\" \/><\/a><\/p>\n<p style=\"text-align: justify;\">\u0130spanyol bas\u0131n\u0131, Frank Rijkaard&#8217;\u0131n Galatasaray y\u00f6netiminden, Real Madrid&#8217;in orta saha oyuncusu Guti&#8217;nin transferini istedi\u011fini iddia etti.<\/p>\n<p style=\"text-align: justify;\">El Mundo gazetesi, Real Madrid ile 2011 y\u0131l\u0131na kadar s\u00f6zle\u015fmesi bulunan Guti&#8217;yi, Galatasaray teknik direkt\u00f6r\u00fc Frank Rijkaard&#8217;\u0131n istedi\u011fini \u00f6ne s\u00fcrd\u00fc.<\/p>\n<p style=\"text-align: justify;\">Haberde, Rijkaard&#8217;\u0131n gelecek sezon Avrupa&#8217;da ba\u015far\u0131 i\u00e7in Baros, Keita, Elano, Arda gibi y\u0131ld\u0131zlar\u0131n yan\u0131na Guti&#8217;nin de eklenmesini istedi\u011fi belirtildi.<\/p>\n<p style=\"text-align: justify;\">El Mundo, Real&#8217;in yeni transferleri y\u00fcz\u00fcnden ilk 11&#8217;de yer bulmas\u0131 zor g\u00f6r\u00fcnen Guti&#8217;nin her \u015feye ra\u011fmen Madrid&#8217;den ayr\u0131lmay\u0131 d\u00fc\u015f\u00fcnmedi\u011fini vurgulad\u0131. <!--more--><\/p>\n<p style=\"text-align: justify;\">Guti&#8217;nin teknik direkt\u00f6r Manuel Pellegrini ve baz\u0131 kul\u00fcp y\u00f6neticileri ile konu\u015fup &#8220;s\u00f6zle\u015fmesini tamamlamak arzusunda oldu\u011funu&#8221; dile getirdi\u011fi ifade edildi.<\/p>\n<p style=\"text-align: justify;\">31 ya\u015f\u0131ndaki Jose Maria Guti, 1995-1996 sezonundan bu yana Real Madrid&#8217;in A tak\u0131m\u0131nda forma giyiyor.<\/p>\n<p style=\"text-align: justify;\">El Mundo, transfer sezonunun 31 A\u011fustos ak\u015fam\u0131 sona erece\u011fini belirterek, zengin kadrosunu 25 futbolcuya indirmek zorunda olan Real Madrid&#8217;in bir\u00e7ok oyuncusunu satmak istedi\u011fine dikkat \u00e7ekti.<\/p>\n<p style=\"text-align: justify;\"><span style=\"color: #888888;\">CNN T\u00dcRK<\/span><\/p>\n","protected":false},"excerpt":{"rendered":"<p style=\"text-align: center;\">\n<p style=\"text-align: justify;\">\u0130spanyol bas\u0131n\u0131, Frank Rijkaard&#8217;\u0131n Galatasaray y\u00f6netiminden, Real Madrid&#8217;in orta saha oyuncusu Guti&#8217;nin transferini istedi\u011fini iddia etti.<\/p>\n<p style=\"text-align: justify;\">El Mundo gazetesi, Real Madrid ile 2011 y\u0131l\u0131na kadar s\u00f6zle\u015fmesi bulunan Guti&#8217;yi, Galatasaray teknik direkt\u00f6r\u00fc Frank Rijkaard&#8217;\u0131n istedi\u011fini \u00f6ne s\u00fcrd\u00fc.<\/p>\n<p style=\"text-align: justify;\">Haberde, Rijkaard&#8217;\u0131n gelecek sezon Avrupa&#8217;da ba\u015far\u0131 i\u00e7in Baros, Keita, Elano, <\/p>\n","protected":false},"author":1,"featured_media":0,"comment_status":"open","ping_status":"closed","sticky":false,"template":"","format":"standard","meta":{"footnotes":""},"categories":[42],"tags":[],"class_list":["post-13438","post","type-post","status-publish","format-standard","hentry","category-spor","odd"],"_links":{"self":[{"href":"http:\/\/www.korhanyilmaz.com\/index.php?rest_route=\/wp\/v2\/posts\/13438","targetHints":{"allow":["GET"]}}],"collection":[{"href":"http:\/\/www.korhanyilmaz.com\/index.php?rest_route=\/wp\/v2\/posts"}],"about":[{"href":"http:\/\/www.korhanyilmaz.com\/index.php?rest_route=\/wp\/v2\/types\/post"}],"author":[{"embeddable":true,"href":"http:\/\/www.korhanyilmaz.com\/index.php?rest_route=\/wp\/v2\/users\/1"}],"replies":[{"embeddable":true,"href":"http:\/\/www.korhanyilmaz.com\/index.php?rest_route=%2Fwp%2Fv2%2Fcomments&post=13438"}],"version-history":[{"count":0,"href":"http:\/\/www.korhanyilmaz.com\/index.php?rest_route=\/wp\/v2\/posts\/13438\/revisions"}],"wp:attachment":[{"href":"http:\/\/www.korhanyilmaz.com\/index.php?rest_route=%2Fwp%2Fv2%2Fmedia&parent=13438"}],"wp:term":[{"taxonomy":"category","embeddable":true,"href":"http:\/\/www.korhanyilmaz.com\/index.php?rest_route=%2Fwp%2Fv2%2Fcategories&post=13438"},{"taxonomy":"post_tag","embeddable":true,"href":"http:\/\/www.korhanyilmaz.com\/index.php?rest_route=%2Fwp%2Fv2%2Ftags&post=13438"}],"curies":[{"name":"wp","href":"https:\/\/api.w.org\/{rel}","templated":true}]}}