{"id":13435,"date":"2009-08-14T16:21:16","date_gmt":"2009-08-14T13:21:16","guid":{"rendered":"http:\/\/www.korhanyilmaz.com\/?p=13435"},"modified":"2009-08-14T16:21:16","modified_gmt":"2009-08-14T13:21:16","slug":"saglam-sercan-bursasporun-futbolcusu","status":"publish","type":"post","link":"http:\/\/www.korhanyilmaz.com\/?p=13435","title":{"rendered":"Sa\u011flam: &#8216;Sercan Bursaspor&#8217;un futbolcusu&#8217;"},"content":{"rendered":"<p style=\"text-align: center;\"><a href=\"http:\/\/www.korhanyilmaz.com\/wp-content\/uploads\/2009\/08\/SERCAN.jpg\"  class=\"lightview\"><img loading=\"lazy\" decoding=\"async\" class=\"aligncenter size-full wp-image-13436\" src=\"http:\/\/www.korhanyilmaz.com\/wp-content\/uploads\/2009\/08\/SERCAN.jpg\" alt=\"\" width=\"410\" height=\"179\" \/><\/a><\/p>\n<p style=\"text-align: justify;\">Bursaspor teknik direkt\u00f6r\u00fc Ertu\u011frul Sa\u011flam, Sercan Y\u0131ld\u0131r\u0131m&#8217;\u0131n transferiyle ilgili son yetkili mercinin Bursaspor oldu\u011funu s\u00f6yledi.<\/p>\n<p style=\"text-align: justify;\">Sa\u011flam, &#8220;Sercan&#8217;\u0131n transferiyle ilgili babas\u0131, a\u011fabeyi, annesi ya da menajeri karar verecek durumda de\u011fil. Taraftarlar\u0131m\u0131z kesinlikle bu t\u00fcr haberlere itibar etmesin&#8221; dedi.<\/p>\n<p style=\"text-align: justify;\">Eski\u015fehirspor ile pazar g\u00fcn\u00fc oynayacaklar\u0131 lig ma\u00e7\u0131 \u00f6ncesinde bir bas\u0131n toplant\u0131s\u0131 d\u00fczenleyen Sa\u011flam, &#8220;&#8221;Sercan Bursaspor&#8217;un futbolcusu. Transferiyle ilgili son yetkili merci Bursaspor&#8221; dedi. <!--more--><\/p>\n<p style=\"text-align: justify;\">Fenerbah\u00e7e ve Galatasaray gibi b\u00fcy\u00fck kul\u00fcplerin istedi\u011fi Sercan&#8217;\u0131n Bursaspor&#8217;da oynamaktan memnun oldu\u011funu belirten Sa\u011flam, &#8220;biz de memnunuz. Bu t\u00fcr s\u00f6ylemler sadece oyuncuya ve tak\u0131ma zarar verir. Kendisinin Bursaspor ile \u00fc\u00e7 y\u0131ll\u0131k s\u00f6zle\u015fmesi var. Resmi olarak kul\u00fcb\u00fc de arayan olmad\u0131&#8221; diye konu\u015ftu.<\/p>\n<p style=\"text-align: justify;\">Eski\u015fehirspor ve Ankarag\u00fcc\u00fc&#8217;nden sonra \u00fc\u00e7 b\u00fcy\u00fck tak\u0131mla oynayacaklar\u0131n\u0131 hat\u0131rlatan Sa\u011flam, &#8220;zorlu \u00fc\u00e7 hafta i\u00e7inde al\u0131nacak puanlar bu grubun i\u00e7inde k\u0131sa vadede olup olmayaca\u011f\u0131m\u0131z\u0131n g\u00f6stergesi olacak&#8221;  dedi.<\/p>\n<p style=\"text-align: justify;\">Ertu\u011frul Sa\u011flam, sakatl\u0131klar\u0131 bulunan Eren ve Serdar Aziz&#8217;in Eski\u015fehir&#8217;e kar\u015f\u0131 oynamayaca\u011f\u0131n\u0131, yeni transfer Ivan Ergic&#8217;in oynayacak duruma geldi\u011fini ancak Batalla&#8217;n\u0131n yine forma giymeyece\u011fini s\u00f6yledi.<\/p>\n<p style=\"text-align: justify;\"><span style=\"color: #888888;\">CNN T\u00dcRK<\/span><\/p>\n","protected":false},"excerpt":{"rendered":"<p style=\"text-align: center;\">\n<p style=\"text-align: justify;\">Bursaspor teknik direkt\u00f6r\u00fc Ertu\u011frul Sa\u011flam, Sercan Y\u0131ld\u0131r\u0131m&#8217;\u0131n transferiyle ilgili son yetkili mercinin Bursaspor oldu\u011funu s\u00f6yledi.<\/p>\n<p style=\"text-align: justify;\">Sa\u011flam, &#8220;Sercan&#8217;\u0131n transferiyle ilgili babas\u0131, a\u011fabeyi, annesi ya da menajeri karar verecek durumda de\u011fil. Taraftarlar\u0131m\u0131z kesinlikle bu t\u00fcr haberlere itibar etmesin&#8221; dedi.<\/p>\n<p style=\"text-align: justify;\">Eski\u015fehirspor ile pazar g\u00fcn\u00fc oynayacaklar\u0131 lig ma\u00e7\u0131 \u00f6ncesinde bir <\/p>\n","protected":false},"author":1,"featured_media":0,"comment_status":"open","ping_status":"closed","sticky":false,"template":"","format":"standard","meta":{"footnotes":""},"categories":[42],"tags":[],"class_list":["post-13435","post","type-post","status-publish","format-standard","hentry","category-spor","odd"],"_links":{"self":[{"href":"http:\/\/www.korhanyilmaz.com\/index.php?rest_route=\/wp\/v2\/posts\/13435","targetHints":{"allow":["GET"]}}],"collection":[{"href":"http:\/\/www.korhanyilmaz.com\/index.php?rest_route=\/wp\/v2\/posts"}],"about":[{"href":"http:\/\/www.korhanyilmaz.com\/index.php?rest_route=\/wp\/v2\/types\/post"}],"author":[{"embeddable":true,"href":"http:\/\/www.korhanyilmaz.com\/index.php?rest_route=\/wp\/v2\/users\/1"}],"replies":[{"embeddable":true,"href":"http:\/\/www.korhanyilmaz.com\/index.php?rest_route=%2Fwp%2Fv2%2Fcomments&post=13435"}],"version-history":[{"count":0,"href":"http:\/\/www.korhanyilmaz.com\/index.php?rest_route=\/wp\/v2\/posts\/13435\/revisions"}],"wp:attachment":[{"href":"http:\/\/www.korhanyilmaz.com\/index.php?rest_route=%2Fwp%2Fv2%2Fmedia&parent=13435"}],"wp:term":[{"taxonomy":"category","embeddable":true,"href":"http:\/\/www.korhanyilmaz.com\/index.php?rest_route=%2Fwp%2Fv2%2Fcategories&post=13435"},{"taxonomy":"post_tag","embeddable":true,"href":"http:\/\/www.korhanyilmaz.com\/index.php?rest_route=%2Fwp%2Fv2%2Ftags&post=13435"}],"curies":[{"name":"wp","href":"https:\/\/api.w.org\/{rel}","templated":true}]}}