{"id":13428,"date":"2009-08-14T21:40:12","date_gmt":"2009-08-14T18:40:12","guid":{"rendered":"http:\/\/www.korhanyilmaz.com\/?p=13428"},"modified":"2009-08-14T21:40:12","modified_gmt":"2009-08-14T18:40:12","slug":"yonetim-kurulu-uyesi-deniz-fenerini-savundu","status":"publish","type":"post","link":"http:\/\/www.korhanyilmaz.com\/?p=13428","title":{"rendered":"Y\u00f6netim Kurulu \u00dcyesi Deniz Feneri&#039;ni savundu"},"content":{"rendered":"<p><a href=\"http:\/\/www.korhanyilmaz.com\/wp-content\/uploads\/2009\/08\/deniz_feneri2.jpg\"  class=\"lightview\"><img loading=\"lazy\" decoding=\"async\" class=\"aligncenter size-full wp-image-13429\" src=\"http:\/\/www.korhanyilmaz.com\/wp-content\/uploads\/2009\/08\/deniz_feneri2.jpg\" alt=\"\" width=\"292\" height=\"194\" \/><\/a><\/p>\n<p style=\"text-align: justify;\">Deniz Feneri Derne\u011fi Y\u00f6netim Kurulu \u00dcyesi Hamit Kunt &#8220;Ge\u00e7en sene ad\u0131 &#8216;Deniz Feneri&#8217; olan dava \u00fczerinden yap\u0131lan karalama kampanyas\u0131 kast\u0131n\u0131 \u00e7ok a\u015ft\u0131 bu \u00fclkede. Bu zamana kadar T\u00fcrkiye&#8217;de her ay 25 bin aileye yard\u0131m ula\u015ft\u0131r\u0131yorduk, \u015fimdi 5 bine d\u00fc\u015ft\u00fc&#8221; dedi.<\/p>\n<p style=\"text-align: justify;\">Deniz Feneri Derne\u011fi Ege Temsilcili\u011fi&#8217;nde d\u00fczenlenen yemekte konu\u015fan Kunt, yeme\u011fin amac\u0131n\u0131n \u0130zmir&#8217;de yard\u0131m i\u015fiyle u\u011fra\u015fan sivil toplum kurulu\u015flar\u0131yla bulu\u015fmak, yakla\u015fan &#8220;Ramazan iklimini&#8221; payla\u015fmak oldu\u011funu belirtti.<\/p>\n<p style=\"text-align: justify;\">Kunt, &#8220;Ge\u00e7ti\u011fimiz Ramazan ay\u0131nda Deniz Feneri \u00fczerinden T\u00fcrkiye&#8217;de yard\u0131mla\u015fma duygusunu da \u00f6rseleyen baz\u0131 yay\u0131nlar yap\u0131lm\u0131\u015ft\u0131. Bu yay\u0131nlar\u0131 ortak g\u00f6\u011f\u00fcslemek noktas\u0131nda isti\u015faremiz olacak&#8221; diye konu\u015ftu. <!--more--><\/p>\n<p style=\"text-align: justify;\">Kunt, &#8220;Ge\u00e7en sene ad\u0131 &#8216;Deniz Feneri&#8217; olan dava \u00fczerinden yap\u0131lan karalama kampanyas\u0131 kast\u0131n\u0131 \u00e7ok a\u015ft\u0131 bu \u00fclkede. Almanya&#8217;daki farkl\u0131 bir davan\u0131n \u00fczerinden gelen dalga kast\u0131n\u0131n \u00e7ok \u00f6tesinde yaralar a\u00e7t\u0131. T\u00fcrkiye&#8217;deki Deniz Feneri&#8217;nin Almanya&#8217;daki o davayla hi\u00e7bir alakas\u0131 olmamas\u0131na ra\u011fmen ayn\u0131ym\u0131\u015f gibi g\u00f6sterildi, ama hukuken \u015fu anda belirlendi ki tamamen \u00e7al\u0131\u015fma s\u00fcre\u00e7leri dahil, ayr\u0131 bir sivil toplum kurulu\u015fu. Bug\u00fcne kadar \u0130\u00e7i\u015fleri Bakanl\u0131\u011f\u0131 taraf\u0131ndan 18 kez denetlenmi\u015f ve hi\u00e7bir su\u00e7 unsuru rastlanmam\u0131\u015f bir sivil toplum kurulu\u015fudur. Bu zamana kadar T\u00fcrkiye&#8217;de her ay 25 bin aileye yard\u0131m ula\u015ft\u0131r\u0131yorduk, \u015fimdi 5 bine d\u00fc\u015ft\u00fc. Eskiden yoksulluk s\u0131n\u0131r\u0131ndaki ailelere yard\u0131mda bulunuyorduk. \u015eimdi a\u00e7l\u0131k s\u0131n\u0131r\u0131ndaki ailelere yard\u0131m edebiliyoruz&#8221; dedi.<\/p>\n<p style=\"text-align: justify;\">&#8220;Halk\u0131n gelecek g\u00fcnlerde T\u00fcrkiye Deniz Feneri&#8217;nin kendisine ba\u011f\u0131\u015flanm\u0131\u015f bir kuru\u015fu dahi gayesi d\u0131\u015f\u0131nda harcamad\u0131\u011f\u0131n\u0131 g\u00f6rece\u011fini&#8221; ifade eden Kunt, s\u00f6zlerini &#8220;Diliyorum ki bu karalama kampanyas\u0131n\u0131 farkl\u0131 ama\u00e7larla d\u00fczenleyen \u00e7evreler de yard\u0131mla\u015fma duygusuna yapt\u0131klar\u0131 yaray\u0131, zarar\u0131 g\u00f6r\u00fcrler de bu iki i\u015fi birbirinden ay\u0131r\u0131rlar&#8221; diyerek tamamlad\u0131.<\/p>\n<p style=\"text-align: justify;\"><span style=\"color: #888888;\">CNN T\u00dcRK<\/span><\/p>\n","protected":false},"excerpt":{"rendered":"<\/p>\n<p style=\"text-align: justify;\">Deniz Feneri Derne\u011fi Y\u00f6netim Kurulu \u00dcyesi Hamit Kunt &#8220;Ge\u00e7en sene ad\u0131 &#8216;Deniz Feneri&#8217; olan dava \u00fczerinden yap\u0131lan karalama kampanyas\u0131 kast\u0131n\u0131 \u00e7ok a\u015ft\u0131 bu \u00fclkede. Bu zamana kadar T\u00fcrkiye&#8217;de her ay 25 bin aileye yard\u0131m ula\u015ft\u0131r\u0131yorduk, \u015fimdi 5 bine d\u00fc\u015ft\u00fc&#8221; dedi.<\/p>\n<p style=\"text-align: justify;\">Deniz Feneri Derne\u011fi Ege Temsilcili\u011fi&#8217;nde d\u00fczenlenen yemekte konu\u015fan Kunt, yeme\u011fin <\/p>\n","protected":false},"author":1,"featured_media":0,"comment_status":"open","ping_status":"closed","sticky":false,"template":"","format":"standard","meta":{"footnotes":""},"categories":[105],"tags":[],"class_list":["post-13428","post","type-post","status-publish","format-standard","hentry","category-gundem","odd"],"_links":{"self":[{"href":"http:\/\/www.korhanyilmaz.com\/index.php?rest_route=\/wp\/v2\/posts\/13428","targetHints":{"allow":["GET"]}}],"collection":[{"href":"http:\/\/www.korhanyilmaz.com\/index.php?rest_route=\/wp\/v2\/posts"}],"about":[{"href":"http:\/\/www.korhanyilmaz.com\/index.php?rest_route=\/wp\/v2\/types\/post"}],"author":[{"embeddable":true,"href":"http:\/\/www.korhanyilmaz.com\/index.php?rest_route=\/wp\/v2\/users\/1"}],"replies":[{"embeddable":true,"href":"http:\/\/www.korhanyilmaz.com\/index.php?rest_route=%2Fwp%2Fv2%2Fcomments&post=13428"}],"version-history":[{"count":0,"href":"http:\/\/www.korhanyilmaz.com\/index.php?rest_route=\/wp\/v2\/posts\/13428\/revisions"}],"wp:attachment":[{"href":"http:\/\/www.korhanyilmaz.com\/index.php?rest_route=%2Fwp%2Fv2%2Fmedia&parent=13428"}],"wp:term":[{"taxonomy":"category","embeddable":true,"href":"http:\/\/www.korhanyilmaz.com\/index.php?rest_route=%2Fwp%2Fv2%2Fcategories&post=13428"},{"taxonomy":"post_tag","embeddable":true,"href":"http:\/\/www.korhanyilmaz.com\/index.php?rest_route=%2Fwp%2Fv2%2Ftags&post=13428"}],"curies":[{"name":"wp","href":"https:\/\/api.w.org\/{rel}","templated":true}]}}