{"id":13424,"date":"2009-08-14T16:55:23","date_gmt":"2009-08-14T13:55:23","guid":{"rendered":"http:\/\/www.korhanyilmaz.com\/?p=13424"},"modified":"2009-08-14T16:55:23","modified_gmt":"2009-08-14T13:55:23","slug":"pkk%e2%80%99nin-ilk-eylemi-eruh%e2%80%99ta-gerceklesmisti","status":"publish","type":"post","link":"http:\/\/www.korhanyilmaz.com\/?p=13424","title":{"rendered":"PKK\u2019n\u0131n ilk eylemi Eruh\u2019ta ger\u00e7ekle\u015fmi\u015fti"},"content":{"rendered":"<p style=\"text-align: center;\"><a href=\"http:\/\/www.korhanyilmaz.com\/wp-content\/uploads\/2009\/08\/eruh.jpg\"  class=\"lightview\"><img loading=\"lazy\" decoding=\"async\" class=\"aligncenter size-full wp-image-13425\" src=\"http:\/\/www.korhanyilmaz.com\/wp-content\/uploads\/2009\/08\/eruh.jpg\" alt=\"\" width=\"329\" height=\"210\" \/><\/a><\/p>\n<p style=\"text-align: justify;\"><strong><em>15 A\u011fustos 1984\u2019te Eruh\u2019ta ne olmu\u015ftu? <\/em><\/strong><\/p>\n<p style=\"text-align: justify;\">1976\u2019da Ankara\u2019da k\u00fc\u00e7\u00fck bir grupla\u015fma halindeyken 1978 y\u0131l\u0131ndan itibaren Hilvan-Siverek civar\u0131nda kimi a\u015firetlerle kendisi d\u0131\u015f\u0131ndaki solcular\u0131 ve K\u00fcrtleri hedef alan eylemlerle sesini duyurdu.<\/p>\n<p style=\"text-align: justify;\">O d\u00f6nemde Apocular olarak bilinen ve Siverek\u2019teki Bucak a\u015firetine kar\u015f\u0131 silahl\u0131 eylemlerde militanlar\u0131n ayaklar\u0131na giydi\u011fi ayakkab\u0131lar nedeniyle \u201cMekapl\u0131lar\u201d diye adland\u0131r\u0131lan ter\u00f6rist grup, 17 Kas\u0131m 1979\u2019da PKK ismiyle partile\u015fti.<\/p>\n<p style=\"text-align: justify;\">12 Eyl\u00fcl d\u00f6neminde a\u00e7\u0131lan davan\u0131n iddianamesinde 12 Eyl\u00fcl 1980\u2019e kadar 213\u2019\u00fc sivil 243 ki\u015fiyi \u00f6ld\u00fcrd\u00fc\u011f\u00fc belirtilen PKK \u00f6rg\u00fct\u00fc, bu d\u00f6nemde yakalanmayan kadrolar\u0131n\u0131 Filistin, L\u00fcbnan ve Suriye\u2019ye \u00e7eken ve daha sonra Kuzey Irak\u2019ta \u00fcslenen PKK, ilk b\u00fcy\u00fck eylemini 15 \u015eubat 1984\u2019de yapt\u0131. <!--more--><\/p>\n<p style=\"text-align: justify;\">Siirt\u2019in Eruh ve Hakkari\u2019nin \u015eemdinli il\u00e7esini basan ter\u00f6ristler, karakollara ve askeri lojmanlara sald\u0131rd\u0131lar. Her iki il\u00e7eyi bir s\u00fcre kontrol alt\u0131nda tutan \u00f6rg\u00fct militanlar\u0131, il\u00e7e meydan\u0131ndan ve cami minaresinden bir s\u00fcre propaganda yapt\u0131 ve daha sonra da Kuzey Irak\u2019a d\u00f6nd\u00fckleri bildirildi.<\/p>\n<p style=\"text-align: justify;\">Sadece Eruh\u2019ta 1 askerin \u015fehit d\u00fc\u015ft\u00fc\u011f\u00fc olay, \u00f6l\u00fc say\u0131s\u0131n\u0131n az olmas\u0131na da bak\u0131larak ilk anda \u00e7ok \u00f6nemsenmedi. Son birka\u00e7 y\u0131ld\u0131r zaman zaman ve yer yer g\u00f6r\u00fclen vur-ka\u00e7 eylemlerinden biri san\u0131ld\u0131. PKK sonraki her 15 A\u011fustos\u2019u \u00f6nceleri \u201cilk kur\u015fun g\u00fcn\u00fc\u201d sonra da \u201cDirili\u015f Bayram\u0131\u201d olarak yeni eylemlerle kutlama karar\u0131 ald\u0131.<\/p>\n<p style=\"text-align: justify;\"><strong><em>Kan duracaksa bu a\u00e7\u0131l\u0131m yap\u0131lmal\u0131 <\/em><\/strong><\/p>\n<p style=\"text-align: justify;\">Eruh bask\u0131n\u0131nda ilk \u015fehit S\u00fcleyman Ayd\u0131n oldu. A\u011f\u0131r yaralanan Astsubay Memi\u015f Ar\u0131ba\u015f ise olaydan 5 g\u00fcn sonra \u015fehit oldu. Ar\u0131ba\u015f\u2019\u0131n halas\u0131n\u0131n o\u011flu 48 ya\u015f\u0131ndaki Salim \u00c7al\u0131\u015fkan, \u201cKuzenim Memi\u015f Ankara\u2019da Kara Harp Okulu\u2019nda okudu. \u015eehit oldu\u011funda daha 21 ya\u015f\u0131ndayd\u0131. Hepimiz i\u00e7in \u00e7ok ac\u0131 bir g\u00fcnd\u00fc. T\u00fcrkiye o zaman bu kadar al\u0131\u015f\u0131k de\u011fildi. \u015eimdi neredeyse her g\u00fcn kan ak\u0131yor. \u015eimdi K\u00fcrt a\u00e7\u0131l\u0131m\u0131 g\u00fcndemde. Bence e\u011fer akan kan duracaksa bu a\u00e7\u0131l\u0131m yap\u0131lmal\u0131. \u00c7\u00fcnk\u00fc daha fazla \u015fehidi kald\u0131ramaz bu \u00fclke\u201d dedi.<\/p>\n<p style=\"text-align: justify;\"><strong><em>PKK\u2019n\u0131n ilk eylemi 3 g\u00fcn sonra duyuldu<\/em><\/strong><\/p>\n<p style=\"text-align: justify;\">15 A\u011fustos 1984 y\u0131l\u0131nda \u015eemdinli-Eruh bask\u0131n\u0131n\u0131 ilk duyuran 18 A\u011fustos\u2019ta H\u00fcrriyet Gazetesi oldu. \u201cG\u00fcneyde Operasyon\u201d s\u00fcrman\u015fetini kulanan H\u00fcrriyet Gazetesi, o tarihte ger\u00e7ekle\u015ftirilen bask\u0131na gazetede geni\u015f yer verdi. \u015eemdinli bask\u0131n\u0131nda a\u011f\u0131r yaralanan Astsubay Memi\u015f Ar\u0131ba\u015f, olaydan 5 g\u00fcn sonra ya\u015fam\u0131n\u0131 yitirirken, Eruh\u2019a yap\u0131lan sald\u0131r\u0131da ise er S\u00fcleyman Ayd\u0131n, \u015fehit olmu\u015ftu.<\/p>\n<p style=\"text-align: justify;\"><strong>\u0130LK \u015eEH\u0130T S\u00dcLEYMAN AYDIN\u2019DI <\/strong><\/p>\n<p style=\"text-align: justify;\">Siirt\u2019in Eruh \u0130l\u00e7esi\u2019nde 15 A\u011fustos 1984 y\u0131l\u0131nda ter\u00f6r \u00f6rg\u00fct\u00fc PKK\u2019n\u0131n d\u00fczenledi\u011fi ilk silahl\u0131 sald\u0131r\u0131da \u015fehit olan Erzincanl\u0131 S\u00fcleyman Ayd\u0131n\u2019\u0131n a\u011fabeyi 66 ya\u015f\u0131ndaki Cemal Ayd\u0131n, \u2019K\u00fcrt a\u00e7\u0131l\u0131m\u0131\u2019n\u0131n ay\u0131r\u0131mc\u0131l\u0131\u011fa giden bir yol oldu\u011funu iddia etti. H\u00fck\u00fcmetin \u2019K\u00fcrt a\u00e7\u0131l\u0131m\u0131\u2019 konusundaki politikas\u0131n\u0131n yanl\u0131\u015f oldu\u011funu ileri s\u00fcren Ayd\u0131n, \u201cK\u00fcrt a\u00e7\u0131l\u0131m\u0131ndan de\u011fil, demokrasi a\u00e7\u0131l\u0131m\u0131ndan yanay\u0131z\u201d dedi.<\/p>\n<p style=\"text-align: justify;\"><span style=\"color: #888888;\">Kaynak : Vatan<\/span><\/p>\n","protected":false},"excerpt":{"rendered":"<p style=\"text-align: center;\">\n<p style=\"text-align: justify;\">15 A\u011fustos 1984\u2019te Eruh\u2019ta ne olmu\u015ftu? <\/p>\n<p style=\"text-align: justify;\">1976\u2019da Ankara\u2019da k\u00fc\u00e7\u00fck bir grupla\u015fma halindeyken 1978 y\u0131l\u0131ndan itibaren Hilvan-Siverek civar\u0131nda kimi a\u015firetlerle kendisi d\u0131\u015f\u0131ndaki solcular\u0131 ve K\u00fcrtleri hedef alan eylemlerle sesini duyurdu.<\/p>\n<p style=\"text-align: justify;\">O d\u00f6nemde Apocular olarak bilinen ve Siverek\u2019teki Bucak a\u015firetine kar\u015f\u0131 silahl\u0131 eylemlerde militanlar\u0131n ayaklar\u0131na giydi\u011fi ayakkab\u0131lar <\/p>\n","protected":false},"author":1,"featured_media":0,"comment_status":"open","ping_status":"closed","sticky":false,"template":"","format":"standard","meta":{"footnotes":""},"categories":[105],"tags":[],"class_list":["post-13424","post","type-post","status-publish","format-standard","hentry","category-gundem","odd"],"_links":{"self":[{"href":"http:\/\/www.korhanyilmaz.com\/index.php?rest_route=\/wp\/v2\/posts\/13424","targetHints":{"allow":["GET"]}}],"collection":[{"href":"http:\/\/www.korhanyilmaz.com\/index.php?rest_route=\/wp\/v2\/posts"}],"about":[{"href":"http:\/\/www.korhanyilmaz.com\/index.php?rest_route=\/wp\/v2\/types\/post"}],"author":[{"embeddable":true,"href":"http:\/\/www.korhanyilmaz.com\/index.php?rest_route=\/wp\/v2\/users\/1"}],"replies":[{"embeddable":true,"href":"http:\/\/www.korhanyilmaz.com\/index.php?rest_route=%2Fwp%2Fv2%2Fcomments&post=13424"}],"version-history":[{"count":0,"href":"http:\/\/www.korhanyilmaz.com\/index.php?rest_route=\/wp\/v2\/posts\/13424\/revisions"}],"wp:attachment":[{"href":"http:\/\/www.korhanyilmaz.com\/index.php?rest_route=%2Fwp%2Fv2%2Fmedia&parent=13424"}],"wp:term":[{"taxonomy":"category","embeddable":true,"href":"http:\/\/www.korhanyilmaz.com\/index.php?rest_route=%2Fwp%2Fv2%2Fcategories&post=13424"},{"taxonomy":"post_tag","embeddable":true,"href":"http:\/\/www.korhanyilmaz.com\/index.php?rest_route=%2Fwp%2Fv2%2Ftags&post=13424"}],"curies":[{"name":"wp","href":"https:\/\/api.w.org\/{rel}","templated":true}]}}