{"id":13420,"date":"2009-08-14T17:06:24","date_gmt":"2009-08-14T14:06:24","guid":{"rendered":"http:\/\/www.korhanyilmaz.com\/?p=13420"},"modified":"2009-08-14T17:06:24","modified_gmt":"2009-08-14T14:06:24","slug":"kes-sesini-terbiyesiz-herif","status":"publish","type":"post","link":"http:\/\/www.korhanyilmaz.com\/?p=13420","title":{"rendered":"&#039;Kes sesini terbiyesiz herif!&#039;"},"content":{"rendered":"<p><a href=\"http:\/\/www.korhanyilmaz.com\/wp-content\/uploads\/2009\/08\/150820090414585375773.jpg\"  class=\"lightview\"><img loading=\"lazy\" decoding=\"async\" class=\"aligncenter size-full wp-image-13421\" src=\"http:\/\/www.korhanyilmaz.com\/wp-content\/uploads\/2009\/08\/150820090414585375773.jpg\" alt=\"\" width=\"329\" height=\"210\" \/><\/a><\/p>\n<p style=\"text-align: justify;\">&#8216;Apo&#8217; slogan\u0131 MHP&#8217;li vekili \u00e7\u0131ld\u0131rtt\u0131..<\/p>\n<p style=\"text-align: justify;\">KASTAMONU&#8217;nun Ta\u015fk\u00f6pr\u00fc \u0130l\u00e7esi&#8217;nde 23&#8217;nc\u00fcs\u00fc d\u00fczenlenen Uluslararas\u0131 Ta\u015fk\u00f6pr\u00fc K\u00fclt\u00fcr ve Sar\u0131msak Festivali&#8217;nde k\u00fcrs\u00fcde konu\u015fan MHP Kastamonu Milletvekili Mehmet Serdaro\u011flu, bir ki\u015finin \u2018Apo&#8217;yu idamdan siz kurtard\u0131n\u0131z&#8217; s\u00f6zleri \u00fczerine sinirlenerek \u201cKes sesini terbiyesiz herif&#8217; diye \u00e7\u0131k\u0131\u015ft\u0131.<\/p>\n<p style=\"text-align: justify;\">Milletvekili Serdaro\u011flu, konu\u015fmas\u0131nda, b\u00f6l\u00fcc\u00fclerin TBMM \u00e7at\u0131s\u0131 alt\u0131nda oldu\u011funu ve \u00fclke gelece\u011finin k\u00f6t\u00fcye gitti\u011fini, bunun yan\u0131nda yak\u0131n zamana kadar bir i\u00e7 \u00e7at\u0131\u015fma g\u00f6r\u00fclebilece\u011fini \u00f6ne s\u00fcrd\u00fc. Bu s\u0131rada t\u00fcr\u00fcb\u00fcnlerde etkinli\u011fi izleyenlerden Ey\u00fcp \u00d6zsoy, \u201cApo\u2019yu idamdan siz kurtard\u0131n\u0131z\u201d diye ba\u011f\u0131rd\u0131. \u00d6zsoy&#8217;un s\u00f6zlerini \u00fcst \u00fcste 4 kez tekrarlamas\u0131 ard\u0131ndan Milletvekili Serdaro\u011flu, \u201cKes sesini terbiyesiz herif\u201d diyerek konu\u015fmas\u0131n\u0131 b\u00f6ld\u00fc. <!--more--><\/p>\n<p style=\"text-align: justify;\">S\u00f6zl\u00fc tart\u0131\u015fman\u0131n kar\u015f\u0131l\u0131kl\u0131 s\u00fcrmesi ard\u0131ndan Ey\u00fcp \u00d6zsoy polisler taraf\u0131ndan festival alan\u0131ndan uzakla\u015ft\u0131r\u0131ld\u0131.<\/p>\n<p style=\"text-align: justify;\">Daha sonra s\u00f6z alarak k\u00fcrs\u00fcye \u00e7\u0131kan AKP Kastamonu Milletvekili Hakk\u0131 K\u00f6yl\u00fc, MHP&#8217;li Mehmet Serdaro\u011flu&#8217;nun konu\u015fmalar\u0131na cevap verdi. Milletvekili K\u00f6yl\u00fc, T\u00fcrkiye Cumhuriyeti&#8217;nin ekonomik ve siyasi itibar\u0131n\u0131n daha g\u00fc\u00e7l\u00fc bir d\u00f6nem ya\u015fad\u0131\u011f\u0131ndan kimsenin \u015f\u00fcphe duymamas\u0131n\u0131 istedi.<\/p>\n<p style=\"text-align: justify;\"><span style=\"color: #888888;\">kanaldhaber.com.tr<\/span><\/p>\n","protected":false},"excerpt":{"rendered":"<\/p>\n<p style=\"text-align: justify;\">&#8216;Apo&#8217; slogan\u0131 MHP&#8217;li vekili \u00e7\u0131ld\u0131rtt\u0131..<\/p>\n<p style=\"text-align: justify;\">KASTAMONU&#8217;nun Ta\u015fk\u00f6pr\u00fc \u0130l\u00e7esi&#8217;nde 23&#8217;nc\u00fcs\u00fc d\u00fczenlenen Uluslararas\u0131 Ta\u015fk\u00f6pr\u00fc K\u00fclt\u00fcr ve Sar\u0131msak Festivali&#8217;nde k\u00fcrs\u00fcde konu\u015fan MHP Kastamonu Milletvekili Mehmet Serdaro\u011flu, bir ki\u015finin \u2018Apo&#8217;yu idamdan siz kurtard\u0131n\u0131z&#8217; s\u00f6zleri \u00fczerine sinirlenerek \u201cKes sesini terbiyesiz herif&#8217; diye \u00e7\u0131k\u0131\u015ft\u0131.<\/p>\n<p style=\"text-align: justify;\">Milletvekili Serdaro\u011flu, konu\u015fmas\u0131nda, b\u00f6l\u00fcc\u00fclerin TBMM \u00e7at\u0131s\u0131 alt\u0131nda oldu\u011funu ve \u00fclke <\/p>\n","protected":false},"author":1,"featured_media":0,"comment_status":"open","ping_status":"closed","sticky":false,"template":"","format":"standard","meta":{"footnotes":""},"categories":[105],"tags":[],"class_list":["post-13420","post","type-post","status-publish","format-standard","hentry","category-gundem","odd"],"_links":{"self":[{"href":"http:\/\/www.korhanyilmaz.com\/index.php?rest_route=\/wp\/v2\/posts\/13420","targetHints":{"allow":["GET"]}}],"collection":[{"href":"http:\/\/www.korhanyilmaz.com\/index.php?rest_route=\/wp\/v2\/posts"}],"about":[{"href":"http:\/\/www.korhanyilmaz.com\/index.php?rest_route=\/wp\/v2\/types\/post"}],"author":[{"embeddable":true,"href":"http:\/\/www.korhanyilmaz.com\/index.php?rest_route=\/wp\/v2\/users\/1"}],"replies":[{"embeddable":true,"href":"http:\/\/www.korhanyilmaz.com\/index.php?rest_route=%2Fwp%2Fv2%2Fcomments&post=13420"}],"version-history":[{"count":0,"href":"http:\/\/www.korhanyilmaz.com\/index.php?rest_route=\/wp\/v2\/posts\/13420\/revisions"}],"wp:attachment":[{"href":"http:\/\/www.korhanyilmaz.com\/index.php?rest_route=%2Fwp%2Fv2%2Fmedia&parent=13420"}],"wp:term":[{"taxonomy":"category","embeddable":true,"href":"http:\/\/www.korhanyilmaz.com\/index.php?rest_route=%2Fwp%2Fv2%2Fcategories&post=13420"},{"taxonomy":"post_tag","embeddable":true,"href":"http:\/\/www.korhanyilmaz.com\/index.php?rest_route=%2Fwp%2Fv2%2Ftags&post=13420"}],"curies":[{"name":"wp","href":"https:\/\/api.w.org\/{rel}","templated":true}]}}