{"id":13416,"date":"2009-08-14T16:57:30","date_gmt":"2009-08-14T13:57:30","guid":{"rendered":"http:\/\/www.korhanyilmaz.com\/?p=13416"},"modified":"2009-08-14T16:57:30","modified_gmt":"2009-08-14T13:57:30","slug":"%e2%80%98ergenekon%e2%80%99da-gizli-tanigi-ben-degil-savci-desifre-etti%e2%80%99","status":"publish","type":"post","link":"http:\/\/www.korhanyilmaz.com\/?p=13416","title":{"rendered":"\u2018Ergenekon\u2019da gizli tan\u0131\u011f\u0131 ben de\u011fil savc\u0131 de\u015fifre etti\u2019"},"content":{"rendered":"<p style=\"text-align: center;\"><a href=\"http:\/\/www.korhanyilmaz.com\/wp-content\/uploads\/2009\/08\/ergenekon1.jpg\"  class=\"lightview\"><img loading=\"lazy\" decoding=\"async\" class=\"aligncenter size-full wp-image-13417\" src=\"http:\/\/www.korhanyilmaz.com\/wp-content\/uploads\/2009\/08\/ergenekon1.jpg\" alt=\"\" width=\"329\" height=\"210\" \/><\/a><\/p>\n<p style=\"text-align: justify;\">Ergenekon davas\u0131 avukatlar\u0131ndan Dizdar san\u0131klardan Y\u00fcksel Dilsiz\u2019in ayn\u0131 zamanda tan\u0131k da oldu\u011funu iddia edince ortal\u0131k kar\u0131\u015ft\u0131.<\/p>\n<p style=\"text-align: justify;\">Y\u00fczy\u0131l\u0131n davas\u0131 olarak adland\u0131r\u0131lan Ergenekon duru\u015fmas\u0131\u2019n\u0131n 6 A\u011fustos 2009 tarihinde yani ge\u00e7ti\u011fimiz per\u015fembe g\u00fcn\u00fc yap\u0131lan duru\u015fmas\u0131nda ilgin\u00e7 bir olay ya\u015fand\u0131.<\/p>\n<p style=\"text-align: justify;\">Ergenekon davas\u0131n\u0131n tutuklu san\u0131klar\u0131ndan Levent Ers\u00f6z\u2019\u00fcn avukat\u0131 Ali R\u0131za Dizdar mahkeme ba\u015fkan\u0131 K\u00f6ksal \u015eeng\u00fcn\u2019den izin ald\u0131 ve Y\u00fcksel Dilsiz adl\u0131 san\u0131k hakk\u0131nda konu\u015ftu: \u201d \u015eu anda san\u0131k sandalyesinde oturan Y\u00fcksel Dilsiz ayn\u0131 zamanda tan\u0131k olarak da g\u00f6r\u00fcn\u00fcyor. Yapt\u0131\u011f\u0131m ara\u015ft\u0131rmaya g\u00f6re Ahmet Faruk adl\u0131 tan\u0131\u011f\u0131n imzas\u0131 ile \u015fu anda tutuksuz olarak yarg\u0131lanan Y\u00fcksel Dilsiz\u2019in imzalar\u0131 ayn\u0131. CMYK\u2019n\u0131n 191\u2019inci maddesine g\u00f6re tan\u0131klar duru\u015fma salonunda bulunamazlar. \u00c7\u0131kart\u0131lmalar\u0131 gerekir. <!--more--><\/p>\n<p style=\"text-align: justify;\"><strong><em>\u0130la\u00e7la ifade verdim<\/em><\/strong><\/p>\n<p style=\"text-align: justify;\">Ali R\u0131za Dizdar\u2019\u0131n bu a\u00e7\u0131klamas\u0131ndan sonra san\u0131k Y\u00fcksel Dilsiz s\u00f6z ald\u0131. Ergenekon Davas\u0131\u2019n\u0131nda \u201cSilahl\u0131 ter\u00f6r \u00f6rg\u00fct\u00fcne \u00fcye olma, hukuka ayk\u0131r\u0131 olarak ki\u015fisel verileri kaydetmek\u201dle su\u00e7lanan Dilsiz\u2019in a\u00e7\u0131klamalar\u0131 ise daha ilgin\u00e7 oldu: \u201cBen savc\u0131ya ifade vermedim. Emniyette psikolojik bask\u0131 alt\u0131na al\u0131nd\u0131m. Hatta kendime gelmem i\u00e7in ila\u00e7 bile verdiler.\u201d Bu a\u00e7\u0131klamalar ile mahkemede bir sessizlik hakim olurken bu sefer savc\u0131 s\u00f6z ald\u0131. Onun s\u00f6zleri ise daha \u00e7arp\u0131c\u0131 oldu: \u201cAvukat Ali R\u0131za Dizdar, gizli tan\u0131\u011f\u0131m\u0131z\u0131 de\u015fifre etmi\u015ftir. Kimli\u011fini a\u00e7\u0131klad\u0131\u011f\u0131 i\u00e7in hakk\u0131nda gizli tan\u0131\u011f\u0131 de\u015fifre etti\u011fi iddias\u0131yla su\u00e7 duyurusunda bulunuyorum.\u201d<\/p>\n<p style=\"text-align: justify;\"><em><strong>\u0130yi ki \u015fikayet etti <\/strong><\/em><\/p>\n<p style=\"text-align: justify;\">Bu olay\u0131n ard\u0131ndan konu\u015ftu\u011fumuz Avukat Ali R\u0131za Dizdar savc\u0131n\u0131n kendisinden \u015fikayet\u00e7i olmas\u0131ndan son derece memnun oldu\u011funu s\u00f6yl\u00fcyor. Bu yol ile adaleti korudu\u011funu iddia ediyor: \u201cBen bir tan\u0131\u011f\u0131n duru\u015fma salonunda bulunmayaca\u011f\u0131na dikkat \u00e7ektim. CMYK\u2019n\u0131n 191. maddesinin uygulanmas\u0131 konusunda yetkilileri uyard\u0131m. Bunlar\u0131 yaparken de \u2019gizli tan\u0131k\u2019ifadesini kullanmad\u0131m. Ben bu ki\u015finin sadece \u2019san\u0131k\u2019olabilece\u011fini s\u00f6yledim. Ancak savc\u0131 \u2019gizli tan\u0131k\u2019diyerek kendisi bu ki\u015fiyi de\u015fifre etti.\u201d<\/p>\n<p style=\"text-align: justify;\"><strong><em>\u0130tiraf\u00e7\u0131 olabilir <\/em><\/strong><\/p>\n<p style=\"text-align: justify;\">Bir davada san\u0131k olan bir ki\u015finin tan\u0131k olamayaca\u011f\u0131n\u0131 s\u00f6yl\u00fcyor Dizdar: \u201cTCK\u2019n\u0131n 221. maddesi vard\u0131r. Bu madde etkin pi\u015fmanl\u0131\u011f\u0131 d\u00fczenler. E\u011fer bir ki\u015finin su\u00e7u varsa, yap\u0131lanlar\u0131 samimi olarak itiraf eder ve adaletin yerini bulmas\u0131na yard\u0131mc\u0131 olur. Bu ki\u015fiye nas\u0131l bir ceza verilece\u011fi ise mahkemenin takdiridir. Bunun ad\u0131 ise etkin pi\u015fmanl\u0131kt\u0131r. E\u011fer Dilsiz san\u0131k ise ancak etkin pi\u015fmanl\u0131ktan faydalan\u0131r ve yap\u0131lanlar\u0131 itiraf eder. Burada dikkat \u00e7eken nokta \u015fudur. Dilsiz, ter\u00f6r \u00f6rg\u00fct\u00fcne \u00fcyelikten 24 Ekim 2008 tarihinde g\u00f6zalt\u0131na al\u0131n\u0131yor. Ay\u0131n 28\u2019inde tahliye ediliyor. 31\u2019inde ise \u2019Ahmet Faruk\u2019kod ad\u0131yla gizli tan\u0131k olarak ifade veriyor. Ayn\u0131 zamanda \u015fu anki davan\u0131n iddinamesinde ise san\u0131k olarak yarg\u0131lan\u0131yor. E\u011fer bu ki\u015fi san\u0131ksa etkin pi\u015fmanl\u0131ktan faydalanabilir, itiraf\u00e7\u0131 olur. Gizli tan\u0131k olamaz.\u201d<\/p>\n<p style=\"text-align: justify;\">Dizdar, tan\u0131kl\u0131\u011f\u0131n \u00e7ok farkl\u0131 oldu\u011funa dikkat \u00e7ekiyor: \u201cTan\u0131k tarafs\u0131zd\u0131r. Tan\u0131k san\u0131k de\u011fildir. Dava s\u0131ras\u0131nda \u015f\u00fcphelilerin ifadesi dinlendikten sonra tan\u0131klar\u0131n ifadeleri al\u0131n\u0131r. Bunlar yap\u0131l\u0131rken de tan\u0131klar \u015f\u00fcphelilerin ifadelerini dinlemezler. Duru\u015fmada ben gizli tan\u0131\u011f\u0131 de\u015fifre etmedim. Sadece tan\u0131\u011f\u0131n salondan \u00e7\u0131kar\u0131lmas\u0131 konusunda yetkilileri uyard\u0131m. Ben sadece adaleti korudum.\u201d<\/p>\n<p style=\"text-align: justify;\"><strong>\u0130MZA D\u0130KKAT\u0130M\u0130 \u00c7EKT\u0130<\/strong><\/p>\n<p style=\"text-align: justify;\">AL\u0130 R\u0131za Dizdar, Y\u00fcksel Dilsiz\u2019in tan\u0131k oldu\u011funu nas\u0131l saptad\u011f\u0131n\u0131 ise \u015f\u00f6yle anlatt\u0131: \u201cDava kapsam\u0131nda 240 klas\u00f6r\u00fc tek tek inceledim. 183. klas\u00f6rde Y\u00fcksel Dilsiz\u2019in ifadelerini okudum. Bursa 5. Sulh Ceza Mahkemesi taraf\u0131ndan 24 Ekim 2008\u2019de ifadesi al\u0131nm\u0131\u015f. M\u00fcvekkilim Levent Ers\u00f6z hakk\u0131nda iddialar\u0131 dikkatimi \u00e7ekti. Daha sonra ise iddinameyi okumaya ba\u015flad\u0131m. Burada ise \u2019Gizli Tan\u0131k Ahmet Faruk\u2019un ifadeleri dikkatimi \u00e7ekti. \u0130fadesinin ba\u015f\u0131nda ise \u2019Ben Ergenekon Ter\u00f6r \u00d6rg\u00fct\u00fc hakk\u0131nda daha \u00f6nce Bursa Cumhuriyet Ba\u015fsavc\u0131l\u0131\u011f\u0131\u2019na \u015f\u00fcpheli s\u0131fat\u0131 ile ifade vermi\u015ftim\u2019yaz\u0131yordu. Bunu okuyunca hemen akl\u0131ma Y\u00fcksel Dilsiz\u2019in ifadesi geldi. \u00c7\u00fcnk\u00fc o da Bursa\u2019da ifade vermi\u015fti. Ayr\u0131ca iki ifadede de benzer bilgiler yer al\u0131yordu. Bunun \u00fczerine iki ifadenin alt\u0131ndaki imzalara bak\u0131nca \u015f\u00fcphelendim.\u201d \u0130mzalar\u0131n benzer \u00e7\u0131kmas\u0131 \u00fczerine ara\u015ft\u0131rmay\u0131 derinle\u015ftiren Dizdar Adil T\u0131p\u2019taki grafoloji uzmanlar\u0131ndan yard\u0131m alm\u0131\u015f: Onlar da imzalar\u0131 inceledi. Birden fazla grafoloji uzman\u0131 inceleme yapt\u0131. Sonunda hepsi bana imzalar\u0131n ayn\u0131 oldu\u011funu s\u00f6yledi. Hatta bu konuda rapor da ald\u0131m ama raporu kullanmama gerek kalmadan durum netle\u015fti. \u015eimdi gizli tan\u0131k ifadelerini daha dikkatli inceliyorum.\u201d<\/p>\n<p style=\"text-align: justify;\"><strong><em>G\u00fcler Zere eylemcilerine polis ablukas\u0131<\/em><\/strong><\/p>\n<p style=\"text-align: justify;\">\u0130leri derecede kanser hastas\u0131 olmas\u0131na ra\u011fmen tahliye edilmeyen h\u00fck\u00fcml\u00fc G\u00fcler Zere\u2019nin serbest b\u0131rak\u0131lmas\u0131 i\u00e7in eylemler s\u00fcr\u00fcyor. D\u00fcn Adana\u2019da 50 ki\u015fi, bas\u0131n a\u00e7\u0131klamas\u0131 yapmak i\u00e7in Adana Adli T\u0131p Kurumu\u2019na y\u00fcr\u00fcmek istedi. Polis m\u00fcd\u00fcrleri y\u00fcr\u00fcmek isteyen grubu kald\u0131r\u0131mdan ve \u00e7evredekileri rahats\u0131z etmeden y\u00fcr\u00fcmeleri konusunda uyard\u0131. Y\u00fcr\u00fcy\u00fc\u015f ba\u015flad\u0131ktan yakla\u015f\u0131k 100 metre sonra yeniden ikaz edilen grup uyar\u0131lar\u0131 dikkate almay\u0131nca \u00e7evik kuvvet polisleri taraf\u0131ndan ablukaya al\u0131nd\u0131. Grup Adli T\u0131p Kurumu \u00f6n\u00fcndeki geni\u015f g\u00fcvenlik \u00f6nlemleri aras\u0131nda bas\u0131n a\u00e7\u0131klamas\u0131 yapt\u0131. Bu arada Ba\u011f\u0131ms\u0131z Tunceli Milletvekili Kamer Gen\u00e7, Zere\u2019nin durumunu bir soru \u00f6nergesiyle Meclis g\u00fcndemine ta\u015f\u0131d\u0131.<\/p>\n<p style=\"text-align: justify;\"><span style=\"color: #888888;\">Kaynak : Vatan<\/span><\/p>\n","protected":false},"excerpt":{"rendered":"<p style=\"text-align: center;\">\n<p style=\"text-align: justify;\">Ergenekon davas\u0131 avukatlar\u0131ndan Dizdar san\u0131klardan Y\u00fcksel Dilsiz\u2019in ayn\u0131 zamanda tan\u0131k da oldu\u011funu iddia edince ortal\u0131k kar\u0131\u015ft\u0131.<\/p>\n<p style=\"text-align: justify;\">Y\u00fczy\u0131l\u0131n davas\u0131 olarak adland\u0131r\u0131lan Ergenekon duru\u015fmas\u0131\u2019n\u0131n 6 A\u011fustos 2009 tarihinde yani ge\u00e7ti\u011fimiz per\u015fembe g\u00fcn\u00fc yap\u0131lan duru\u015fmas\u0131nda ilgin\u00e7 bir olay ya\u015fand\u0131.<\/p>\n<p style=\"text-align: justify;\">Ergenekon davas\u0131n\u0131n tutuklu san\u0131klar\u0131ndan Levent Ers\u00f6z\u2019\u00fcn avukat\u0131 Ali R\u0131za Dizdar <\/p>\n","protected":false},"author":1,"featured_media":0,"comment_status":"open","ping_status":"closed","sticky":false,"template":"","format":"standard","meta":{"footnotes":""},"categories":[105],"tags":[],"class_list":["post-13416","post","type-post","status-publish","format-standard","hentry","category-gundem","odd"],"_links":{"self":[{"href":"http:\/\/www.korhanyilmaz.com\/index.php?rest_route=\/wp\/v2\/posts\/13416","targetHints":{"allow":["GET"]}}],"collection":[{"href":"http:\/\/www.korhanyilmaz.com\/index.php?rest_route=\/wp\/v2\/posts"}],"about":[{"href":"http:\/\/www.korhanyilmaz.com\/index.php?rest_route=\/wp\/v2\/types\/post"}],"author":[{"embeddable":true,"href":"http:\/\/www.korhanyilmaz.com\/index.php?rest_route=\/wp\/v2\/users\/1"}],"replies":[{"embeddable":true,"href":"http:\/\/www.korhanyilmaz.com\/index.php?rest_route=%2Fwp%2Fv2%2Fcomments&post=13416"}],"version-history":[{"count":0,"href":"http:\/\/www.korhanyilmaz.com\/index.php?rest_route=\/wp\/v2\/posts\/13416\/revisions"}],"wp:attachment":[{"href":"http:\/\/www.korhanyilmaz.com\/index.php?rest_route=%2Fwp%2Fv2%2Fmedia&parent=13416"}],"wp:term":[{"taxonomy":"category","embeddable":true,"href":"http:\/\/www.korhanyilmaz.com\/index.php?rest_route=%2Fwp%2Fv2%2Fcategories&post=13416"},{"taxonomy":"post_tag","embeddable":true,"href":"http:\/\/www.korhanyilmaz.com\/index.php?rest_route=%2Fwp%2Fv2%2Ftags&post=13416"}],"curies":[{"name":"wp","href":"https:\/\/api.w.org\/{rel}","templated":true}]}}