{"id":13413,"date":"2009-08-14T16:54:22","date_gmt":"2009-08-14T13:54:22","guid":{"rendered":"http:\/\/www.korhanyilmaz.com\/?p=13413"},"modified":"2009-08-14T16:54:22","modified_gmt":"2009-08-14T13:54:22","slug":"yol-haritasini-once-ankara-okuyacak","status":"publish","type":"post","link":"http:\/\/www.korhanyilmaz.com\/?p=13413","title":{"rendered":"Yol haritas\u0131n\u0131 \u00f6nce Ankara okuyacak!"},"content":{"rendered":"<p style=\"text-align: center;\"><a href=\"http:\/\/www.korhanyilmaz.com\/wp-content\/uploads\/2009\/08\/ocalan.jpg\"  class=\"lightview\"><img loading=\"lazy\" decoding=\"async\" class=\"size-full wp-image-13414 aligncenter\" src=\"http:\/\/www.korhanyilmaz.com\/wp-content\/uploads\/2009\/08\/ocalan.jpg\" alt=\"\" width=\"329\" height=\"210\" \/><\/a><\/p>\n<p style=\"text-align: justify;\">Eruh bask\u0131n\u0131n\u0131n y\u0131ld\u00f6n\u00fcm\u00fc olan 15 A\u011fustos\u2019ta a\u00e7\u0131klanaca\u011f\u0131 iddia edilen ve uzun s\u00fcredir tart\u0131\u015f\u0131lan \u201cyol haritas\u0131\u201d i\u00e7in d\u00fcn g\u00f6zler \u0130mral\u0131\u2019dayd\u0131. Ak\u015fam saatlerinde \u00d6calan\u2019\u0131n avukatlar\u0131 yaz\u0131m\u0131n s\u00fcrd\u00fc\u011f\u00fcn\u00fc s\u00f6yledi. Ancak, yol haritas\u0131n\u0131n \u00f6nce Ankara\u2019da incelenece\u011fi, sak\u0131nca g\u00f6r\u00fclmezse a\u00e7\u0131klanaca\u011f\u0131 \u00f6\u011frenildi.<\/p>\n<p style=\"text-align: justify;\">ERUH ve \u015eemdinli bask\u0131nlar\u0131ndan 25 y\u0131l sonra, bug\u00fcn t\u00fcm g\u00f6zler \u0130mral\u0131\u2019dan gelecek mesaja \u00e7evrilmi\u015fti. DTP Siirt Milletvekili Osman \u00d6z\u00e7elik\u2019de \u00f6\u011fle saatlerinde VATAN\u2019a, \u00e7at\u0131\u015fmal\u0131 d\u00f6nemin Eruh\u2019da ba\u015flamas\u0131 nedeniyle Abdullah \u00d6calan\u2019\u0131n \u0130mral\u0131\u2019dan gelecek mesaj\u0131n\u0131n Eruh\u2019ta a\u00e7\u0131klanaca\u011f\u0131n\u0131 s\u00f6yledi. Asr\u0131n Hukuk B\u00fcrosu avukatlar\u0131ndan \u0130rfan D\u00fcndar ise \u00d6calan\u2019\u0131n avukatlar\u0131 ile g\u00f6r\u00fc\u015fmesinin s\u00fcrd\u00fc\u011f\u00fc saatlerde \u0130mral\u0131\u2019dan gelecek mesaj\u0131n a\u00e7\u0131klanma yerinin de \u00d6calan taraf\u0131ndan belirlenece\u011fini s\u00f6ylemi\u015fti. <!--more--><\/p>\n<p style=\"text-align: justify;\">\u0130mral\u0131\u2019ya giden \u00d6calan\u2019\u0131n avukatlar\u0131n\u0131n d\u00f6n\u00fc\u015f\u00fc g\u00fcn boyunca merakla beklendi. Avukatlar, saat 09.30\u2019da gittikleri \u0130mral\u0131\u2019dan ak\u015fam saat 19.30\u2019da d\u00f6nd\u00fcler.<\/p>\n<p style=\"text-align: justify;\"><strong><em>Yol haritas\u0131n\u0131 \u00f6nce Ankara inceleyecek<\/em><\/strong><\/p>\n<p style=\"text-align: justify;\">Gazetecilerin merakla bekledikleri avukatlar, Abdullah \u00d6calan\u2019\u0131n yol haritas\u0131n\u0131n yaz\u0131m\u0131n\u0131 hen\u00fcz tamamlamad\u0131\u011f\u0131 a\u00e7\u0131klamas\u0131n\u0131 yapt\u0131. Yol haritas\u0131n\u0131 \u00fc\u00e7 g\u00fcn sonra alabileceklerini belirten avukatlar\u0131n \u00c7ar\u015famba veya Cuma g\u00fcn\u00fc hava muhalefeti olmad\u0131\u011f\u0131 takdirde \u0130mral\u0131\u2019ya giderek yol haritas\u0131n\u0131 teslim almalar\u0131 ve \u00d6calan\u2019\u0131n karar\u0131na ba\u011fl\u0131 olarak hangi tarihte ve nerede a\u00e7\u0131klanaca\u011f\u0131n\u0131 duyurmalar\u0131 bekleniyor. Ancak avukatlar\u0131n \u201cyaz\u0131m\u0131 bitmedi\u201d dedikleri yol haritas\u0131n\u0131n tamamlanmas\u0131n\u0131n ard\u0131ndan \u00f6nce devletin ilgili birimleri taraf\u0131ndan incelenmesi ve uygun bulundu\u011fu takdirde avukatlara teslim edilmesine izin verilmesi bekleniyor. Bu s\u00fcrecin ka\u00e7 g\u00fcnde tamamlanabilece\u011fi konusunda bir netlik bulunmuyor.<\/p>\n<p style=\"text-align: justify;\"><strong><em>\u2019Bug\u00fcn Eruh\u2019ta a\u00e7\u0131klanacak\u2019 denilmi\u015fti <\/em><\/strong><\/p>\n<p style=\"text-align: justify;\">\u00d6calan\u2019\u0131n bar\u0131\u015fa d\u00f6n\u00fck yol haritas\u0131n\u0131n ne zaman ve nerede a\u00e7\u0131klanaca\u011f\u0131n\u0131n da hen\u00fcz netle\u015fmedi\u011fi belirtiliyor. Tarihin, yol haritas\u0131n\u0131n a\u00e7\u0131klanmas\u0131n\u0131n uygun bulunmas\u0131ndan sonra kesinle\u015fece\u011fi ifade edilirken, a\u00e7\u0131klaman\u0131n nerede ve kim taraf\u0131ndan yap\u0131laca\u011f\u0131 konusunda da \u0130mral\u0131\u2019dan gelecek mesaj\u0131n belirleyece\u011fi olaca\u011f\u0131 kaydediliyor.<\/p>\n<p style=\"text-align: justify;\">1984 y\u0131l\u0131nda ger\u00e7ekle\u015fen Eruh bask\u0131n\u0131n\u0131n y\u0131ld\u00f6n\u00fcm\u00fc nedeniyle bug\u00fcn i\u00e7in planlanan yol haritas\u0131 a\u00e7\u0131klamas\u0131n\u0131n Eruh\u2019ta yap\u0131lmas\u0131 bekleniyordu.<\/p>\n<p style=\"text-align: justify;\">DTP Siirt Milletvekili Osman \u00d6z\u00e7elik VATAN\u2019a, \u00e7at\u0131\u015fmal\u0131 d\u00f6nemin Eruh\u2019da ba\u015flamas\u0131 nedeniyle Abdullah \u00d6calan\u2019\u0131n \u0130mral\u0131\u2019dan gelecek mesaj\u0131n\u0131n Eruh\u2019ta a\u00e7\u0131klanaca\u011f\u0131n\u0131 s\u00f6yledi.<\/p>\n<p style=\"text-align: justify;\">\u00d6z\u00e7elik, yol haritas\u0131n\u0131n haftaya kald\u0131\u011f\u0131 belli olmadan \u00f6nce VATAN\u2019a yapt\u0131\u011f\u0131 a\u00e7\u0131klamada, DTP Genel BA\u015fkan\u0131 Ahmet T\u00fcrk\u2019\u00fcn \u00f6zel bir program\u0131 nedeniyle gelemeyece\u011fi Eruh\u2019a, DTP E\u015f Ba\u015fkan\u0131 Emine Ayna ve di\u011fer DTP\u2019li milletvekillerinin bug\u00fcn \u00f6\u011fle saatlerinde ula\u015facaklar\u0131n\u0131 bildirdi. \u00d6z\u00e7elik, \u201c\u00c7at\u0131\u015fmal\u0131 d\u00f6nem Siirt Eruh\u2019ta ba\u015flam\u0131\u015ft\u0131. Bu nedenle Say\u0131n \u00d6calan\u2019\u0131n mesaj\u0131n\u0131n buradan verilmesi \u00e7ok \u00f6nemli\u201d dedi.<\/p>\n<p style=\"text-align: justify;\">\u00d6z\u00e7elik, \u00d6calan\u2019\u0131n a\u00e7\u0131klamas\u0131 nedeniyle, il, il\u00e7e ve belde ba\u015fkanlar\u0131n\u0131n da Eruh\u2019a geldiklerini ifade etti. Asr\u0131n Hukuk B\u00fcrosu avukatlar\u0131ndan \u0130rfan D\u00fcndar ise avukatlar\u0131n \u0130mral\u0131\u2019da \u00d6calan ile g\u00f6r\u00fc\u015fmede olduklar\u0131 saatlerde VATAN\u2019a, \u201cSay\u0131n \u00d6calan\u2019dan gelecek a\u00e7\u0131klaman\u0131n i\u00e7eri\u011fini bilmiyoruz. Ancak a\u00e7\u0131klanacak yer de Say\u0131n \u00d6calan taraf\u0131ndan belirlenecek. Yani arkada\u015flar d\u00f6nd\u00fckten sonra a\u00e7\u0131klama olup olmayaca\u011f\u0131n\u0131, ya da yerine ili\u015fkin detaylar\u0131 \u00f6\u011frenece\u011fiz\u201d dedi.<\/p>\n<p style=\"text-align: justify;\">Ancak \u0130mral\u0131\u2019ya giden \u00d6calan\u2019\u0131n avukatlar\u0131n yol haritas\u0131n\u0131n haftaya kald\u0131\u011f\u0131n\u0131 s\u00f6ylemesinden sonra a\u00e7\u0131klaman\u0131n nerede yap\u0131laca\u011f\u0131 ile birlikte ne zaman yap\u0131laca\u011f\u0131 da belirsizli\u011fe b\u00fcr\u00fcnd\u00fc.<\/p>\n<p style=\"text-align: justify;\"><span style=\"color: #888888;\">Kaynak : Vatan<\/span><\/p>\n","protected":false},"excerpt":{"rendered":"<p style=\"text-align: center;\">\n<p style=\"text-align: justify;\">Eruh bask\u0131n\u0131n\u0131n y\u0131ld\u00f6n\u00fcm\u00fc olan 15 A\u011fustos\u2019ta a\u00e7\u0131klanaca\u011f\u0131 iddia edilen ve uzun s\u00fcredir tart\u0131\u015f\u0131lan \u201cyol haritas\u0131\u201d i\u00e7in d\u00fcn g\u00f6zler \u0130mral\u0131\u2019dayd\u0131. Ak\u015fam saatlerinde \u00d6calan\u2019\u0131n avukatlar\u0131 yaz\u0131m\u0131n s\u00fcrd\u00fc\u011f\u00fcn\u00fc s\u00f6yledi. Ancak, yol haritas\u0131n\u0131n \u00f6nce Ankara\u2019da incelenece\u011fi, sak\u0131nca g\u00f6r\u00fclmezse a\u00e7\u0131klanaca\u011f\u0131 \u00f6\u011frenildi.<\/p>\n<p style=\"text-align: justify;\">ERUH ve \u015eemdinli bask\u0131nlar\u0131ndan 25 y\u0131l sonra, bug\u00fcn t\u00fcm g\u00f6zler \u0130mral\u0131\u2019dan gelecek <\/p>\n","protected":false},"author":1,"featured_media":0,"comment_status":"open","ping_status":"closed","sticky":false,"template":"","format":"standard","meta":{"footnotes":""},"categories":[105],"tags":[],"class_list":["post-13413","post","type-post","status-publish","format-standard","hentry","category-gundem","odd"],"_links":{"self":[{"href":"http:\/\/www.korhanyilmaz.com\/index.php?rest_route=\/wp\/v2\/posts\/13413","targetHints":{"allow":["GET"]}}],"collection":[{"href":"http:\/\/www.korhanyilmaz.com\/index.php?rest_route=\/wp\/v2\/posts"}],"about":[{"href":"http:\/\/www.korhanyilmaz.com\/index.php?rest_route=\/wp\/v2\/types\/post"}],"author":[{"embeddable":true,"href":"http:\/\/www.korhanyilmaz.com\/index.php?rest_route=\/wp\/v2\/users\/1"}],"replies":[{"embeddable":true,"href":"http:\/\/www.korhanyilmaz.com\/index.php?rest_route=%2Fwp%2Fv2%2Fcomments&post=13413"}],"version-history":[{"count":0,"href":"http:\/\/www.korhanyilmaz.com\/index.php?rest_route=\/wp\/v2\/posts\/13413\/revisions"}],"wp:attachment":[{"href":"http:\/\/www.korhanyilmaz.com\/index.php?rest_route=%2Fwp%2Fv2%2Fmedia&parent=13413"}],"wp:term":[{"taxonomy":"category","embeddable":true,"href":"http:\/\/www.korhanyilmaz.com\/index.php?rest_route=%2Fwp%2Fv2%2Fcategories&post=13413"},{"taxonomy":"post_tag","embeddable":true,"href":"http:\/\/www.korhanyilmaz.com\/index.php?rest_route=%2Fwp%2Fv2%2Ftags&post=13413"}],"curies":[{"name":"wp","href":"https:\/\/api.w.org\/{rel}","templated":true}]}}