{"id":13409,"date":"2009-08-14T16:49:09","date_gmt":"2009-08-14T13:49:09","guid":{"rendered":"http:\/\/www.korhanyilmaz.com\/?p=13409"},"modified":"2009-08-14T16:49:09","modified_gmt":"2009-08-14T13:49:09","slug":"erdogan%e2%80%99in-5-bakanla-buyukada-cikarmasi","status":"publish","type":"post","link":"http:\/\/www.korhanyilmaz.com\/?p=13409","title":{"rendered":"Erdo\u011fan\u2019\u0131n 5 bakanla B\u00fcy\u00fckada \u00e7\u0131karmas\u0131"},"content":{"rendered":"<p style=\"text-align: center;\"><a href=\"http:\/\/www.korhanyilmaz.com\/wp-content\/uploads\/2009\/08\/buyukada_ziyareti.jpg\"  class=\"lightview\"><img loading=\"lazy\" decoding=\"async\" class=\"size-full wp-image-13410 aligncenter\" src=\"http:\/\/www.korhanyilmaz.com\/wp-content\/uploads\/2009\/08\/buyukada_ziyareti.jpg\" alt=\"\" width=\"329\" height=\"210\" \/><\/a><\/p>\n<p style=\"text-align: justify;\">Ba\u015fbakan Erdo\u011fan, az\u0131nl\u0131k cemaatlerinin liderleri ile B\u00fcy\u00fckada\u2019dak bir araya gelecek.<\/p>\n<p style=\"text-align: justify;\">GAYRIM\u00dcSL\u0130MLER\u0130N y\u0131llard\u0131r huzur i\u00e7inde ya\u015fad\u0131\u011f\u0131 \u0130stanbul\u2019un Adalar il\u00e7esi, Ba\u015fbakan Erdo\u011fan\u2019\u0131 a\u011f\u0131rlamaya haz\u0131rlan\u0131yor. B\u00fcy\u00fckada\u2019da bulunan Anadolu Kulub\u00fc\u2019ndeki \u00f6\u011fle yeme\u011finin ev sahipli\u011fini aralar\u0131nda Adalar Vakf\u0131\u2019n\u0131n da yer ald\u0131\u011f\u0131 sivil toplum kurulu\u015flar\u0131 ve Adalar Belediye Ba\u015fkanl\u0131\u011f\u0131 yapacak. \u201cK\u00fcrt A\u00e7\u0131l\u0131m\u0131\u201d tart\u0131\u015fmalar\u0131 i\u00e7in \u00f6nemli bir e\u015fik olan 15 A\u011fustos\u2019ta, Erdo\u011fan\u2019\u0131n dini az\u0131nl\u0131klar\u0131n temsilcileriyle bulu\u015facak olmas\u0131 g\u00f6zlerin B\u00fcy\u00fckada\u2019da \u00e7evrilmesine neden olacak. Ula\u015f\u0131m\u0131n faytonlarla sa\u011fland\u0131\u011f\u0131 ve kamu ara\u00e7lar\u0131 d\u0131\u015f\u0131nda otomobilin bulunmad\u0131\u011f\u0131 B\u00fcy\u00fckada\u2019da Erdo\u011fan\u2019\u0131n 6 saatini ge\u00e7irece\u011fi \u00f6\u011frenildi. Erdo\u011fan\u2019\u0131n yemekten sonra Adalar\u2019\u0131n CHP\u2019li Belediye Ba\u015fkan\u0131 Mustafa Farsako\u011flu\u2019nun misafiri olarak ada turu yapaca\u011f\u0131 kaydedildi. <!--more--><\/p>\n<p style=\"text-align: justify;\"><em><strong>5 bakan kat\u0131lacak <\/strong><\/em><\/p>\n<p style=\"text-align: justify;\">Ba\u015fbakan Erdo\u011fan\u2019\u0131n, B\u00fcy\u00fckada zirvesine gelecek kabine \u00fcyelerini se\u00e7imi de ilgin\u00e7 bir resim ortaya koyuyor. Devlet Bakan\u0131 ve Ba\u015fbakan Yard\u0131mc\u0131s\u0131 B\u00fclent Ar\u0131n\u00e7 (Cemaat vak\u0131flar\u0131n\u0131 da denetleyen Vak\u0131flar Genel M\u00fcd\u00fcrl\u00fc\u011f\u00fc, TRT, AA ve RT\u00dcK Ar\u0131n\u00e7\u2019a ba\u011fl\u0131), Devlet Bakan\u0131 Egemen Ba\u011f\u0131\u015f, (AB ile ili\u015fkilerden sorumlu. Ba\u015fm\u00fczakereci. AB\u2019nin Heybeliada Ruhban Okulu\u2019yla ilgili talepleri masada), Milli E\u011fitim Bakan\u0131 Nimet \u00c7ubuk\u00e7u (Az\u0131nl\u0131k okulllar\u0131n\u0131n gelece\u011fiyle ilgili projenin muhatab\u0131), Turizm ve K\u00fclt\u00fcr Bakan\u0131 Ertu\u011frul G\u00fcnay (Cemaat temsilcilerinin kullan\u0131lmayan baz\u0131 okullar\u0131 m\u00fcze haline getirme talepleri var); \u00c7evre ve Orman Bakan\u0131 Veysel Ero\u011flu (Heybeliada\u2019da ka\u00e7ak yap\u0131ld\u0131\u011f\u0131 i\u00e7in Orman \u015eefli\u011fi\u2019nce y\u0131k\u0131lan Hristos Manast\u0131r\u0131 dosyas\u0131 masas\u0131nda)..<\/p>\n<p style=\"text-align: justify;\"><strong><em>Cemaatler tam kadro<\/em><\/strong><\/p>\n<p style=\"text-align: justify;\">Anadolu Kulub\u00fc\u2019nde, Ba\u015fbakan ve 5 bakanla bir araya gelecek isimler ise \u015f\u00f6yle: \u201c\u0130stanbul Fener Rum Patri\u011fi Bartholomeos, T\u00fcrk Musevileri Hahamba\u015f\u0131 \u0130shak Helava, Ermeni Cemati Lideri Ba\u015f Piskopos Aram Ate\u015fyan, Yedikule Surp P\u0131rg\u0131\u00e7 Ermeni Hastanesi Y\u00f6netim Kurulu Ba\u015fkan\u0131 Bedros \u015eirino\u011flu, K\u0131nal\u0131ada Ermeni Klisesi Vakf\u0131 Y\u00f6netim Kurulu Ba\u015fkan\u0131 Levon \u015eadyan, Kumkap\u0131 Meryem Ana Klisesi Vakf\u0131 Y\u00f6netim Kurulu Ba\u015fkan\u0131 Hrant Moskofyan ve \u0130stanbul ve Ankara S\u00fcryani Ortodoks Cemaati Ruhani Lideri Fil\u00fcksinos Yusuf \u00c7etin ile cemaatlerin \u00f6nde gelenleri&#8230;\u201d Yap\u0131lacak toplant\u0131da \u0130stanbul Valisi Muammer G\u00fcler ve \u0130BB Ba\u015fkan\u0131 Kadir Topba\u015f Adalar Belediye Ba\u015fkan\u0131 Mustafa Farsako\u011flu da haz\u0131r bulunacak.<\/p>\n<p style=\"text-align: justify;\"><strong><em>\u2019Arama toplant\u0131s\u0131\u2019<\/em><\/strong><\/p>\n<p style=\"text-align: justify;\">Adalar Vakf\u0131\u2019n\u0131n da haz\u0131rl\u0131klar\u0131na kat\u0131ld\u0131\u011f\u0131 zirvede Adalar\u2019da ya\u015fayan kanaat \u00f6nderleri de haz\u0131r bulunacak. Adalar Vakf\u0131 Ba\u015fkan\u0131 Halim Buluto\u011flu, bulu\u015fmada beklentilerin dile getirilece\u011fini s\u00f6yledi. Buluto\u011flu, \u201cB\u00fcy\u00fckada sadece tarihi ve do\u011fas\u0131yla de\u011fil k\u00fclt\u00fcrel \u00e7e\u015fitlili\u011fi ile de \u00e7ok \u00f6nemli, bu y\u00fczden toplant\u0131 burada yap\u0131l\u0131yor\u201d dedi. \u0130stanbul\u2019daki Rum cemaatinin B\u00fcy\u00fckada iskelesine as\u0131lmas\u0131 i\u00e7in \u2019Ho\u015fgeldiniz\u2019yaz\u0131l\u0131 bir pankart haz\u0131rlatt\u0131\u011f\u0131 \u00f6\u011frenildi.<\/p>\n<p style=\"text-align: justify;\"><span style=\"color: #888888;\">Kaynak : Vatan<\/span><\/p>\n","protected":false},"excerpt":{"rendered":"<p style=\"text-align: center;\">\n<p style=\"text-align: justify;\">Ba\u015fbakan Erdo\u011fan, az\u0131nl\u0131k cemaatlerinin liderleri ile B\u00fcy\u00fckada\u2019dak bir araya gelecek.<\/p>\n<p style=\"text-align: justify;\">GAYRIM\u00dcSL\u0130MLER\u0130N y\u0131llard\u0131r huzur i\u00e7inde ya\u015fad\u0131\u011f\u0131 \u0130stanbul\u2019un Adalar il\u00e7esi, Ba\u015fbakan Erdo\u011fan\u2019\u0131 a\u011f\u0131rlamaya haz\u0131rlan\u0131yor. B\u00fcy\u00fckada\u2019da bulunan Anadolu Kulub\u00fc\u2019ndeki \u00f6\u011fle yeme\u011finin ev sahipli\u011fini aralar\u0131nda Adalar Vakf\u0131\u2019n\u0131n da yer ald\u0131\u011f\u0131 sivil toplum kurulu\u015flar\u0131 ve Adalar Belediye Ba\u015fkanl\u0131\u011f\u0131 yapacak. \u201cK\u00fcrt A\u00e7\u0131l\u0131m\u0131\u201d tart\u0131\u015fmalar\u0131 i\u00e7in <\/p>\n","protected":false},"author":1,"featured_media":0,"comment_status":"open","ping_status":"closed","sticky":false,"template":"","format":"standard","meta":{"footnotes":""},"categories":[105],"tags":[],"class_list":["post-13409","post","type-post","status-publish","format-standard","hentry","category-gundem","odd"],"_links":{"self":[{"href":"http:\/\/www.korhanyilmaz.com\/index.php?rest_route=\/wp\/v2\/posts\/13409","targetHints":{"allow":["GET"]}}],"collection":[{"href":"http:\/\/www.korhanyilmaz.com\/index.php?rest_route=\/wp\/v2\/posts"}],"about":[{"href":"http:\/\/www.korhanyilmaz.com\/index.php?rest_route=\/wp\/v2\/types\/post"}],"author":[{"embeddable":true,"href":"http:\/\/www.korhanyilmaz.com\/index.php?rest_route=\/wp\/v2\/users\/1"}],"replies":[{"embeddable":true,"href":"http:\/\/www.korhanyilmaz.com\/index.php?rest_route=%2Fwp%2Fv2%2Fcomments&post=13409"}],"version-history":[{"count":0,"href":"http:\/\/www.korhanyilmaz.com\/index.php?rest_route=\/wp\/v2\/posts\/13409\/revisions"}],"wp:attachment":[{"href":"http:\/\/www.korhanyilmaz.com\/index.php?rest_route=%2Fwp%2Fv2%2Fmedia&parent=13409"}],"wp:term":[{"taxonomy":"category","embeddable":true,"href":"http:\/\/www.korhanyilmaz.com\/index.php?rest_route=%2Fwp%2Fv2%2Fcategories&post=13409"},{"taxonomy":"post_tag","embeddable":true,"href":"http:\/\/www.korhanyilmaz.com\/index.php?rest_route=%2Fwp%2Fv2%2Ftags&post=13409"}],"curies":[{"name":"wp","href":"https:\/\/api.w.org\/{rel}","templated":true}]}}