{"id":13359,"date":"2009-08-13T15:13:53","date_gmt":"2009-08-13T12:13:53","guid":{"rendered":"http:\/\/www.korhanyilmaz.com\/?p=13359"},"modified":"2009-08-13T15:13:53","modified_gmt":"2009-08-13T12:13:53","slug":"kurtce-bilen-polis-alinacak","status":"publish","type":"post","link":"http:\/\/www.korhanyilmaz.com\/?p=13359","title":{"rendered":"K\u00fcrt\u00e7e bilen polis al\u0131nacak"},"content":{"rendered":"<p style=\"text-align: center;\"><a href=\"http:\/\/www.korhanyilmaz.com\/wp-content\/uploads\/2009\/08\/140820090138576029783.jpg\"  class=\"lightview\"><img loading=\"lazy\" decoding=\"async\" class=\"aligncenter size-full wp-image-13360\" src=\"http:\/\/www.korhanyilmaz.com\/wp-content\/uploads\/2009\/08\/140820090138576029783.jpg\" alt=\"\" width=\"329\" height=\"210\" \/><\/a><\/p>\n<p style=\"text-align: justify;\">Diyarbak\u0131r Emniyet M\u00fcd\u00fcr\u00fc Mustafa Sa\u011flam, toplum destekli polisi geli\u015ftireceklerini belirtti.<\/p>\n<p style=\"text-align: justify;\">Diyarbak\u0131r Emniyet M\u00fcd\u00fcr\u00fc Mustafa Sa\u011flam, toplum destekli polisi geli\u015ftireceklerini belirterek, \u201cToplum destekli polisler halk\u0131m\u0131z\u0131n \u00e7ok i\u00e7inde olacak. Belki y\u00f6renin dilini de bilen arkada\u015flar\u0131m\u0131zla takviye edece\u011fiz\u201d dedi.<\/p>\n<p style=\"text-align: justify;\">\u0130\u00c7\u0130\u015eLER\u0130 Bakan\u0131 Be\u015fir Atalay, K\u00fcrt sorununun \u00e7\u00f6z\u00fcm\u00fcne y\u00f6nelik olu\u015fturulacak yol haritas\u0131 i\u00e7in g\u00f6r\u00fc\u015fme turlar\u0131n\u0131 s\u00fcrd\u00fcr\u00fcrken, a\u00e7\u0131l\u0131mla ilgili somut bir ad\u0131m Diyarbak\u0131r polisinden geldi. Ge\u00e7en Haziran ay\u0131nda Diyarbak\u0131r Emniyet M\u00fcd\u00fcrl\u00fc\u011f\u00fc\u2019ne atanan M ustafa Sa\u011flam, \u201cToplum Destekli Polis Projesi\u201d ni geli\u015ftireceklerini belirterek, \u201cK\u00fcrt\u00e7e bilmeyen vatanda\u015flar\u0131m\u0131z kuruma geldi\u011finde, onlarla K\u00fcrt\u00e7e bilen personelimiz muhatap olacak\u201d dedi. <!--more--><\/p>\n<p style=\"text-align: justify;\">Daha \u00f6nce g\u00f6rev yeri olan Ad\u0131yaman\u2019da yapt\u0131\u011f\u0131 \u00e7al\u0131\u015fmalarla dikkat \u00e7eken Sa\u011flam, kendi iste\u011fi ile geldi\u011fi Diyarbak\u0131r\u2019da i\u015fe h\u0131zl\u0131 ba\u015flad\u0131. Kente gelir gelmez kurmaylar\u0131yla ilin sorunlar\u0131 \u00fczerinde \u00e7al\u0131\u015fan Sa\u011flam, kent merkezinde s\u0131k s\u0131k kahvelere giderek vatanda\u015fla da bire-bir temas kurdu, kentin sorunlar\u0131n\u0131 onlarla konu\u015farak, fikirlerini ald\u0131. Ter\u00f6r nedeniyle ald\u0131\u011f\u0131 g\u00f6\u00e7le T\u00fcrkiye\u2019nin en kalabal\u0131k illerinden biri olan Diyarbak\u0131r\u2019da sorunlar\u0131 \u00e7\u00f6zmek i\u00e7in kollar\u0131 s\u0131vayan Sa\u011flam, ilk olarak Emniyet Genel M\u00fcd\u00fcrl\u00fc\u011f\u00fc\u2019n\u00fcn hayata ge\u00e7irdi\u011fi \u201cToplum Destekli Polis Projesi\u201d ne i\u015flerlik kazand\u0131rmaya karar verdi.<\/p>\n<p style=\"text-align: justify;\"><strong><em>Huzura ihtiya\u00e7 var <\/em><\/strong><\/p>\n<p style=\"text-align: justify;\">Kurum i\u00e7inde K\u00fcrt\u00e7e bilen personel g\u00f6revlendireceklerini s\u00f6yleyen Sa\u011flam, \u00e7al\u0131\u015fmas\u0131n\u0131 \u015f\u00f6yle anlatt\u0131: \u201cY\u00f6renin dilini de bilen arkada\u015flar\u0131m\u0131zla takviye yapaca\u011f\u0131z. Amac\u0131m polis vatanda\u015f ili\u015fkilerini \u00e7ok daha iyiye g\u00f6t\u00fcrerek hizmet etmek. \u00d6ncelikle polis halk ili\u015fkilerini iyiye g\u00f6t\u00fcrmek. Su\u00e7u a\u015fa\u011f\u0131ya \u00e7ekmek. K\u00fcrt\u00e7e bilmeyen bir vatanda\u015f\u0131m\u0131z Emniyet\u2019e geldi\u011finde ona K\u00fcrt\u00e7e bilen personelimiz yard\u0131mc\u0131 olacak. Bir de mahalle baz\u0131nda \u00e7al\u0131\u015fmalar yapaca\u011f\u0131z. Eskiden mahalle bek\u00e7ileri vard\u0131, \u015fimdi ona benzer bir \u00e7al\u0131\u015fma yapaca\u011f\u0131z. \u00c7al\u0131\u015fma yapt\u0131\u011f\u0131m\u0131z bu mahallelerde, aralar\u0131nda K\u00fcrt\u00e7e de bilen personeli g\u00f6revlendirece\u011fiz.\u201d<\/p>\n<p style=\"text-align: justify;\">Halkla i\u00e7 i\u00e7e olacaklar\u0131n\u0131 vurgulayan Emniyet M\u00fcd\u00fcr\u00fc Sa\u011flam,\u015f\u00f6yle devam ediyor: \u201cVatanda\u015f\u0131n memnuniyeti \u00e7ok \u00f6nemli. Diyarbak\u0131r, tar\u0131m ve turizm potansiyeli y\u00fcksek olan bir ilimiz. Diyarbak\u0131r organize sanayi alan\u0131nda da ilerleyecek y\u00fcksek bir potansiyele sahip. Diyarbak\u0131r\u2019\u0131n huzura ihtiyac\u0131 var. Diyarbak\u0131r\u2019\u0131n d\u0131\u015far\u0131da \u00e7ok iyi bir imaja ihtiyac\u0131 var. Bunlar sa\u011fland\u0131\u011f\u0131 taktirde Diyarbak\u0131r b\u00fct\u00fcn sorunlar\u0131n\u0131 a\u015facakt\u0131r. Sermaye \u00e7ok \u00f6nemlidir. Sermaye \u00fcrkmeyece\u011fi yerlere gider. Diyarbak\u0131r\u2019\u0131n imaj\u0131n\u0131 \u00e7ok parlatmam\u0131z laz\u0131m. Bunda g\u00fcvenlik g\u00fc\u00e7lerine g\u00f6rev d\u00fc\u015ft\u00fc\u011f\u00fc gibi medyaya \u00e7ok g\u00f6rev d\u00fc\u015f\u00fcyor. Diyarbak\u0131r\u2019a gelecek yat\u0131r\u0131mlar\u0131n \u00f6n\u00fcn\u00fcn a\u00e7\u0131laca\u011f\u0131na inan\u0131yorum.\u201d<\/p>\n<p style=\"text-align: justify;\"><strong><em>Umut Y\u0131ld\u0131z\u0131 Projesi <\/em><\/strong><\/p>\n<p style=\"text-align: justify;\">Diyarbak\u0131r\u2019da sokak \u00e7ocuklar\u0131 i\u00e7in de bir \u00e7al\u0131\u015fma yapacaklar\u0131n\u0131 s\u00f6yleyen Sa\u011flam, \u015funlar\u0131 s\u00f6yledi: \u201cSokak \u00e7ocuklar\u0131na y\u00f6nelik \u2019Umut Y\u0131ld\u0131z\u0131 Projesi\u2019ni geli\u015ftirece\u011fiz. \u0130\u015e-KUR ile yapaca\u011f\u0131m\u0131z ortak \u00e7al\u0131\u015fmayla, \u00e7ocuklar\u0131 meslek \u00f6\u011frenmeye y\u00f6nlendirece\u011fiz. Onlar bir taraftan mesleklerini \u00f6\u011frenirken \u00f6te taraf\u0131ndan motivasyanlar\u0131n\u0131 artt\u0131rmak i\u00e7in har\u00e7l\u0131k verece\u011fiz.\u201d<\/p>\n<p style=\"text-align: justify;\"><strong><em>ADIYAMAN\u2019DAN D\u0130YARBAKIR\u2019A GELD\u0130 <\/em><\/strong><\/p>\n<p style=\"text-align: justify;\">1959 y\u0131l\u0131nda Malatya\u2019da do\u011fan Mustafa Sa\u011flam, 1994-2000 y\u0131llar\u0131 aras\u0131nda \u0130stanbul \u0130l Emniyet M\u00fcd\u00fcrl\u00fc\u011f\u00fc \u00e7e\u015fitli birimlerinde g\u00f6rev yapt\u0131. 2000-2003 y\u0131llar\u0131 aras\u0131nda Kocaeli Emniyet M\u00fcd\u00fcrl\u00fc\u011f\u00fc\u2019nde Emniyet M\u00fcd\u00fcr Yard\u0131mc\u0131s\u0131 olarak \u00e7al\u0131\u015ft\u0131ktan sonra 1. S\u0131n\u0131f Emniyet M\u00fcd\u00fcrl\u00fc\u011f\u00fc\u2019ne terfi etti. Adile Sadullah Mermerci P.M.Y.O M\u00fcd\u00fcr\u00fc oldu, 2006 y\u0131l\u0131nda itibaren Ad\u0131yaman \u0130l Emniyet M\u00fcd\u00fcrl\u00fc\u011f\u00fc g\u00f6revini s\u00fcrd\u00fcr\u00fcrken 2009 Haziran ay\u0131ndan Diyarbak\u0131r \u0130l Emniyet M\u00fcd\u00fcrl\u00fc\u011f\u00fc g\u00f6revine atand\u0131.<\/p>\n<p style=\"text-align: justify;\"><span style=\"color: #888888;\">Kaynak : VATAN<\/span><\/p>\n","protected":false},"excerpt":{"rendered":"<p style=\"text-align: center;\">\n<p style=\"text-align: justify;\">Diyarbak\u0131r Emniyet M\u00fcd\u00fcr\u00fc Mustafa Sa\u011flam, toplum destekli polisi geli\u015ftireceklerini belirtti.<\/p>\n<p style=\"text-align: justify;\">Diyarbak\u0131r Emniyet M\u00fcd\u00fcr\u00fc Mustafa Sa\u011flam, toplum destekli polisi geli\u015ftireceklerini belirterek, \u201cToplum destekli polisler halk\u0131m\u0131z\u0131n \u00e7ok i\u00e7inde olacak. Belki y\u00f6renin dilini de bilen arkada\u015flar\u0131m\u0131zla takviye edece\u011fiz\u201d dedi.<\/p>\n<p style=\"text-align: justify;\">\u0130\u00c7\u0130\u015eLER\u0130 Bakan\u0131 Be\u015fir Atalay, K\u00fcrt sorununun \u00e7\u00f6z\u00fcm\u00fcne y\u00f6nelik olu\u015fturulacak yol <\/p>\n","protected":false},"author":1,"featured_media":0,"comment_status":"open","ping_status":"closed","sticky":false,"template":"","format":"standard","meta":{"footnotes":""},"categories":[105],"tags":[],"class_list":["post-13359","post","type-post","status-publish","format-standard","hentry","category-gundem","odd"],"_links":{"self":[{"href":"http:\/\/www.korhanyilmaz.com\/index.php?rest_route=\/wp\/v2\/posts\/13359","targetHints":{"allow":["GET"]}}],"collection":[{"href":"http:\/\/www.korhanyilmaz.com\/index.php?rest_route=\/wp\/v2\/posts"}],"about":[{"href":"http:\/\/www.korhanyilmaz.com\/index.php?rest_route=\/wp\/v2\/types\/post"}],"author":[{"embeddable":true,"href":"http:\/\/www.korhanyilmaz.com\/index.php?rest_route=\/wp\/v2\/users\/1"}],"replies":[{"embeddable":true,"href":"http:\/\/www.korhanyilmaz.com\/index.php?rest_route=%2Fwp%2Fv2%2Fcomments&post=13359"}],"version-history":[{"count":0,"href":"http:\/\/www.korhanyilmaz.com\/index.php?rest_route=\/wp\/v2\/posts\/13359\/revisions"}],"wp:attachment":[{"href":"http:\/\/www.korhanyilmaz.com\/index.php?rest_route=%2Fwp%2Fv2%2Fmedia&parent=13359"}],"wp:term":[{"taxonomy":"category","embeddable":true,"href":"http:\/\/www.korhanyilmaz.com\/index.php?rest_route=%2Fwp%2Fv2%2Fcategories&post=13359"},{"taxonomy":"post_tag","embeddable":true,"href":"http:\/\/www.korhanyilmaz.com\/index.php?rest_route=%2Fwp%2Fv2%2Ftags&post=13359"}],"curies":[{"name":"wp","href":"https:\/\/api.w.org\/{rel}","templated":true}]}}