{"id":13337,"date":"2009-08-13T12:12:57","date_gmt":"2009-08-13T09:12:57","guid":{"rendered":"http:\/\/www.korhanyilmaz.com\/?p=13337"},"modified":"2009-08-13T12:12:57","modified_gmt":"2009-08-13T09:12:57","slug":"elektrige-zam-yolda","status":"publish","type":"post","link":"http:\/\/www.korhanyilmaz.com\/?p=13337","title":{"rendered":"Elektri\u011fe zam yolda!.."},"content":{"rendered":"<p><a href=\"http:\/\/www.korhanyilmaz.com\/wp-content\/uploads\/2009\/08\/elektrige_zam_yolda.jpg\"  class=\"lightview\"><img loading=\"lazy\" decoding=\"async\" class=\"aligncenter size-full wp-image-13338\" src=\"http:\/\/www.korhanyilmaz.com\/wp-content\/uploads\/2009\/08\/elektrige_zam_yolda.jpg\" alt=\"\" width=\"292\" height=\"198\" \/><\/a><\/p>\n<p style=\"text-align: justify;\">Mevzuat gere\u011fi zarar etmemesi gereken TETA\u015e&#8217;\u0131n ekim ay\u0131ndan itibaren elektri\u011fin toptan fiyat\u0131na y\u00fczde 20 zam yapmas\u0131 gerekiyor. Bu zamm\u0131n halka yans\u0131mas\u0131 ise y\u00fczde 6 ila 8 aras\u0131nda olacak.<\/p>\n<p style=\"text-align: justify;\">Y\u0131l\u0131n son d\u00f6rt ay\u0131nda TETA\u015e&#8217;\u0131n bilan\u00e7osunun d\u00fczeltilmesi i\u00e7in elektri\u011fe y\u00fckl\u00fc bir zam yap\u0131lmas\u0131 gerekiyor.<\/p>\n<p style=\"text-align: justify;\">Mevzuat gere\u011fi y\u0131l sonunda zarar etmemesi gereken T\u00fcrkiye Elektrik Ticaret A.\u015e.&#8217;nin ekim ba\u015f\u0131nda elektri\u011fin toptan fiyat\u0131na y\u00fczde 20 zam yapmas\u0131 gerekiyor. <!--more--><\/p>\n<p style=\"text-align: justify;\">Ekonomi yetkililerinden al\u0131nan bilgiye g\u00f6re, \u015fu anda zarar\u0131 engellemek i\u00e7in TETA\u015e&#8217;\u0131n ne kadar zam yapmas\u0131 gerekti\u011fi hesaplan\u0131yor.<\/p>\n<p style=\"text-align: justify;\">\u0130lk tahminler zam oran\u0131n\u0131n y\u00fczde 20 olmas\u0131 gerekti\u011fini g\u00f6steriyor. Elektri\u011fin toptan fiyat\u0131na yap\u0131lan zam ortalama olarak \u00fc\u00e7te bir civar\u0131nda halka yans\u0131yor. Bu da elektri\u011fin s\u0131radan vatanda\u015fa sat\u0131\u015f fiyat\u0131na y\u00fczde 6 ila 8 aras\u0131nda zam yap\u0131laca\u011f\u0131 anlam\u0131na geliyor.<\/p>\n<p style=\"text-align: justify;\">TETA\u015e, zam oran\u0131n\u0131 belirledikten sonra Enerji Piyasas\u0131 D\u00fczenleme Kurulu&#8217;na bildirerek fiyat\u0131n onaylanmas\u0131n\u0131 isteyecek.<\/p>\n<p style=\"text-align: justify;\">Onay\u0131n ard\u0131ndan da\u011f\u0131t\u0131m \u015firketleri maliyet hesab\u0131 yaparak kendi fiyatlar\u0131n\u0131 olu\u015fturacak. Ard\u0131ndan da\u011f\u0131t\u0131m \u015firketlerinin fiyat\u0131 da EPDK taraf\u0131ndan nihai olarak onaylanarak y\u00fcr\u00fcrl\u00fc\u011fe girecek.<\/p>\n<p style=\"text-align: justify;\"><span style=\"color: #888888;\">CNN T\u00dcRK<\/span><\/p>\n","protected":false},"excerpt":{"rendered":"<\/p>\n<p style=\"text-align: justify;\">Mevzuat gere\u011fi zarar etmemesi gereken TETA\u015e&#8217;\u0131n ekim ay\u0131ndan itibaren elektri\u011fin toptan fiyat\u0131na y\u00fczde 20 zam yapmas\u0131 gerekiyor. Bu zamm\u0131n halka yans\u0131mas\u0131 ise y\u00fczde 6 ila 8 aras\u0131nda olacak.<\/p>\n<p style=\"text-align: justify;\">Y\u0131l\u0131n son d\u00f6rt ay\u0131nda TETA\u015e&#8217;\u0131n bilan\u00e7osunun d\u00fczeltilmesi i\u00e7in elektri\u011fe y\u00fckl\u00fc bir zam yap\u0131lmas\u0131 gerekiyor.<\/p>\n<p style=\"text-align: justify;\">Mevzuat gere\u011fi y\u0131l sonunda zarar etmemesi <\/p>\n","protected":false},"author":1,"featured_media":0,"comment_status":"open","ping_status":"closed","sticky":false,"template":"","format":"standard","meta":{"footnotes":""},"categories":[7],"tags":[],"class_list":["post-13337","post","type-post","status-publish","format-standard","hentry","category-ekonomi","odd"],"_links":{"self":[{"href":"http:\/\/www.korhanyilmaz.com\/index.php?rest_route=\/wp\/v2\/posts\/13337","targetHints":{"allow":["GET"]}}],"collection":[{"href":"http:\/\/www.korhanyilmaz.com\/index.php?rest_route=\/wp\/v2\/posts"}],"about":[{"href":"http:\/\/www.korhanyilmaz.com\/index.php?rest_route=\/wp\/v2\/types\/post"}],"author":[{"embeddable":true,"href":"http:\/\/www.korhanyilmaz.com\/index.php?rest_route=\/wp\/v2\/users\/1"}],"replies":[{"embeddable":true,"href":"http:\/\/www.korhanyilmaz.com\/index.php?rest_route=%2Fwp%2Fv2%2Fcomments&post=13337"}],"version-history":[{"count":0,"href":"http:\/\/www.korhanyilmaz.com\/index.php?rest_route=\/wp\/v2\/posts\/13337\/revisions"}],"wp:attachment":[{"href":"http:\/\/www.korhanyilmaz.com\/index.php?rest_route=%2Fwp%2Fv2%2Fmedia&parent=13337"}],"wp:term":[{"taxonomy":"category","embeddable":true,"href":"http:\/\/www.korhanyilmaz.com\/index.php?rest_route=%2Fwp%2Fv2%2Fcategories&post=13337"},{"taxonomy":"post_tag","embeddable":true,"href":"http:\/\/www.korhanyilmaz.com\/index.php?rest_route=%2Fwp%2Fv2%2Ftags&post=13337"}],"curies":[{"name":"wp","href":"https:\/\/api.w.org\/{rel}","templated":true}]}}