{"id":13321,"date":"2009-08-13T12:18:57","date_gmt":"2009-08-13T09:18:57","guid":{"rendered":"http:\/\/www.korhanyilmaz.com\/?p=13321"},"modified":"2009-08-13T12:18:57","modified_gmt":"2009-08-13T09:18:57","slug":"milletvekillerine-ucuz-ev-iddiasi","status":"publish","type":"post","link":"http:\/\/www.korhanyilmaz.com\/?p=13321","title":{"rendered":"&#039;Milletvekillerine ucuz ev&#039; iddias\u0131"},"content":{"rendered":"<p style=\"text-align: center;\">\n<div id=\"attachment_13322\" style=\"width: 273px\" class=\"wp-caption aligncenter\"><a title=\"TBMM Ba\u015fkan\u0131 Mehmet Ali \u015eahin'\" href=\"http:\/\/www.korhanyilmaz.com\/wp-content\/uploads\/2009\/08\/mali_sahin.jpg\"  class=\"lightview\"><img loading=\"lazy\" decoding=\"async\" aria-describedby=\"caption-attachment-13322\" class=\"size-full wp-image-13322\" title=\"TBMM Ba\u015fkan\u0131 Mehmet Ali \u015eahin\" src=\"http:\/\/www.korhanyilmaz.com\/wp-content\/uploads\/2009\/08\/mali_sahin.jpg\" alt=\"TBMM Ba\u015fkan\u0131 Mehmet Ali \u015eahin\" width=\"263\" height=\"221\" \/><\/a><p id=\"caption-attachment-13322\" class=\"wp-caption-text\">TBMM Ba\u015fkan\u0131 Mehmet Ali \u015eahin<\/p><\/div>\n<p style=\"text-align: justify;\">TBMM \u0130leti\u015fim Daire Ba\u015fkanl\u0131\u011f\u0131, TBMM Ba\u015fkan\u0131 Mehmet Ali \u015eahin&#8217;in milletvekillerinin ucuza ev sahibi olmalar\u0131 i\u00e7in yeni bir konut projesi talimat\u0131 verdi\u011fine ili\u015fkin iddialar\u0131n ger\u00e7e\u011fi yans\u0131tmad\u0131\u011f\u0131n\u0131 bildirdi.<\/p>\n<p style=\"text-align: justify;\">TBMM \u0130leti\u015fim Daire Ba\u015fkanl\u0131\u011f\u0131&#8217;nca yap\u0131lan yaz\u0131l\u0131 a\u00e7\u0131klamada, Meclis Ba\u015fkan\u0131 \u015eahin&#8217;in g\u00f6revi devralmas\u0131n\u0131n ard\u0131ndan, 11 A\u011fustos Sal\u0131 g\u00fcn\u00fc tan\u0131\u015fma ama\u00e7l\u0131 toplanan Ba\u015fkanl\u0131k Divan\u0131&#8217;nda, TBMM Genel Sekreteri Ali Osman Koca taraf\u0131ndan Mecliste ger\u00e7ekle\u015ftirilen \u00e7al\u0131\u015fmalar hakk\u0131nda bilgilendirme yap\u0131ld\u0131\u011f\u0131 belirtildi. <!--more--><\/p>\n<p style=\"text-align: justify;\">A\u00e7\u0131klamada, \u015funlar kaydedildi:<\/p>\n<p style=\"text-align: justify;\">&#8220;Toplant\u0131da TOK\u0130&#8217;nin talebi \u00fczerine milletvekillerimizin piyasa ko\u015fullar\u0131nda konut sahibi olmalar\u0131 amac\u0131yla 2007 y\u0131l\u0131nda ba\u015flat\u0131larak projelendirme safhas\u0131na getirilen ve tan\u0131t\u0131m amac\u0131yla bro\u015f\u00fcrleri milletvekillerine da\u011f\u0131t\u0131lan Ankara G\u00f6lba\u015f\u0131 \u0130ncek Toplu Konut Projesi hakk\u0131nda bilgiler arz edilmi\u015ftir. S\u00f6z konusu haberlerde iddia edildi\u011fi gibi TBMM Ba\u015fkan\u0131 Say\u0131n \u015eahin&#8217;in yeni bir toplu konut projesi i\u00e7in talimat vermesi kesinlikle do\u011fru de\u011fildir.<\/p>\n<p style=\"text-align: justify;\">2007 y\u0131l\u0131nda TOK\u0130&#8217;nin talebi \u00fczerine ba\u015flat\u0131lm\u0131\u015f ve \u00e7al\u0131\u015fmalar\u0131 devam eden toplu konut projesinin Say\u0131n \u015eahin&#8217;in &#8216;ilk icraat\u0131&#8217; olarak yans\u0131t\u0131lmas\u0131, habercilik eti\u011fiyle ba\u011fda\u015fmayan bir durumdur. Kamuoyunun do\u011fru bilgilendirilmesi konusunda de\u011ferli bas\u0131n mensuplar\u0131m\u0131z\u0131n gerekli hassasiyeti g\u00f6sterece\u011fine inan\u0131yoruz.&#8221;<\/p>\n<p style=\"text-align: justify;\"><span style=\"color: #888888;\">CNN T\u00dcRK<\/span><\/p>\n","protected":false},"excerpt":{"rendered":"<p style=\"text-align: center;\">\n<p id=\"caption-attachment-13322\" class=\"wp-caption-text\">TBMM Ba\u015fkan\u0131 Mehmet Ali \u015eahin<\/p>\n<p style=\"text-align: justify;\">TBMM \u0130leti\u015fim Daire Ba\u015fkanl\u0131\u011f\u0131, TBMM Ba\u015fkan\u0131 Mehmet Ali \u015eahin&#8217;in milletvekillerinin ucuza ev sahibi olmalar\u0131 i\u00e7in yeni bir konut projesi talimat\u0131 verdi\u011fine ili\u015fkin iddialar\u0131n ger\u00e7e\u011fi yans\u0131tmad\u0131\u011f\u0131n\u0131 bildirdi.<\/p>\n<p style=\"text-align: justify;\">TBMM \u0130leti\u015fim Daire Ba\u015fkanl\u0131\u011f\u0131&#8217;nca yap\u0131lan yaz\u0131l\u0131 a\u00e7\u0131klamada, Meclis Ba\u015fkan\u0131 \u015eahin&#8217;in g\u00f6revi devralmas\u0131n\u0131n ard\u0131ndan, 11 A\u011fustos <\/p>\n","protected":false},"author":1,"featured_media":0,"comment_status":"open","ping_status":"closed","sticky":false,"template":"","format":"standard","meta":{"footnotes":""},"categories":[105],"tags":[],"class_list":["post-13321","post","type-post","status-publish","format-standard","hentry","category-gundem","odd"],"_links":{"self":[{"href":"http:\/\/www.korhanyilmaz.com\/index.php?rest_route=\/wp\/v2\/posts\/13321","targetHints":{"allow":["GET"]}}],"collection":[{"href":"http:\/\/www.korhanyilmaz.com\/index.php?rest_route=\/wp\/v2\/posts"}],"about":[{"href":"http:\/\/www.korhanyilmaz.com\/index.php?rest_route=\/wp\/v2\/types\/post"}],"author":[{"embeddable":true,"href":"http:\/\/www.korhanyilmaz.com\/index.php?rest_route=\/wp\/v2\/users\/1"}],"replies":[{"embeddable":true,"href":"http:\/\/www.korhanyilmaz.com\/index.php?rest_route=%2Fwp%2Fv2%2Fcomments&post=13321"}],"version-history":[{"count":0,"href":"http:\/\/www.korhanyilmaz.com\/index.php?rest_route=\/wp\/v2\/posts\/13321\/revisions"}],"wp:attachment":[{"href":"http:\/\/www.korhanyilmaz.com\/index.php?rest_route=%2Fwp%2Fv2%2Fmedia&parent=13321"}],"wp:term":[{"taxonomy":"category","embeddable":true,"href":"http:\/\/www.korhanyilmaz.com\/index.php?rest_route=%2Fwp%2Fv2%2Fcategories&post=13321"},{"taxonomy":"post_tag","embeddable":true,"href":"http:\/\/www.korhanyilmaz.com\/index.php?rest_route=%2Fwp%2Fv2%2Ftags&post=13321"}],"curies":[{"name":"wp","href":"https:\/\/api.w.org\/{rel}","templated":true}]}}