{"id":13303,"date":"2009-08-13T09:44:06","date_gmt":"2009-08-13T06:44:06","guid":{"rendered":"http:\/\/www.korhanyilmaz.com\/?p=13303"},"modified":"2011-08-29T00:43:39","modified_gmt":"2011-08-28T21:43:39","slug":"bakan-torpilli-tim-yolsuzlugunda-ilginc-gelismeler","status":"publish","type":"post","link":"http:\/\/www.korhanyilmaz.com\/?p=13303","title":{"rendered":"Bakan torpilli T\u0130M yolsuzlu\u011funda ilgin\u00e7 geli\u015fmeler"},"content":{"rendered":"<p style=\"text-align: center;\">\n<div id=\"attachment_36841\" style=\"width: 110px\" class=\"wp-caption alignright\"><img loading=\"lazy\" decoding=\"async\" aria-describedby=\"caption-attachment-36841\" class=\"size-full wp-image-36841\" style=\"margin-left: 10px; margin-right: 10px;\" src=\"http:\/\/www.korhanyilmaz.com\/wp-content\/uploads\/2009\/08\/aydinayaydin.jpg\" alt=\"\" width=\"100\" height=\"100\" \/><p id=\"caption-attachment-36841\" class=\"wp-caption-text\">Ayd\u0131n Ayayd\u0131n<\/p><\/div>\n<p style=\"text-align: justify;\">Eski D\u0131\u015f Ticaretten Sorumlu Bakan K\u00fcr\u015fad T\u00fczmen\u2019in okul arkada\u015f\u0131 ve kankas\u0131 Enis Ery\u0131lmaz i\u00e7in, \u00e7akma \u00fcniversite diplomal\u0131 O\u011fuz Sat\u0131c\u0131 taraf\u0131ndan ihracat\u00e7\u0131lar\u0131n paras\u0131 ile \u0130stanbul\u2019da kurdurduklar\u0131 TTN \u015firketine yap\u0131lan haciz i\u015flemlerini konu alan d\u00fcnk\u00fc yaz\u0131m ihracat\u00e7\u0131 \u00e7evrelerinde b\u00fcy\u00fck yank\u0131 uyand\u0131rd\u0131.<\/p>\n<p style=\"text-align: justify;\">Enis Ery\u0131lmaz\u2019\u0131n Bakan T\u00fczmen\u2019in \u201chat\u0131r\u0131yla\u201d Genel M\u00fcd\u00fcr\u00fc ve \u0130cra Kurulu Ba\u015fkan\u0131 oldu\u011fu \u015firket her y\u0131l sermaye t\u00fcketmi\u015f fakat Bakan T\u00fczmen ile d\u00f6nemin T\u0130M Ba\u015fkan\u0131 O\u011fuz Sat\u0131c\u0131\u2019n\u0131n birliklere verdi\u011fi talimatlarla, sermaye art\u0131r\u0131m\u0131 yoluyla \u015firkete para enjekte edilmi\u015f ve bu paralar da buharla\u015fm\u0131\u015ft\u0131. Genel M\u00fcd\u00fcr Ersin Ery\u0131lmaz, Bakan T\u00fczmen ve Sat\u0131c\u0131\u2019n\u0131n g\u00f6revleri sona erince p\u0131l\u0131s\u0131n\u0131 p\u0131rt\u0131s\u0131n\u0131 toplay\u0131p istifa etmek zorunda kalm\u0131\u015f, ancak bor\u00e7 alt\u0131na sokulan TTN \u015firketi hacizlerle ba\u015f ba\u015fa b\u0131rak\u0131lm\u0131\u015ft\u0131. <!--more--><\/p>\n<p style=\"text-align: justify;\">Bu yaz\u0131m \u00fczerine, okurlar\u0131mdan onlarca mail ve faks ald\u0131m. Enis Ery\u0131lmaz, eski bakan T\u00fczmen ve O\u011fuz Sat\u0131c\u0131 sac aya\u011f\u0131n\u0131n TTN \u015firketi ile ilgili uygulamalar\u0131n\u0131 ve ihracat\u00e7\u0131lar\u0131n paras\u0131n\u0131n nas\u0131l \u00e7ar\u00e7ur edildi\u011fini g\u00f6rd\u00fck\u00e7e hayrete d\u00fc\u015f\u00fcyorum. Sanki bu koltuklar \u00f6m\u00fcr boyu muhafaza edilecek ve g\u00fcn\u00fcn birinde hesap sorulmayacakm\u0131\u015f gibi ak\u0131l almayan y\u00f6ntemlerle \u015firket sermayesi buharla\u015ft\u0131r\u0131lm\u0131\u015f. Okurlar\u0131m\u0131n iddias\u0131, masraf kar\u015f\u0131l\u0131\u011f\u0131 g\u00f6sterilen gider belgelerin \u00e7o\u011funun sahte oldu\u011fu. Bunlar\u0131n incelenmesi halinde yolsuzlu\u011fun boyutu ortaya \u00e7\u0131kacakt\u0131r. D\u00fcr\u00fcstl\u00fc\u011f\u00fc ile tan\u0131nan Bakan \u00c7a\u011flayan ve T\u0130M Ba\u015fkan\u0131 Mehmet B\u00fcy\u00fckek\u015fi\u2019n\u0131n, ucu kime dayan\u0131rsa dayans\u0131n, ihracat\u00e7\u0131lar\u0131n paras\u0131 ile keyif \u00e7atan bir saltanat\u0131n boyutlar\u0131n\u0131 ortaya \u00e7\u0131karaca\u011f\u0131na inan\u0131yorum.<\/p>\n<p style=\"text-align: justify;\">Birliklerin K\u00fcr\u015fad T\u00fczmen\u2019in bakanl\u0131\u011f\u0131 d\u00f6nemindeki hesaplar\u0131n\u0131n incelenmesi halinde, ball\u0131 yurtd\u0131\u015f\u0131 seyahatlerinin kamuya ve ihracat\u00e7\u0131lara faturas\u0131n\u0131n boyutu ve bundan kimlerin nas\u0131l yararland\u0131klar\u0131 da ortaya \u00e7\u0131kacakt\u0131r.<\/p>\n<p style=\"text-align: justify;\">Bir okurumdan gelen mail\u2019i aynen siz de\u011ferli okurlar\u0131ma aktar\u0131yorum:<\/p>\n<p style=\"text-align: justify;\">\u201cAyd\u0131n Bey,<\/p>\n<p style=\"text-align: justify;\">Enis Ery\u0131lmaz, 2008 Temmuz ay\u0131nda www.koysepete.com ad\u0131 ile bir WEB sitesi kurdu. TTN\u2019deki elemanlar\u0131 ve cihazlar\u0131 kullanarak (Bu cihazlar halen Enis Ery\u0131lmaz\u2019da) Ankara\u2019da 3 katl\u0131 bina kiralad\u0131. Bu site 6 ayda en \u00e7ok sat\u0131\u015f yapan 3. site oldu. Derken sipari\u015fler teslim edilmemeye ba\u015flad\u0131 ve \u015firket birden ortadan kayboldu. Bankalara \u00f6nemli miktarda bor\u00e7 takt\u0131\u011f\u0131 s\u00f6yleniyor. Ancak Enis Ery\u0131lmaz ortada yok.<\/p>\n<p style=\"text-align: justify;\">Google\u2019a \u2018koysepete\u2019yi arat\u0131rsan\u0131z sadece www.sikayetvar.com\u2019da 1500 ki\u015finin paralar\u0131n\u0131 verip \u00fcr\u00fcnlerini alamad\u0131klar\u0131 i\u00e7in \u015fik\u00e2yet ettiklerini g\u00f6r\u00fcrs\u00fcn\u00fcz.<\/p>\n<p style=\"text-align: justify;\">Ama kendisi \u0130stanbul Seyrantepe\u2019deki yerinin \u00f6n taraf\u0131n\u0131 bir \u00f6zel TV\u2019ye kiralad\u0131 ve arkas\u0131ndaki b\u00f6l\u00fcmde kendisi oturup gizlenerek, Amerika\u2019da nas\u0131l i\u015f kuraca\u011f\u0131n\u0131n haz\u0131rl\u0131\u011f\u0131n\u0131 yap\u0131yor. Oradaki yerini kiralad\u0131\u011f\u0131 bile s\u00f6yleniyor.<\/p>\n<p style=\"text-align: justify;\">Enis Ery\u0131lmaz, Belediye se\u00e7imlerinde O\u011fuz Sat\u0131c\u0131\u2019n\u0131n ara\u015ft\u0131rma ve ileti\u015fim hizmetlerini y\u00fcr\u00fctt\u00fc. E\u011fer Sat\u0131c\u0131 kazansayd\u0131, Bak\u0131rk\u00f6y Belediyesi\u2019nin halkla ili\u015fkiler i\u015fini ve WEB TV i\u015fini y\u00fcr\u00fcterek birlikte paralar kazanacakt\u0131. Olmad\u0131, Bak\u0131rk\u00f6yl\u00fc m\u00fcsaade etmedi.<\/p>\n<p style=\"text-align: justify;\">Bu konudaki yaz\u0131n\u0131z kurumlar\u0131n nas\u0131l \u00f6zel ama\u00e7lara alet edildi\u011finin g\u00fcndeme getirilmesi a\u00e7\u0131s\u0131ndan \u00f6nemli. \u0130yi g\u00fcnler&#8230;\u201d<\/p>\n<p style=\"text-align: justify;\">Evet; bu, iddialardan sadece biri. Yetkilileri bu iddia ile ilgili g\u00f6reve davet ediyorum.<\/p>\n<p style=\"text-align: justify;\"><span style=\"color: #888888;\">Ayd\u0131n Ayayd\u0131n &#8211;\u00a0 Vatan<\/span><\/p>\n<p style=\"text-align: justify;\"><span style=\"color: #888888;\">Yazara Ula\u015fmak \u0130\u00e7in : <a href=\"mailto:aayaydin@gazetevatan.com\">aayaydin@gazetevatan.com<\/a><\/span><\/p>\n","protected":false},"excerpt":{"rendered":"<p style=\"text-align: center;\">\n<p id=\"caption-attachment-36841\" class=\"wp-caption-text\">Ayd\u0131n Ayayd\u0131n<\/p>\n<p style=\"text-align: justify;\">Eski D\u0131\u015f Ticaretten Sorumlu Bakan K\u00fcr\u015fad T\u00fczmen\u2019in okul arkada\u015f\u0131 ve kankas\u0131 Enis Ery\u0131lmaz i\u00e7in, \u00e7akma \u00fcniversite diplomal\u0131 O\u011fuz Sat\u0131c\u0131 taraf\u0131ndan ihracat\u00e7\u0131lar\u0131n paras\u0131 ile \u0130stanbul\u2019da kurdurduklar\u0131 TTN \u015firketine yap\u0131lan haciz i\u015flemlerini konu alan d\u00fcnk\u00fc yaz\u0131m ihracat\u00e7\u0131 \u00e7evrelerinde b\u00fcy\u00fck yank\u0131 uyand\u0131rd\u0131.<\/p>\n<p style=\"text-align: justify;\">Enis Ery\u0131lmaz\u2019\u0131n Bakan T\u00fczmen\u2019in \u201chat\u0131r\u0131yla\u201d <\/p>\n","protected":false},"author":1,"featured_media":0,"comment_status":"open","ping_status":"closed","sticky":false,"template":"","format":"standard","meta":{"footnotes":""},"categories":[16],"tags":[364,21,22,23,24],"class_list":["post-13303","post","type-post","status-publish","format-standard","hentry","category-kose-yazilari","tag-aydin-ayaydin","tag-enis-eryilmaz","tag-kursad-tuzmen","tag-oguz-satici","tag-ttn-sirketi","odd"],"_links":{"self":[{"href":"http:\/\/www.korhanyilmaz.com\/index.php?rest_route=\/wp\/v2\/posts\/13303","targetHints":{"allow":["GET"]}}],"collection":[{"href":"http:\/\/www.korhanyilmaz.com\/index.php?rest_route=\/wp\/v2\/posts"}],"about":[{"href":"http:\/\/www.korhanyilmaz.com\/index.php?rest_route=\/wp\/v2\/types\/post"}],"author":[{"embeddable":true,"href":"http:\/\/www.korhanyilmaz.com\/index.php?rest_route=\/wp\/v2\/users\/1"}],"replies":[{"embeddable":true,"href":"http:\/\/www.korhanyilmaz.com\/index.php?rest_route=%2Fwp%2Fv2%2Fcomments&post=13303"}],"version-history":[{"count":0,"href":"http:\/\/www.korhanyilmaz.com\/index.php?rest_route=\/wp\/v2\/posts\/13303\/revisions"}],"wp:attachment":[{"href":"http:\/\/www.korhanyilmaz.com\/index.php?rest_route=%2Fwp%2Fv2%2Fmedia&parent=13303"}],"wp:term":[{"taxonomy":"category","embeddable":true,"href":"http:\/\/www.korhanyilmaz.com\/index.php?rest_route=%2Fwp%2Fv2%2Fcategories&post=13303"},{"taxonomy":"post_tag","embeddable":true,"href":"http:\/\/www.korhanyilmaz.com\/index.php?rest_route=%2Fwp%2Fv2%2Ftags&post=13303"}],"curies":[{"name":"wp","href":"https:\/\/api.w.org\/{rel}","templated":true}]}}