{"id":13275,"date":"2009-08-12T17:18:51","date_gmt":"2009-08-12T14:18:51","guid":{"rendered":"http:\/\/www.korhanyilmaz.com\/?p=13275"},"modified":"2009-08-12T17:18:51","modified_gmt":"2009-08-12T14:18:51","slug":"luganonun-yeni-takimi-fiorentina","status":"publish","type":"post","link":"http:\/\/www.korhanyilmaz.com\/?p=13275","title":{"rendered":"Lugano&#8217;nun yeni tak\u0131m\u0131 Fiorentina"},"content":{"rendered":"<p style=\"text-align: center;\"><a href=\"http:\/\/www.korhanyilmaz.com\/wp-content\/uploads\/2009\/08\/lugano.jpg\"  class=\"lightview\"><img loading=\"lazy\" decoding=\"async\" class=\"aligncenter size-full wp-image-13276\" src=\"http:\/\/www.korhanyilmaz.com\/wp-content\/uploads\/2009\/08\/lugano.jpg\" alt=\"\" width=\"410\" height=\"179\" \/><\/a><\/p>\n<p style=\"text-align: justify;\">Uruguay medyas\u0131, Diego Lugano&#8217;nun yeni tak\u0131m\u0131n\u0131n Fiorentina olaca\u011f\u0131n\u0131 iddia etti.<\/p>\n<p style=\"text-align: justify;\">Yeni tak\u0131m\u0131n\u0131 pazar g\u00fcn\u00fc a\u00e7\u0131klayaca\u011f\u0131n\u0131 bildiren Diego Lugano&#8217;nun hangi kul\u00fcbe imza ataca\u011f\u0131 merakla beklenirken, konuyla ilgili son iddia Uruguay&#8217;dan geldi.<\/p>\n<p style=\"text-align: justify;\">Pasion gazetesi, Uruguay milli tak\u0131m\u0131n\u0131n 28 ya\u015f\u0131ndaki kaptan\u0131n\u0131n Fiorentina ile anla\u015ft\u0131\u011f\u0131n\u0131 yazd\u0131.<\/p>\n<p style=\"text-align: justify;\">Pasion, Lugano ile daha \u00f6nce de ilgilenen Fiorentina&#8217;n\u0131n son bir hamleyle Lazio&#8217;yu ekarte etti\u011fini ve oyuncunun sa\u011fl\u0131k kontrol\u00fcnden ge\u00e7tikten sonra s\u00f6zle\u015fme imzalayaca\u011f\u0131n\u0131 ileri s\u00fcr\u00fcyor.<\/p>\n<p style=\"text-align: justify;\">Fenerbah\u00e7e ile s\u00f6zle\u015fmesi sona eren Lugano&#8217;nun ad\u0131 \u00f6zellikle Lazio ile an\u0131l\u0131yor. Oyuncunun Fenerbah\u00e7e&#8217;ye d\u00f6nmesi de ciddi bir ihtimal olarak g\u00f6steriliyor.<\/p>\n<p style=\"text-align: justify;\"><span style=\"color: #888888;\">CNN T\u00dcRK<\/span><\/p>\n","protected":false},"excerpt":{"rendered":"<p style=\"text-align: center;\">\n<p style=\"text-align: justify;\">Uruguay medyas\u0131, Diego Lugano&#8217;nun yeni tak\u0131m\u0131n\u0131n Fiorentina olaca\u011f\u0131n\u0131 iddia etti.<\/p>\n<p style=\"text-align: justify;\">Yeni tak\u0131m\u0131n\u0131 pazar g\u00fcn\u00fc a\u00e7\u0131klayaca\u011f\u0131n\u0131 bildiren Diego Lugano&#8217;nun hangi kul\u00fcbe imza ataca\u011f\u0131 merakla beklenirken, konuyla ilgili son iddia Uruguay&#8217;dan geldi.<\/p>\n<p style=\"text-align: justify;\">Pasion gazetesi, Uruguay milli tak\u0131m\u0131n\u0131n 28 ya\u015f\u0131ndaki kaptan\u0131n\u0131n Fiorentina ile anla\u015ft\u0131\u011f\u0131n\u0131 yazd\u0131.<\/p>\n<p style=\"text-align: justify;\">Pasion, Lugano <\/p>\n","protected":false},"author":1,"featured_media":0,"comment_status":"open","ping_status":"closed","sticky":false,"template":"","format":"standard","meta":{"footnotes":""},"categories":[42],"tags":[],"class_list":["post-13275","post","type-post","status-publish","format-standard","hentry","category-spor","odd"],"_links":{"self":[{"href":"http:\/\/www.korhanyilmaz.com\/index.php?rest_route=\/wp\/v2\/posts\/13275","targetHints":{"allow":["GET"]}}],"collection":[{"href":"http:\/\/www.korhanyilmaz.com\/index.php?rest_route=\/wp\/v2\/posts"}],"about":[{"href":"http:\/\/www.korhanyilmaz.com\/index.php?rest_route=\/wp\/v2\/types\/post"}],"author":[{"embeddable":true,"href":"http:\/\/www.korhanyilmaz.com\/index.php?rest_route=\/wp\/v2\/users\/1"}],"replies":[{"embeddable":true,"href":"http:\/\/www.korhanyilmaz.com\/index.php?rest_route=%2Fwp%2Fv2%2Fcomments&post=13275"}],"version-history":[{"count":0,"href":"http:\/\/www.korhanyilmaz.com\/index.php?rest_route=\/wp\/v2\/posts\/13275\/revisions"}],"wp:attachment":[{"href":"http:\/\/www.korhanyilmaz.com\/index.php?rest_route=%2Fwp%2Fv2%2Fmedia&parent=13275"}],"wp:term":[{"taxonomy":"category","embeddable":true,"href":"http:\/\/www.korhanyilmaz.com\/index.php?rest_route=%2Fwp%2Fv2%2Fcategories&post=13275"},{"taxonomy":"post_tag","embeddable":true,"href":"http:\/\/www.korhanyilmaz.com\/index.php?rest_route=%2Fwp%2Fv2%2Ftags&post=13275"}],"curies":[{"name":"wp","href":"https:\/\/api.w.org\/{rel}","templated":true}]}}