{"id":13261,"date":"2009-08-05T09:02:00","date_gmt":"2009-08-05T06:02:00","guid":{"rendered":"http:\/\/www.korhanyilmaz.com\/?p=13261"},"modified":"2009-08-05T09:02:00","modified_gmt":"2009-08-05T06:02:00","slug":"artik-devletin-tepesi-turbanli","status":"publish","type":"post","link":"http:\/\/www.korhanyilmaz.com\/?p=13261","title":{"rendered":"Art\u0131k devletin tepesi t\u00fcrbanl\u0131"},"content":{"rendered":"<p style=\"text-align: justify;\">\n<div id=\"attachment_11653\" style=\"width: 112px\" class=\"wp-caption alignleft\"><a href=\"http:\/\/www.korhanyilmaz.com\/wp-content\/uploads\/2009\/07\/142.jpg\"  class=\"lightview\"><img loading=\"lazy\" decoding=\"async\" aria-describedby=\"caption-attachment-11653\" class=\"size-full wp-image-11653\" title=\"Can Atakl\u0131\" src=\"http:\/\/www.korhanyilmaz.com\/wp-content\/uploads\/2009\/07\/142.jpg\" alt=\"Can Atakl\u0131\" width=\"102\" height=\"102\" \/><\/a><p id=\"caption-attachment-11653\" class=\"wp-caption-text\">Can Atakl\u0131<\/p><\/div>\n<p style=\"text-align: justify;\">O yaz\u0131mda \u201c\u00e7ok iddial\u0131 bir g\u00f6r\u00fc\u015f ama\u201d demi\u015ftim. \u201c\u00c7ok iddial\u0131 g\u00f6r\u00fc\u015f\u201d K\u00f6ksal Toptan\u2019\u0131n bir daha Meclis Ba\u015fkanl\u0131\u011f\u0131 i\u00e7in aday g\u00f6sterilmeyece\u011fiydi. Nitekim \u00f6yle oldu. Toptan \u00e7ok beklemesine ra\u011fmen Ba\u015fbakan taraf\u0131ndan aday yap\u0131lmad\u0131. Yap\u0131lmayacakt\u0131 zaten.<\/p>\n<p style=\"text-align: justify;\">\u00c7\u00fcnk\u00fc AKP\u2019nin \u00e7ekirdek kadrosundan gelmeyen Toptan\u2019\u0131n \u201cmiad\u0131 dolmu\u015f\u201d yani \u201cson kullanma tarihi\u201d gelmi\u015fti. \u0130\u015fin asl\u0131na bakarsan\u0131z Toptan\u2019\u0131n \u201cson kullanma tarihi\u201d bile yoktu, sadece toplumu ve muhalefeti kand\u0131rma operasyonunun bir par\u00e7as\u0131 yap\u0131lm\u0131\u015f ve iki y\u0131l kendisine tahamm\u00fcl edilmi\u015fti.<\/p>\n<p style=\"text-align: justify;\">Miad\u0131 dolunca AKP \u201c\u00f6z\u00fcne\u201d d\u00f6nd\u00fc.<\/p>\n<p style=\"text-align: justify;\">Art\u0131k devletin en tepesindeki \u00fc\u00e7 isim de ayn\u0131 kaynaktan gelen, ayn\u0131 fikirleri payla\u015fan, ayn\u0131 hedefe kilitlenmi\u015f isimlerden olu\u015ftu.<\/p>\n<p style=\"text-align: justify;\">T\u00fcrkiye teknik olarak bir \u201c\u0130slam Devletine\u201d d\u00f6n\u00fc\u015fmedi belki ama g\u00f6r\u00fcnt\u00fc fiilen \u00f6yledir.<!--more--><\/p>\n<p style=\"text-align: justify;\">Devletin tepesi art\u0131k \u201ct\u00fcrban\u0131n g\u00fczelli\u011fi\u201d ile ta\u00e7land\u0131r\u0131lm\u0131\u015ft\u0131r.<\/p>\n<p style=\"text-align: justify;\">\u201cT\u00fcrkiye \u0130ran olmaz\u201d diyenlere sadece \u015funu hat\u0131rlatmak isterim. \u0130ran olmak ille sokaklar\u0131n da \u0130ran gibi olmas\u0131 anlam\u0131na gelmez. T\u00fcrkiye siyasal olarak art\u0131k \u0130ran\u2019\u0131 and\u0131rmakt\u0131r. Sokaklar\u0131 da \u0130ran\u2019a d\u00f6n\u00fc\u015ft\u00fcrmek sadece bir s\u00fcre\u00e7tir.<\/p>\n<p style=\"text-align: justify;\">AKP zihniyetinin bu \u201csab\u0131rl\u0131\u201d ve \u201ckararl\u0131\u201d ad\u0131mlar\u0131yla kad\u0131nlar\u0131n tamam\u0131na yak\u0131n\u0131n\u0131n yarat\u0131lan iklime uyarak \u201ckendili\u011finden\u201d kapanmas\u0131 bundan sonra daha kolayd\u0131r. \u00dcstelik bu \u201c\u0130ranla\u015fma\u201dn\u0131n \u0130ran\u2019daki gibi adamlar\u0131n as\u0131lmas\u0131, \u015fiddet ve ter\u00f6r\u00fcn h\u00e2kim k\u0131l\u0131nmas\u0131 yoluyla de\u011fil halk\u0131n \u201c\u00f6zg\u00fcr iradesi\u201d ve \u201cdemokratik tavr\u0131n\u0131\u201d ortaya koymas\u0131 sayesinde ger\u00e7ekle\u015fti\u011fi ileri s\u00fcr\u00fclecektir.<\/p>\n<p style=\"text-align: justify;\">\u015eimdi AKP\u2019deki K\u00f6ksal Toptan gibilerin ne d\u00fc\u015f\u00fcnd\u00fc\u011f\u00fcn\u00fc \u00e7ok merak ediyorum. Acaba Toptan Bey nas\u0131l kullan\u0131ld\u0131\u011f\u0131n\u0131 \u015fimdi daha iyi anlam\u0131\u015f m\u0131d\u0131r?<\/p>\n<p style=\"text-align: justify;\">Abdullah G\u00fcl\u2019\u00fcn \u00f6n\u00fcn\u00fc a\u00e7mak i\u00e7in kendisinin Meclis Ba\u015fkan\u0131 yap\u0131ld\u0131\u011f\u0131n\u0131n ay\u0131rd\u0131na \u015fimdi varm\u0131\u015f m\u0131d\u0131r? AKP\u2019nin \u201cdemokrasi, \u00f6zg\u00fcrl\u00fck, insan haklar\u0131, hak, hukuk\u201d gibi kavramlar\u0131 sadece kendi i\u015fine yarad\u0131\u011f\u0131 zaman savundu\u011funu ve savunur g\u00f6r\u00fcnd\u00fc\u011f\u00fcn\u00fc fark etmi\u015f midir?<\/p>\n<p style=\"text-align: justify;\">Hi\u00e7 sanm\u0131yorum. K\u00f6ksal Toptan siyasi ikbal ve makam u\u011fruna ve hatta son derece l\u00fcks bir otomobil u\u011fruna iki y\u0131ll\u0131\u011f\u0131na da olsa AKP\u2019ye hi\u00e7 hak etmedi\u011fi bir paye verilmesine vesile oldu.<\/p>\n<p style=\"text-align: justify;\"><strong><em>Art\u0131k huzur i\u00e7inde uyuyabilir.<\/em><\/strong><\/p>\n<p style=\"text-align: justify;\">Bu arada \u00e7o\u011fumuzun bir yan\u0131lg\u0131s\u0131n\u0131 da dile getirmek istiyorum. Bug\u00fcn Meclis Ba\u015fkan\u0131 se\u00e7ilecek Mehmet Ali \u015eahin\u2019in yerel se\u00e7imlerden sonra bakanl\u0131ktan al\u0131nmas\u0131n\u0131 Antalya yenilgisine ba\u011flam\u0131\u015ft\u0131k. Ger\u00e7i \u015eahin Erdo\u011fan\u2019a en yak\u0131n isimlerden biriydi, bu kadar kolay harcanmas\u0131 da garip geliyordu ama kimsenin akl\u0131na o g\u00fcnlerde \u015eahin\u2019in daha \u00fcst bir makama \u00e7\u0131kar\u0131laca\u011f\u0131 gelmiyordu.<\/p>\n<p style=\"text-align: justify;\">Anla\u015f\u0131ld\u0131\u011f\u0131 kadar\u0131yla Antalya yenilgisi Erdo\u011fan i\u00e7in fazla bir \u015fey ifade etmemi\u015f. T\u00fcm T\u00fcrkiye\u2019yi g\u00f6t\u00fcrd\u00fc\u011f\u00fc yolda Antalya\u2019da u\u011fran\u0131lan \u201ckaza\u201d asl\u0131da \u201chay\u0131rlara vesile\u201d olmaktan ba\u015fka bir \u015fey de\u011filmi\u015f.<\/p>\n<p style=\"text-align: justify;\">*****<\/p>\n<p style=\"text-align: justify;\"><strong><em>\u00c7ankaya\u2019dan internet yorumlar\u0131na g\u00f6zalt\u0131<\/em><\/strong><\/p>\n<p style=\"text-align: justify;\">\u0130nternet gazetecili\u011finin yayg\u0131nla\u015fmas\u0131 ile daha \u00f6nce hi\u00e7 ya\u015famad\u0131\u011f\u0131m\u0131z bir sorunla kar\u015f\u0131 kar\u015f\u0131ya kald\u0131k. Yaz\u0131l\u0131 ve s\u00f6zl\u00fc bas\u0131nda yay\u0131nlanan her \u015feyin sahibi belli. \u0130smen ve cismen kar\u015f\u0131n\u0131zda.<\/p>\n<p style=\"text-align: justify;\">Ancak internet b\u00f6yle de\u011fil. Ki\u015filer kimliklerini gizleyerek de yay\u0131n yapabiliyorlar. \u0130nternet ortam\u0131nda \u00e7ok \u00f6nemli iddia ya da su\u00e7lamalar\u0131n kim taraf\u0131ndan yap\u0131ld\u0131\u011f\u0131 anla\u015f\u0131lmayabiliyor.<\/p>\n<p style=\"text-align: justify;\">\u0130nternetin ilk y\u0131llar\u0131nda bu sorun \u00e7ok daha vahimdi. Birbiri ard\u0131na a\u00e7\u0131lan ve kimin yapt\u0131\u011f\u0131 belli olmayan haber sitelerinde olmad\u0131k iddialar, inan\u0131lmaz dedikodular, \u015fahsi hesapla\u015fmalar yay\u0131nlan\u0131yordu.<\/p>\n<p style=\"text-align: justify;\">Ge\u00e7en y\u0131llarda \u00e7\u0131kar\u0131lan baz\u0131 yasalarla internet ortam\u0131nda i\u015flenen su\u00e7lar ve yay\u0131nlanan a\u011f\u0131r hakaretler azald\u0131. Ama hen\u00fcz sorunlara \u00e7are olan ciddi bir internet yasam\u0131z olmad\u0131\u011f\u0131 i\u00e7in bu medyada su\u00e7, dedikodu ve ki\u015fisel hakaretlerin \u00f6n\u00fc tam al\u0131namad\u0131.<\/p>\n<p style=\"text-align: justify;\">Bunu belirttikten sonra yeni \u00f6\u011frendi\u011fim bir konuyu payla\u015fmak istedim.<\/p>\n<p style=\"text-align: justify;\">Cumhurba\u015fkanl\u0131\u011f\u0131 hukuk b\u00fcrosu her g\u00fcn t\u00fcm haber sitelerini tarayarak Abdullah G\u00fcl ile ilgili haberleri inceliyormu\u015f.<\/p>\n<p style=\"text-align: justify;\">\u00c7ankaya hukuk\u00e7ular\u0131 \u00f6zellikle haberlerle ilgili yorum b\u00f6l\u00fcmlerini mercek alt\u0131na al\u0131yormu\u015f. Bu yorumlarda hakaret unsuruna rastlan\u0131rsa yazar\u0131yla ilgili hemen dava a\u00e7\u0131l\u0131yormu\u015f.<\/p>\n<p style=\"text-align: justify;\">Bunu yapmak eskiden daha zordu. \u00c7\u00fcnk\u00fc ger\u00e7ek ismini saklayanlar\u0131n yakalanmas\u0131 pek kolay olmuyordu.<\/p>\n<p style=\"text-align: justify;\">Ama \u015fu anda kim, nereden, hangi isimle olursa olsun bir mesaj att\u0131\u011f\u0131nda birka\u00e7 saniyelik i\u015flemle yeri ve kimli\u011fi saptanabiliyor.<\/p>\n<p style=\"text-align: justify;\">Bilgisayar ortam\u0131nda her kullan\u0131c\u0131n\u0131n IP denilen bir elektronik kimli\u011fi var. Herhangi bir internet cafe\u2019den, sahte isimle bile mesaj at\u0131lsa, i\u015flem saati saptanabildi\u011fi i\u00e7in o andaki kullan\u0131c\u0131 da bulunabiliyor.<\/p>\n<p style=\"text-align: justify;\">Cumhurba\u015fkanl\u0131\u011f\u0131 bu taramalar sonunda pek \u00e7ok ki\u015fiye \u201cCumhurba\u015fkan\u0131\u2019na hakaret\u201d su\u00e7lamas\u0131yla dava a\u00e7m\u0131\u015flar.<\/p>\n<p style=\"text-align: justify;\">*****<\/p>\n<p style=\"text-align: justify;\"><strong><em>12 kahraman yaratmak<\/em><\/strong><\/p>\n<p style=\"text-align: justify;\">Eski bir T\u00fcrk filmi vard\u0131. Y\u0131lmaz G\u00fcney\u2019in filmiydi yanl\u0131\u015f hat\u0131rlam\u0131yorsam. 12 Kahraman Adam ad\u0131nda. Bir benzeri de Hollywood yap\u0131m\u0131yd\u0131 sanki. Ge\u00e7mi\u015f y\u0131l, haf\u0131zay\u0131 zorlamak gerek.<\/p>\n<p style=\"text-align: justify;\">Devlet Bah\u00e7eli \u201c12 K\u00f6t\u00fc Adam\u201d deyince ister itemez akl\u0131ma geldi.<\/p>\n<p style=\"text-align: justify;\">Bah\u00e7eli\u2019nin \u201c12 K\u00f6t\u00fc Adam\u201d dedi\u011fi asl\u0131nda 12 gazeteci.<\/p>\n<p style=\"text-align: justify;\">Ne olduklar\u0131 bilinen 12 gazeteci.<\/p>\n<p style=\"text-align: justify;\">Bu 12 gazeteci her nedense Emniyet Genel M\u00fcd\u00fcrl\u00fc\u011f\u00fc\u2019n\u00fcn \u00f6nc\u00fcl\u00fc\u011f\u00fcnde ve ev sahipli\u011finde yap\u0131lan \u201cK\u00fcrt \u00c7al\u0131\u015ftay\u0131\u2019na\u201d kat\u0131ld\u0131lar.<\/p>\n<p style=\"text-align: justify;\">Hangi akla hizmetle K\u00fcrt a\u00e7\u0131l\u0131m\u0131 polis kontrol\u00fcnde ger\u00e7ekle\u015ftirilir o konu da \u00e7ok kafa kar\u0131\u015ft\u0131r\u0131c\u0131. Mehmet Tezkan d\u00fcn bu garabeti \u00e7ok g\u00fczel anlatm\u0131\u015ft\u0131.<\/p>\n<p style=\"text-align: justify;\">Ancak Devlet Bah\u00e7eli\u2019nin kimlikleri malum bu gazeteciler i\u00e7in \u201c12 K\u00f6t\u00fc Adam\u201d demesi \u201c\u00e7ok k\u00f6t\u00fc\u201d oldu.<\/p>\n<p style=\"text-align: justify;\">\u00c7\u00fcnk\u00fc bu 12 malum gazeteci bir yandan \u201chedef oldular\u201d b\u00f6ylelikle \u201cma\u011fdur\u201d duruma d\u00fc\u015f\u00fcr\u00fcld\u00fcler, ama \u00f6te taraftan da \u201ckahraman\u201d yap\u0131ld\u0131lar.<\/p>\n<p style=\"text-align: justify;\">Ne olursa olsun medya \u201crefleks\u201d olarak kendi meslekta\u015flar\u0131n\u0131 (ki baz\u0131lar\u0131n\u0131n art\u0131k gazetecilikle ilgisi olmad\u0131\u011f\u0131, iktidar ad\u0131na adeta tetik\u00e7ilik yapt\u0131klar\u0131 bilinse de) savunaca\u011f\u0131 ger\u00e7e\u011fini kimse g\u00f6z ard\u0131 edemez.<\/p>\n<p style=\"text-align: justify;\">Bunun da \u00f6tesinde, bu malum gazetecilerin s\u00f6zde fikirlerini ve davran\u0131\u015flar\u0131n\u0131 ele\u015ftiren, bunlar\u0131 a\u00e7\u0131\u011fa \u00e7\u0131karan di\u011fer gazetecilerin de eli aya\u011f\u0131 ba\u011flanm\u0131\u015f oldu.<\/p>\n<p style=\"text-align: justify;\">\u201cHedef yap\u0131lm\u0131\u015f\u201d ve \u201cma\u011fdur edilmi\u015f\u201d bu malum ki\u015filer bundan b\u00f6yle her tart\u0131\u015fmada, konuyu bu noktaya \u00e7ekip \u00fcste \u00e7\u0131kma becerisi g\u00f6stereceklerdir.<\/p>\n<p style=\"text-align: justify;\">Bunun da \u00f6tesinde Bah\u00e7eli hi\u00e7 yoktan kendisini \u00e7ok zor bir duruma soktu. \u015eimdi bu 12 Adam\u2019dan herhangi birinin aya\u011f\u0131 kay\u0131p yere d\u00fc\u015fse Bah\u00e7eli\u2019den bilinecek.<\/p>\n<p style=\"text-align: justify;\">*****<\/p>\n<p style=\"text-align: justify;\"><strong><em>At\u0131c\u0131l\u0131k<\/em><\/strong><\/p>\n<p style=\"text-align: justify;\">YIldIrIm Tuna\u2019dan: Trap milli tak\u0131m\u0131 olimpiyatlardaki t\u00fcm at\u0131c\u0131l\u0131k m\u00fcsabakalar\u0131nda \u201cs\u0131f\u0131r \u00e7ekip\u201d sonuncu olunca tak\u0131m\u0131n kaptan\u0131 heyet ba\u015fkan\u0131na ba\u015f\u0131 \u00f6nde gelip \u201c\u00c7ok \u00fcz\u00fcnt\u00fcl\u00fcy\u00fcm efendim&#8230;\u201d demi\u015f, \u201c\u0130nan\u0131n kendimi vurup intihar etmek istiyorum!..\u201d Ba\u015fkan \u201cKendini mi vuracaks\u0131n? \u0130yi fikir..\u201d demi\u015f di\u015flerini s\u0131karak, \u201cAma becerebilmen i\u00e7in yan\u0131na en az 5 kasa fi\u015fek almal\u0131s\u0131n!..\u201d<\/p>\n<p style=\"text-align: justify;\"><span style=\"color: #888888;\">Can Atakl\u0131 &#8211; Vatan<\/span><\/p>\n<p style=\"text-align: justify;\"><span style=\"color: #888888;\">Yazara Ula\u015fmak \u0130\u00e7in : <a href=\"mailto:catakli@gazetevatan.com\">catakli@gazetevatan.com<\/a><\/span><\/p>\n","protected":false},"excerpt":{"rendered":"<p style=\"text-align: justify;\">\n<p id=\"caption-attachment-11653\" class=\"wp-caption-text\">Can Atakl\u0131<\/p>\n<p style=\"text-align: justify;\">O yaz\u0131mda \u201c\u00e7ok iddial\u0131 bir g\u00f6r\u00fc\u015f ama\u201d demi\u015ftim. \u201c\u00c7ok iddial\u0131 g\u00f6r\u00fc\u015f\u201d K\u00f6ksal Toptan\u2019\u0131n bir daha Meclis Ba\u015fkanl\u0131\u011f\u0131 i\u00e7in aday g\u00f6sterilmeyece\u011fiydi. Nitekim \u00f6yle oldu. Toptan \u00e7ok beklemesine ra\u011fmen Ba\u015fbakan taraf\u0131ndan aday yap\u0131lmad\u0131. Yap\u0131lmayacakt\u0131 zaten.<\/p>\n<p style=\"text-align: justify;\">\u00c7\u00fcnk\u00fc AKP\u2019nin \u00e7ekirdek kadrosundan gelmeyen Toptan\u2019\u0131n \u201cmiad\u0131 dolmu\u015f\u201d yani \u201cson kullanma <\/p>\n","protected":false},"author":1,"featured_media":0,"comment_status":"open","ping_status":"closed","sticky":false,"template":"","format":"standard","meta":{"footnotes":""},"categories":[16],"tags":[],"class_list":["post-13261","post","type-post","status-publish","format-standard","hentry","category-kose-yazilari","odd"],"_links":{"self":[{"href":"http:\/\/www.korhanyilmaz.com\/index.php?rest_route=\/wp\/v2\/posts\/13261","targetHints":{"allow":["GET"]}}],"collection":[{"href":"http:\/\/www.korhanyilmaz.com\/index.php?rest_route=\/wp\/v2\/posts"}],"about":[{"href":"http:\/\/www.korhanyilmaz.com\/index.php?rest_route=\/wp\/v2\/types\/post"}],"author":[{"embeddable":true,"href":"http:\/\/www.korhanyilmaz.com\/index.php?rest_route=\/wp\/v2\/users\/1"}],"replies":[{"embeddable":true,"href":"http:\/\/www.korhanyilmaz.com\/index.php?rest_route=%2Fwp%2Fv2%2Fcomments&post=13261"}],"version-history":[{"count":0,"href":"http:\/\/www.korhanyilmaz.com\/index.php?rest_route=\/wp\/v2\/posts\/13261\/revisions"}],"wp:attachment":[{"href":"http:\/\/www.korhanyilmaz.com\/index.php?rest_route=%2Fwp%2Fv2%2Fmedia&parent=13261"}],"wp:term":[{"taxonomy":"category","embeddable":true,"href":"http:\/\/www.korhanyilmaz.com\/index.php?rest_route=%2Fwp%2Fv2%2Fcategories&post=13261"},{"taxonomy":"post_tag","embeddable":true,"href":"http:\/\/www.korhanyilmaz.com\/index.php?rest_route=%2Fwp%2Fv2%2Ftags&post=13261"}],"curies":[{"name":"wp","href":"https:\/\/api.w.org\/{rel}","templated":true}]}}