{"id":13256,"date":"2009-08-12T10:18:34","date_gmt":"2009-08-12T08:18:34","guid":{"rendered":"http:\/\/www.korhanyilmaz.com\/?p=13256"},"modified":"2009-08-12T10:18:34","modified_gmt":"2009-08-12T08:18:34","slug":"basbakandan-demokrasi-dersi","status":"publish","type":"post","link":"http:\/\/www.korhanyilmaz.com\/?p=13256","title":{"rendered":"Ba\u015fbakan&#039;dan demokrasi dersi!"},"content":{"rendered":"<p style=\"text-align: center;\"><a href=\"http:\/\/www.korhanyilmaz.com\/wp-content\/uploads\/2009\/08\/fft28_mf227791.Jpeg\"  class=\"lightview\"><img loading=\"lazy\" decoding=\"async\" class=\"aligncenter size-full wp-image-13257\" src=\"http:\/\/www.korhanyilmaz.com\/wp-content\/uploads\/2009\/08\/fft28_mf227791.Jpeg\" alt=\"\" width=\"357\" height=\"176\" \/><\/a><\/p>\n<p style=\"text-align: justify;\">Rize&#8217;de Ba\u015fbakan Erdo\u011fan konu\u015fma yaparken dertlerini anlatmaya \u00e7al\u0131\u015fan iki vatanda\u015f korumalar taraf\u0131ndan d\u0131\u015far\u0131 \u00e7\u0131kar\u0131ld\u0131.<\/p>\n<p style=\"text-align: justify;\">R\u0130ZE &#8211; Ba\u015fbakan Recep Tayyip Erdo\u011fan, Rize&#8217;de  AKP \u0130l Dan\u0131\u015fma Meclisi toplant\u0131s\u0131nda konu\u015fma yaparken, &#8220;\u0130ki senede iki trilyonum gitti. B\u00f6yle mi y\u00f6neteceksiniz bu memleketi? G\u00fcmr\u00fcklerde s\u0131k\u0131nt\u0131 ya\u015f\u0131yoruz. Say\u0131n Ba\u015fbakanla, sizinle g\u00f6r\u00fc\u015fmek istiyorum&#8221; diyen ya\u015fl\u0131 bir adam korumalar taraf\u0131ndan salondan d\u0131\u015far\u0131 \u00e7\u0131kart\u0131ld\u0131.<\/p>\n<p style=\"text-align: justify;\">Ba\u015fbakan bu tepkiyi, &#8220;Ba\u011f\u0131ranlar, \u00e7a\u011f\u0131ranlar oluyor. Bunlar zaman zaman spek\u00fclasyon ama\u00e7l\u0131 oluyor. Baz\u0131lar\u0131 demokrasi ad\u0131na bunu de\u011ferlendiriyor. Demokrasi bu kadar ucuz de\u011fil, kusura bakmay\u0131n. Ben provokat\u00f6re, spek\u00fclat\u00f6re, demokrat diyemem&#8221; diyerek de\u011ferlendirdi.<!--more--><\/p>\n<p style=\"text-align: justify;\">Ba\u015fbakan Erdo\u011fan salona girdi\u011finde Melahat Bulut ad\u0131ndaki bir kad\u0131n Ba\u015fbakan&#8217;dan yard\u0131m istedi, &#8220;A\u00e7\u0131z&#8221; dedi. Melahat Bulut&#8217;un depremzede oldu\u011fu ve \u0130zmit depreminin ard\u0131ndan Rize&#8217;ye geldi\u011fi \u00f6\u011frenildi.<\/p>\n<p style=\"text-align: justify;\">Salonda bulanan 30 ya\u015f\u0131ndaki Sevim Top\u00e7u da Ba\u015fbakan&#8217;\u0131n konu\u015fmas\u0131 s\u0131ras\u0131nda tepki g\u00f6sterdi ve &#8220;\u00dclkede ekonomik kriz var. Bu ekonomik kriz ne olacak?&#8221; diye ba\u011f\u0131r\u0131nca \u00f6nce partililer tepki g\u00f6sterdi. Ard\u0131ndan kad\u0131n korumalar taraf\u0131ndan d\u0131\u015far\u0131 \u00e7\u0131kart\u0131ld\u0131.<\/p>\n<p style=\"text-align: justify;\">Ba\u015fbakan bu tepki \u00fczerine de, &#8220;Bu salona girenlerin tamam\u0131n\u0131n dan\u0131\u015fma meclisi \u00fcyesi olduklar\u0131 kesin de\u011fil. Meclis d\u0131\u015f\u0131ndan girenlerde var. Partili olan\u0131 da, olmayan\u0131 da var. Ekonomik kriz nedir, ne de\u011fildir diye sorsan tan\u0131mlamaktan aciz olan\u0131 da var. Rizeli kesti\u011fi \u00e7ay\u0131n paras\u0131n\u0131 bir sene sonra al\u0131yordu. \u015eimdi \u00e7ay\u0131n\u0131n paras\u0131n\u0131 ald\u0131\u011f\u0131 i\u00e7in mi kriz var&#8221; ifadesini kulland\u0131.<\/p>\n<p style=\"text-align: justify;\"><span style=\"color: #888888;\">Radikal<\/span><\/p>\n","protected":false},"excerpt":{"rendered":"<p style=\"text-align: center;\">\n<p style=\"text-align: justify;\">Rize&#8217;de Ba\u015fbakan Erdo\u011fan konu\u015fma yaparken dertlerini anlatmaya \u00e7al\u0131\u015fan iki vatanda\u015f korumalar taraf\u0131ndan d\u0131\u015far\u0131 \u00e7\u0131kar\u0131ld\u0131.<\/p>\n<p style=\"text-align: justify;\">R\u0130ZE &#8211; Ba\u015fbakan Recep Tayyip Erdo\u011fan, Rize&#8217;de AKP \u0130l Dan\u0131\u015fma Meclisi toplant\u0131s\u0131nda konu\u015fma yaparken, &#8220;\u0130ki senede iki trilyonum gitti. B\u00f6yle mi y\u00f6neteceksiniz bu memleketi? G\u00fcmr\u00fcklerde s\u0131k\u0131nt\u0131 ya\u015f\u0131yoruz. Say\u0131n Ba\u015fbakanla, sizinle g\u00f6r\u00fc\u015fmek istiyorum&#8221; diyen ya\u015fl\u0131 <\/p>\n","protected":false},"author":1,"featured_media":0,"comment_status":"open","ping_status":"closed","sticky":false,"template":"","format":"standard","meta":{"footnotes":""},"categories":[105],"tags":[],"class_list":["post-13256","post","type-post","status-publish","format-standard","hentry","category-gundem","odd"],"_links":{"self":[{"href":"http:\/\/www.korhanyilmaz.com\/index.php?rest_route=\/wp\/v2\/posts\/13256","targetHints":{"allow":["GET"]}}],"collection":[{"href":"http:\/\/www.korhanyilmaz.com\/index.php?rest_route=\/wp\/v2\/posts"}],"about":[{"href":"http:\/\/www.korhanyilmaz.com\/index.php?rest_route=\/wp\/v2\/types\/post"}],"author":[{"embeddable":true,"href":"http:\/\/www.korhanyilmaz.com\/index.php?rest_route=\/wp\/v2\/users\/1"}],"replies":[{"embeddable":true,"href":"http:\/\/www.korhanyilmaz.com\/index.php?rest_route=%2Fwp%2Fv2%2Fcomments&post=13256"}],"version-history":[{"count":0,"href":"http:\/\/www.korhanyilmaz.com\/index.php?rest_route=\/wp\/v2\/posts\/13256\/revisions"}],"wp:attachment":[{"href":"http:\/\/www.korhanyilmaz.com\/index.php?rest_route=%2Fwp%2Fv2%2Fmedia&parent=13256"}],"wp:term":[{"taxonomy":"category","embeddable":true,"href":"http:\/\/www.korhanyilmaz.com\/index.php?rest_route=%2Fwp%2Fv2%2Fcategories&post=13256"},{"taxonomy":"post_tag","embeddable":true,"href":"http:\/\/www.korhanyilmaz.com\/index.php?rest_route=%2Fwp%2Fv2%2Ftags&post=13256"}],"curies":[{"name":"wp","href":"https:\/\/api.w.org\/{rel}","templated":true}]}}