{"id":13248,"date":"2009-08-12T17:14:13","date_gmt":"2009-08-12T14:14:13","guid":{"rendered":"http:\/\/www.korhanyilmaz.com\/?p=13248"},"modified":"2009-08-12T17:14:13","modified_gmt":"2009-08-12T14:14:13","slug":"arincin-oglu-tobba-bagli-tepavda-ise-girdi","status":"publish","type":"post","link":"http:\/\/www.korhanyilmaz.com\/?p=13248","title":{"rendered":"Ar\u0131n\u00e7&#039;\u0131n o\u011flu TOBB&#039;a ba\u011fl\u0131 TEPAV&#039;da i\u015fe girdi"},"content":{"rendered":"<div id=\"attachment_13249\" style=\"width: 279px\" class=\"wp-caption aligncenter\"><a title=\"Ahmet M\u00fccahit Ar\u0131n\u00e7\" href=\"http:\/\/www.korhanyilmaz.com\/wp-content\/uploads\/2009\/08\/ar\u0131nc\u0131n_oglu.jpg\"  class=\"lightview\"><img loading=\"lazy\" decoding=\"async\" aria-describedby=\"caption-attachment-13249\" class=\"size-full wp-image-13249\" title=\"Ahmet M\u00fccahit Ar\u0131n\u00e7\" src=\"http:\/\/www.korhanyilmaz.com\/wp-content\/uploads\/2009\/08\/ar\u0131nc\u0131n_oglu.jpg\" alt=\"ar\u0131nc\u0131n_oglu\" width=\"269\" height=\"207\" \/><\/a><p id=\"caption-attachment-13249\" class=\"wp-caption-text\">Ahmet M\u00fccahit Ar\u0131n\u00e7<\/p><\/div>\n<p style=\"text-align: center;\">\n<p style=\"text-align: justify;\">Hen\u00fcz temmuz ay\u0131nda \u00fcniversiteden mezun oldu. Ama \u00f6zellikle de kriz d\u00f6neminde binlerce gencin yapt\u0131\u011f\u0131 gibi i\u015f bulmak i\u00e7in aylarca beklemesi gerekmedi. Ba\u015fbakan Yard\u0131mc\u0131s\u0131 B\u00fclent Ar\u0131n\u00e7&#8217;\u0131n o\u011flu Ahmet M\u00fccahit Ar\u0131n\u00e7, T\u00fcrkiye Odalar ve Borsalar Birli\u011fi b\u00fcnyesindeki TEPAV&#8217;da siyaset dan\u0131\u015fman\u0131 kadrosuna al\u0131nd\u0131. Ar\u0131n\u00e7, \u0130\u00e7i\u015fleri Bakan\u0131 Be\u015fir Atalay&#8217;dan K\u00fcrt a\u00e7\u0131l\u0131m\u0131n\u0131 dinleyen TOBB Ba\u015fkan\u0131 Rifat Hisarc\u0131kl\u0131o\u011flu&#8217;nun dan\u0131\u015fman kadrosunda yer ald\u0131&#8230;<\/p>\n<p style=\"text-align: justify;\">Ba\u015fbakan Yard\u0131mc\u0131s\u0131 B\u00fclent Ar\u0131n\u00e7&#8217;\u0131n o\u011flu Ahmet M\u00fccahit&#8230; O t\u00fcrkiye&#8217;de, \u00f6zellikle de bu kriz ortam\u0131nda \u015fansl\u0131 gen\u00e7lerden biri. Hen\u00fcz temmuz ay\u0131n\u0131n ba\u015f\u0131nda \u00fcniversiteden mezun oldu, \u0130stanbul Bilgi \u00dcniversitesi \u0130ktisadi ve \u0130dari Bilimler Fak\u00fcltesi&#8217;nden&#8230; <!--more--><\/p>\n<p style=\"text-align: justify;\">Ve aradan sadece bir ay ge\u00e7ti. Tam da t\u00fcrkiye&#8217;nin i\u015fsizlikte rekor \u00fcst\u00fcne rekor k\u0131rd\u0131\u011f\u0131 g\u00fcnlerde. \u00dcniversite mezunlar\u0131n\u0131n i\u015f bulmak i\u00e7in aylard\u0131r bekledi\u011fi bir d\u00f6nemde. O hi\u00e7 s\u0131k\u0131nt\u0131 \u00e7ekmedi. \u00c7\u00fcnk\u00fc mezun olur olmaz i\u015f buldu. \u00dcstelik de s\u0131radan bir i\u015f de\u011fil&#8230;<\/p>\n<p style=\"text-align: justify;\">Ne i\u015f yapt\u0131\u011f\u0131 \u0130\u00e7i\u015fleri Bakan\u0131 Be\u015fir Atalay K\u00fcrt a\u00e7\u0131l\u0131m\u0131n\u0131 anlatmak i\u00e7in T\u00fcrkiye Odalar ve Borsalar Birli\u011fi&#8217;ne gitti\u011finde anla\u015f\u0131ld\u0131. TOBB Ba\u015fkan\u0131 Rifat Hisarc\u0131kl\u0131o\u011flu&#8217;nun dan\u0131\u015fmanlar\u0131yla kat\u0131ld\u0131\u011f\u0131 o g\u00f6r\u00fc\u015fmede, o dan\u0131\u015fmanlar\u0131n aras\u0131nda gen\u00e7 bir y\u00fcz dikkat \u00e7ekti: M\u00fccahit Ar\u0131n\u00e7&#8230;<\/p>\n<p style=\"text-align: justify;\">Ar\u0131n\u00e7&#8217;\u0131n TOBB b\u00fcnyesindeki kurulu\u015flardan TEPAV&#8217;da \u00e7al\u0131\u015ft\u0131\u011f\u0131 anla\u015f\u0131ld\u0131. TEPAV Direkt\u00f6r\u00fc G\u00fcven Sak ile birlikte&#8230; T\u00fcm T\u00fcrkiye&#8217;nin dikkatle izledi\u011fi o g\u00f6r\u00fc\u015fmeye Ba\u015fkan Hisarc\u0131kl\u0131o\u011flu&#8217;nun siyasi meselelerdeki dan\u0131\u015fmanlar\u0131yla birlikte kat\u0131ld\u0131.<\/p>\n<p style=\"text-align: justify;\">G\u00f6r\u00fc\u015fme sonras\u0131nda kameralar kendisini farkedince rahats\u0131z oldu M\u00fccahit Ar\u0131n\u00e7. &#8220;B\u00fclent Ar\u0131n\u00e7&#8217;\u0131n o\u011flu musunuz?&#8221; sorusuna yan\u0131t vermedi. Yan\u0131t yerine merdivenlerden h\u0131zla yukar\u0131 \u00e7\u0131kt\u0131, TOBB ba\u015fkan\u0131n\u0131n makam odas\u0131n\u0131n\u0131n oldu\u011fu kata&#8230;<\/p>\n<p style=\"text-align: justify;\">Peki M\u00fccahit Ar\u0131n\u00e7 TEPAV&#8217;da i\u015fe nas\u0131l girdi? TEPAV elemanlar\u0131n\u0131 s\u0131navla i\u015fe alm\u0131yor, personel yap\u0131lan m\u00fclakatlar sonras\u0131nda belirleniyor. Maa\u015flarda ise net bir kriter yok&#8230; \u00dccret ya\u015f, e\u011fitim ve tecr\u00fcbeye g\u00f6re belirleniyor.<\/p>\n<p style=\"text-align: justify;\">Bu M\u00fccahit Ar\u0131n\u00e7&#8217;\u0131n kameralara ilk yans\u0131yan g\u00f6r\u00fcnt\u00fcleri de\u011fil&#8230; Ar\u0131n\u00e7, mezuniyet t\u00f6reninde ba\u015f\u0131 a\u00e7\u0131k s\u00f6zl\u00fcs\u00fc nedeniyle de haber konusu olmu\u015ftu. Gazetelerin k\u00f6\u015fe yazarlar\u0131 aras\u0131nda &#8220;T\u00fcrbanl\u0131 k\u0131zlarla kim evlenecek?&#8221; tart\u0131\u015fmas\u0131 ba\u015flatm\u0131\u015ft\u0131.<\/p>\n<p style=\"text-align: justify;\"><span style=\"color: #888888;\">CNN T\u00dcRK<\/span><\/p>\n","protected":false},"excerpt":{"rendered":"<p id=\"caption-attachment-13249\" class=\"wp-caption-text\">Ahmet M\u00fccahit Ar\u0131n\u00e7<\/p>\n<p style=\"text-align: center;\">\n<p style=\"text-align: justify;\">Hen\u00fcz temmuz ay\u0131nda \u00fcniversiteden mezun oldu. Ama \u00f6zellikle de kriz d\u00f6neminde binlerce gencin yapt\u0131\u011f\u0131 gibi i\u015f bulmak i\u00e7in aylarca beklemesi gerekmedi. Ba\u015fbakan Yard\u0131mc\u0131s\u0131 B\u00fclent Ar\u0131n\u00e7&#8217;\u0131n o\u011flu Ahmet M\u00fccahit Ar\u0131n\u00e7, T\u00fcrkiye Odalar ve Borsalar Birli\u011fi b\u00fcnyesindeki TEPAV&#8217;da siyaset dan\u0131\u015fman\u0131 kadrosuna al\u0131nd\u0131. Ar\u0131n\u00e7, \u0130\u00e7i\u015fleri Bakan\u0131 Be\u015fir Atalay&#8217;dan <\/p>\n","protected":false},"author":1,"featured_media":0,"comment_status":"open","ping_status":"closed","sticky":false,"template":"","format":"standard","meta":{"footnotes":""},"categories":[105],"tags":[],"class_list":["post-13248","post","type-post","status-publish","format-standard","hentry","category-gundem","odd"],"_links":{"self":[{"href":"http:\/\/www.korhanyilmaz.com\/index.php?rest_route=\/wp\/v2\/posts\/13248","targetHints":{"allow":["GET"]}}],"collection":[{"href":"http:\/\/www.korhanyilmaz.com\/index.php?rest_route=\/wp\/v2\/posts"}],"about":[{"href":"http:\/\/www.korhanyilmaz.com\/index.php?rest_route=\/wp\/v2\/types\/post"}],"author":[{"embeddable":true,"href":"http:\/\/www.korhanyilmaz.com\/index.php?rest_route=\/wp\/v2\/users\/1"}],"replies":[{"embeddable":true,"href":"http:\/\/www.korhanyilmaz.com\/index.php?rest_route=%2Fwp%2Fv2%2Fcomments&post=13248"}],"version-history":[{"count":0,"href":"http:\/\/www.korhanyilmaz.com\/index.php?rest_route=\/wp\/v2\/posts\/13248\/revisions"}],"wp:attachment":[{"href":"http:\/\/www.korhanyilmaz.com\/index.php?rest_route=%2Fwp%2Fv2%2Fmedia&parent=13248"}],"wp:term":[{"taxonomy":"category","embeddable":true,"href":"http:\/\/www.korhanyilmaz.com\/index.php?rest_route=%2Fwp%2Fv2%2Fcategories&post=13248"},{"taxonomy":"post_tag","embeddable":true,"href":"http:\/\/www.korhanyilmaz.com\/index.php?rest_route=%2Fwp%2Fv2%2Ftags&post=13248"}],"curies":[{"name":"wp","href":"https:\/\/api.w.org\/{rel}","templated":true}]}}