{"id":13242,"date":"2009-08-13T00:01:01","date_gmt":"2009-08-12T21:01:01","guid":{"rendered":"http:\/\/www.korhanyilmaz.com\/?p=13242"},"modified":"2009-08-13T00:01:01","modified_gmt":"2009-08-12T21:01:01","slug":"kesk-eylem-takvimini-acikladi","status":"publish","type":"post","link":"http:\/\/www.korhanyilmaz.com\/?p=13242","title":{"rendered":"KESK &#039;eylem takvimini&#039; a\u00e7\u0131klad\u0131"},"content":{"rendered":"<p style=\"text-align: center;\">\n<div id=\"attachment_13243\" style=\"width: 273px\" class=\"wp-caption aligncenter\"><a title=\"KESK Genel Ba\u015fkan\u0131 Sami Evren...\" href=\"http:\/\/www.korhanyilmaz.com\/wp-content\/uploads\/2009\/08\/SAM\u0130_EVREN.jpg\"  class=\"lightview\"><img loading=\"lazy\" decoding=\"async\" aria-describedby=\"caption-attachment-13243\" class=\"size-full wp-image-13243\" title=\"KESK Genel Ba\u015fkan\u0131 Sami Evren\" src=\"http:\/\/www.korhanyilmaz.com\/wp-content\/uploads\/2009\/08\/SAM\u0130_EVREN.jpg\" alt=\"KESK Genel Ba\u015fkan\u0131 Sami Evren...\" width=\"263\" height=\"177\" \/><\/a><p id=\"caption-attachment-13243\" class=\"wp-caption-text\">KESK Genel Ba\u015fkan\u0131 Sami Evren...<\/p><\/div>\n<p style=\"text-align: justify;\">KESK, toplu g\u00f6r\u00fc\u015fme masas\u0131na oturmadan eylem takvimini a\u00e7\u0131klad\u0131. &#8220;Toplu s\u00f6zle\u015fme hakk\u0131 i\u00e7in g\u00f6r\u00fc\u015fme masas\u0131n\u0131 rahats\u0131z edece\u011fiz&#8221; diyen KESK, eylemlerine bug\u00fcn y\u00fcr\u00fcy\u00fc\u015fle ba\u015fl\u0131yor.<\/p>\n<p style=\"text-align: justify;\">KESK&#8217;e \u00fcye sendikalar yar\u0131n \u0130stanbul ve Diyarbak\u0131r&#8217;dan &#8220;Toplu s\u00f6zle\u015fme yoksa grev var&#8221; slogan\u0131yla y\u00fcr\u00fcyecek.<\/p>\n<p style=\"text-align: justify;\">KESK&#8217;ten yap\u0131lan a\u00e7\u0131klamada, iki ayr\u0131 y\u00fcr\u00fcy\u00fc\u015f kolunun 15 A\u011fustos Cumartesi g\u00fcn\u00fc, yani toplu g\u00f6r\u00fc\u015fmelerin ilk g\u00fcn\u00fcnde Ankara&#8217;da bulu\u015faca\u011f\u0131 a\u00e7\u0131kland\u0131. <!--more--><\/p>\n<p style=\"text-align: justify;\">KESK, daha sonra da toplu g\u00f6r\u00fc\u015fmelerin yap\u0131laca\u011f\u0131 Ba\u015fbakanl\u0131\u011fa y\u00fcr\u00fcyecek.<\/p>\n<p style=\"text-align: justify;\">Her toplu g\u00f6r\u00fc\u015fme oturumunda ise ayr\u0131 bir eylem yap\u0131lacak, Emek ve Demokrasi K\u00fcrs\u00fcs\u00fc kurulacak.<\/p>\n<p style=\"text-align: justify;\">G\u00f6r\u00fc\u015fmelerin ikinci oturumunda t\u00fcm illerde AK Parti il binalar\u0131n\u0131n \u00f6n\u00fcnde siyah \u00e7elenk b\u0131rakma ve oturma eylemi yap\u0131lacak.<\/p>\n<p style=\"text-align: justify;\">Eylemler i\u015fyerleri \u00f6n\u00fcnde kitlesel bas\u0131n a\u00e7\u0131klamalar\u0131yla s\u00fcrecek ve toplu g\u00f6r\u00fc\u015fmenin son oturumunda KESK \u00fcyesi memurlar 1 saat i\u015f b\u0131rakacak.<\/p>\n<p style=\"text-align: justify;\"><strong>TALEPLER<\/strong><\/p>\n<p style=\"text-align: justify;\"><em><strong>Memur-Sen:<\/strong><\/em><\/p>\n<p style=\"text-align: justify;\">Memur-Sen, gelecek y\u0131l kamu \u00e7al\u0131\u015fanlar\u0131n\u0131n maa\u015flar\u0131na y\u00fczde 11 zam yap\u0131lmas\u0131n\u0131 talep ediyor. Konfederasyon ayr\u0131ca memurlara en az 80 lira ek \u00f6deme yap\u0131lmas\u0131n\u0131, sendika \u00fcyesi kamu g\u00f6revlilerine verilen 10 liran\u0131n 28 liraya \u00e7\u0131kar\u0131lmas\u0131n\u0131, kamu \u00e7al\u0131\u015fanlar\u0131n\u0131n dahil oldu\u011fu gelir vergisi oranlar\u0131n\u0131n 5 puan indirilmesini, e\u011fer vergi indirimi yap\u0131lmazsa kamu \u00e7al\u0131\u015fanlar\u0131na 6 ayda bir 600 lira kriz \u00e7eki verilmesini, e\u015fi \u00e7al\u0131\u015fmayan kamu \u00e7al\u0131\u015fanlar\u0131na verilen 83 liral\u0131k aile yard\u0131m\u0131n\u0131n 131 liraya \u00e7ekilmesini istiyor.<\/p>\n<p style=\"text-align: justify;\"><strong><em>T\u00fcrkiye Kamu-Sen:<\/em><\/strong><\/p>\n<p style=\"text-align: justify;\">T\u00fcrkiye Kamu-Sen, toplu g\u00f6r\u00fc\u015fme masas\u0131na ekonomik krizin etkilerini dikkate alarak, \u00f6nceki y\u0131llarda kamu \u00e7al\u0131\u015fanlar\u0131na verilmeyen refah pay\u0131 ve hayata ge\u00e7irilmeyen Uzla\u015ft\u0131rma Kurulu kararlar\u0131 do\u011frultusunda belirledi\u011fi mali taleplerle gidecek. Konfederasyon, mali haklara ili\u015fkin talepleri g\u00f6r\u00fc\u015fmeler \u00f6ncesinde a\u00e7\u0131klayacak.<\/p>\n<p style=\"text-align: justify;\"><em><strong>KESK:<\/strong><\/em><\/p>\n<p style=\"text-align: justify;\">Taleplerini &#8220;toplumsal s\u00f6zle\u015fme&#8221; olarak adland\u0131ran KESK ise kamu \u00e7al\u0131\u015fanlar\u0131na, ayn\u0131 zamanda emekliler ve asgari \u00fccretliler i\u00e7in de esas olmak \u00fczere en az bin 500 lira &#8220;temel \u00fccret&#8221; \u00f6denmesini istiyor. KESK&#8217;in talepleri aras\u0131nda i\u015fsizlere a\u00e7l\u0131k s\u0131n\u0131r\u0131nda &#8220;yurtta\u015fl\u0131k pay\u0131&#8221; \u00f6denmesi, gelir vergisi oranlar\u0131n\u0131n y\u00fczde 10 azalt\u0131lmas\u0131, kamudaki g\u00fcvencesiz istihdam bi\u00e7imlerine son verilmesi, engellilere ayr\u0131lan istihdam kotalar\u0131n\u0131n doldurulmas\u0131, kad\u0131nlara \u00e7al\u0131\u015fma ya\u015fam\u0131nda pozitif ayr\u0131mc\u0131l\u0131k uygulanmas\u0131 yer al\u0131yor.<\/p>\n<p style=\"text-align: justify;\">Mali haklarla ilgili farkl\u0131 \u00f6neriler getiren konfederasyonlar, toplu s\u00f6zle\u015fme hakk\u0131 konusunda ise somut bir takvim i\u00e7in h\u00fck\u00fcmetten ortak talepte bulunuyor. Bu g\u00f6r\u00fc\u015flerini Devlet Bakan\u0131 Hayati Yaz\u0131c\u0131 ile payla\u015fan konfederasyon genel ba\u015fkanlar\u0131, konuyu Ba\u015fbakan Recep Tayyip Erdo\u011fan ile g\u00f6r\u00fc\u015fmeyi istiyor.<\/p>\n<p style=\"text-align: justify;\"><span style=\"color: #888888;\">CNN T\u00dcRK<\/span><\/p>\n","protected":false},"excerpt":{"rendered":"<p style=\"text-align: center;\">\n<p id=\"caption-attachment-13243\" class=\"wp-caption-text\">KESK Genel Ba\u015fkan\u0131 Sami Evren&#8230;<\/p>\n<p style=\"text-align: justify;\">KESK, toplu g\u00f6r\u00fc\u015fme masas\u0131na oturmadan eylem takvimini a\u00e7\u0131klad\u0131. &#8220;Toplu s\u00f6zle\u015fme hakk\u0131 i\u00e7in g\u00f6r\u00fc\u015fme masas\u0131n\u0131 rahats\u0131z edece\u011fiz&#8221; diyen KESK, eylemlerine bug\u00fcn y\u00fcr\u00fcy\u00fc\u015fle ba\u015fl\u0131yor.<\/p>\n<p style=\"text-align: justify;\">KESK&#8217;e \u00fcye sendikalar yar\u0131n \u0130stanbul ve Diyarbak\u0131r&#8217;dan &#8220;Toplu s\u00f6zle\u015fme yoksa grev var&#8221; slogan\u0131yla y\u00fcr\u00fcyecek.<\/p>\n<p style=\"text-align: justify;\">KESK&#8217;ten yap\u0131lan a\u00e7\u0131klamada, <\/p>\n","protected":false},"author":1,"featured_media":0,"comment_status":"open","ping_status":"closed","sticky":false,"template":"","format":"standard","meta":{"footnotes":""},"categories":[105],"tags":[],"class_list":["post-13242","post","type-post","status-publish","format-standard","hentry","category-gundem","odd"],"_links":{"self":[{"href":"http:\/\/www.korhanyilmaz.com\/index.php?rest_route=\/wp\/v2\/posts\/13242","targetHints":{"allow":["GET"]}}],"collection":[{"href":"http:\/\/www.korhanyilmaz.com\/index.php?rest_route=\/wp\/v2\/posts"}],"about":[{"href":"http:\/\/www.korhanyilmaz.com\/index.php?rest_route=\/wp\/v2\/types\/post"}],"author":[{"embeddable":true,"href":"http:\/\/www.korhanyilmaz.com\/index.php?rest_route=\/wp\/v2\/users\/1"}],"replies":[{"embeddable":true,"href":"http:\/\/www.korhanyilmaz.com\/index.php?rest_route=%2Fwp%2Fv2%2Fcomments&post=13242"}],"version-history":[{"count":0,"href":"http:\/\/www.korhanyilmaz.com\/index.php?rest_route=\/wp\/v2\/posts\/13242\/revisions"}],"wp:attachment":[{"href":"http:\/\/www.korhanyilmaz.com\/index.php?rest_route=%2Fwp%2Fv2%2Fmedia&parent=13242"}],"wp:term":[{"taxonomy":"category","embeddable":true,"href":"http:\/\/www.korhanyilmaz.com\/index.php?rest_route=%2Fwp%2Fv2%2Fcategories&post=13242"},{"taxonomy":"post_tag","embeddable":true,"href":"http:\/\/www.korhanyilmaz.com\/index.php?rest_route=%2Fwp%2Fv2%2Ftags&post=13242"}],"curies":[{"name":"wp","href":"https:\/\/api.w.org\/{rel}","templated":true}]}}