{"id":13237,"date":"2009-08-12T18:30:17","date_gmt":"2009-08-12T15:30:17","guid":{"rendered":"http:\/\/www.korhanyilmaz.com\/?p=13237"},"modified":"2011-08-29T00:38:40","modified_gmt":"2011-08-28T21:38:40","slug":"bahceliye-haddini-bil-kendini-bil","status":"publish","type":"post","link":"http:\/\/www.korhanyilmaz.com\/?p=13237","title":{"rendered":"Bah\u00e7eli&#8217;ye: &#8216;Haddini bil, kendini bil&#8230;&#8217;"},"content":{"rendered":"<div id=\"attachment_13238\" style=\"width: 281px\" class=\"wp-caption aligncenter\"><a title=\"T.C Ba\u015fbakan\u0131 Recep Tayyip Erdo\u011fan\" href=\"http:\/\/www.korhanyilmaz.com\/wp-content\/uploads\/2009\/08\/basbakan2.jpg\"  class=\"lightview\"><img loading=\"lazy\" decoding=\"async\" aria-describedby=\"caption-attachment-13238\" class=\"size-full wp-image-13238\" title=\"T.C Ba\u015fbakan\u0131 Recep Tayyip Erdo\u011fan\" src=\"http:\/\/www.korhanyilmaz.com\/wp-content\/uploads\/2009\/08\/basbakan2.jpg\" alt=\"T.C Ba\u015fbakan\u0131 Recep Tayyip Erdo\u011fan\" width=\"271\" height=\"208\" \/><\/a><p id=\"caption-attachment-13238\" class=\"wp-caption-text\">T.C Ba\u015fbakan\u0131 Recep Tayyip Erdo\u011fan<\/p><\/div>\n<p style=\"text-align: justify;\">Ba\u015fbakan Recep Tayyip Erdo\u011fan, K\u00fcrt a\u00e7\u0131l\u0131m\u0131n\u0131 muhalefetin tepkisini yine sert bir \u015fekilde ele\u015ftirdi; MHP lideri Devlet Bah\u00e7eli&#8217;ye y\u00fcklendi, &#8220;Haddini bil, kendini bil&#8221; dedi. Erdo\u011fan, Bah\u00e7eli&#8217;nin Cumhurba\u015fkan\u0131&#8217;n\u0131n G\u00fcroymak&#8217;\u0131n K\u00fcrt\u00e7e ad\u0131n\u0131 kullanmas\u0131na tepki g\u00f6stermesine de cevap verdi.<\/p>\n<p style=\"text-align: justify;\">Erdo\u011fan, MHP Genel Ba\u015fkan\u0131 Devlet Bah\u00e7eli&#8217;ye, &#8220;Sen \u0130stanbul&#8217;da ya\u015fayana &#8216;Konstantinapolis&#8217; dedirtemezsin. Bu milletin evlatlar\u0131 \u0130stanbul&#8217;a ne ad verildi\u011fini \u00e7ok iyi bilir&#8221; diye seslendi.<\/p>\n<p style=\"text-align: justify;\">Erdo\u011fan, \u0130smail Kahraman K\u00fclt\u00fcr Merkezi&#8217;ndeki &#8220;AK Parti Rize \u0130l Dan\u0131\u015fma Toplant\u0131s\u0131&#8221;nda yapt\u0131\u011f\u0131 konu\u015fmada, &#8220;ele\u015ftiri yap\u0131l\u0131rken, ge\u00e7mi\u015f ile bug\u00fcn\u00fcn mukayesesinin yap\u0131lmas\u0131 gerekti\u011fini&#8221; ifade etti.<!--more--><\/p>\n<p style=\"text-align: justify;\">Konu\u015fmas\u0131nda, komuoyunda &#8220;Demokratik a\u00e7\u0131l\u0131m&#8221; olarak nitelenen \u00e7al\u0131\u015fmalara da de\u011finen Ba\u015fbakan Erdo\u011fan \u015funlar\u0131 kaydetti:<\/p>\n<p style=\"text-align: justify;\">&#8220;Hani halk aras\u0131nda &#8216;K\u00fcrt a\u00e7\u0131l\u0131m\u0131&#8217; diye konu\u015fuluyor. &#8216;K\u00fcrt Sorunu&#8217;, &#8216;G\u00fcneydo\u011fu Sorunu&#8217; ne derseniz deyin&#8230; \u0130\u00e7i\u015fleri Bak\u0131n\u0131m bu i\u015fin koordinasyonunu y\u00fcr\u00fct\u00fcyor. D\u00fc\u015f\u00fcnebiliyor musunuzsunuz; bu \u00fclkenin ana muhalefet partisine, muhalefet partilerine mektuplar yazd\u0131. &#8216;Y\u00fczde 1&#8217;\u00fcn \u00fczerine oy alanlara gideceksiniz dedik, y\u00fczde 1&#8217;in alt\u0131nda oy alanlar\u0131n da genel ba\u015fkanlar\u0131n\u0131 gerekirse aray\u0131n, g\u00f6r\u00fc\u015f\u00fcn&#8217; dedik.<\/p>\n<p style=\"text-align: justify;\">\u015eimdi mektuplar gidiyor. Daha bu s\u00fcrecin i\u00e7inde ne var ne yok bilmeden an\u0131nda &#8216;ret&#8217; cevab\u0131&#8230; Hani bunlar uzla\u015fmadan yanayd\u0131? Bu CHP, &#8216;uzla\u015fmadan yana oldu\u011funu&#8217; hep s\u00f6ylemiyor muydu? AK Parti&#8217;nin uzla\u015fmadan yana olmad\u0131\u011f\u0131n\u0131 s\u00f6yleyen de\u011fil miydi CHP? Bu, &#8216;MHP&#8217; demiyorum; Say\u0131n Bah\u00e7eli&#8217;yi s\u00f6yl\u00fcyorum, b\u00f6yle de\u011fil miydi? \u00c7\u00fcnk\u00fc ben de Say\u0131n Bah\u00e7eli&#8217;den randevu istedim, bana randevu da vermedi.&#8221;<\/p>\n<p style=\"text-align: justify;\"><strong><em>&#8220;Bu bir milli birlik hareketidir&#8221;<\/em><\/strong><\/p>\n<p style=\"text-align: justify;\">&#8220;Hani bunlar\u0131n uzla\u015fmadan olma yan\u0131?&#8221; diye soran Erdo\u011fan, s\u00f6zlerini \u015f\u00f6yle s\u00fcrd\u00fcrd\u00fc:<\/p>\n<p style=\"text-align: justify;\">&#8220;Ben, MHP&#8217;nin i\u00e7erisinde Say\u0131n Bah\u00e7eli gibi d\u00fc\u015f\u00fcnmeyen insanlar\u0131n \u00e7ok b\u00fcy\u00fck bir yekun tuttu\u011funa inan\u0131yorum. Ayn\u0131 \u015feyin CHP i\u00e7inde oldu\u011funa da inan\u0131yorum. CHP&#8217;nin i\u00e7inde, \u015fu anda, Baykal&#8217;\u0131n yapt\u0131klar\u0131n\u0131 tasvip etmeyenler var ama seslerini \u00e7\u0131karam\u0131yorlar. Onlar\u0131 da seslerini \u00e7\u0131karmaya davet ediyorum. Ni\u00e7in? Bu bir milli birlik hareketidir, onun i\u00e7in. Milli birlik hareketi&#8230;&#8221;<\/p>\n<p style=\"text-align: justify;\">Erdo\u011fan, &#8220;engin g\u00f6n\u00fcll\u00fc olmay\u0131 Karadeniz&#8217;den \u00f6\u011frendiklerini&#8221; belirterek, \u015f\u00f6yle konu\u015ftu:<\/p>\n<p style=\"text-align: justify;\">&#8220;Biz Ka\u00e7kar Da\u011flar\u0131 gibi adil cenap olmay\u0131 buralarda \u00f6\u011frendik. Gerekti\u011finde F\u0131rt\u0131na Deresi gibi co\u015fmay\u0131; gerekti\u011finde durulmay\u0131 Rize&#8217;de \u00f6\u011frendik. Bizim ald\u0131\u011f\u0131m\u0131z edep ve adap; Yunus Emre&#8217;nin diliyle &#8216;yarad\u0131lan\u0131 severiz, yaradan \u00f6t\u00fcr\u00fc&#8217; anlay\u0131\u015f\u0131yla&#8230; Ben insan\u0131n T\u00fcrk m\u00fc, K\u00fcrt m\u00fc, Laz m\u0131, \u00c7erkez mi, Bo\u015fnak m\u0131, Arnavut mu oldu\u011funa bakmam&#8230; Siyah m\u0131, beyaz m\u0131 oldu\u011funa bakmam&#8230;<\/p>\n<p style=\"text-align: justify;\">Ben, yaradan Allah yaratt\u0131\u011f\u0131 i\u00e7in severim. Benim anlay\u0131\u015f\u0131m bu. \u00c7\u0131km\u0131\u015f ge\u00e7enlerde, say\u0131n Bah\u00e7eli konu\u015fma yap\u0131yor. Say\u0131n Cumhurba\u015fkan\u0131 Bitlis&#8217;te &#8216;Nor\u015fin&#8217; demi\u015f onu ele\u015ftiriyor. Benim i\u00e7in de diyor &#8216;O da Potomyal\u0131, &#8216;yak\u0131n bir zaman sonra da&#8217; diyor, &#8216;\u0130stanbul&#8217;un giri\u015fine bunlar Konstantinapolis&#8217; derler diyor. Say\u0131n Bah\u00e7eli, a\u00e7, Nutku oku&#8230; Atat\u00fcrk, G\u00fcroyma\u011fa ne demi\u015f &#8216;Nor\u015fin&#8217; mi demi\u015f, G\u00fcroymak m\u0131 demi\u015f?. Oradan bunun dersini al&#8230;&#8221;<\/p>\n<p style=\"text-align: justify;\">&#8220;B\u0131rak Potomya diyen &#8216;potomya&#8217; desin, G\u00fcneysu diyen &#8216;g\u00fcneysu&#8217; desin&#8221;<\/p>\n<p style=\"text-align: justify;\">Ba\u015fbakan Erdo\u011fan, il\u00e7esinin ad\u0131n\u0131n \u015fu anda &#8220;G\u00fcneysu&#8221; oldu\u011funu da an\u0131msatarak, \u015f\u00f6yle devam etti:<\/p>\n<p style=\"text-align: justify;\">&#8220;Ama G\u00fcneysu&#8217;da ya\u015fayan benim hem\u015fehrilerim orada Potomya da diyor G\u00fcneysu da diyor. Ama n\u00fcfus ka\u011f\u0131tlar\u0131na bakt\u0131\u011f\u0131n zaman G\u00fcneysu yaz\u0131yor. Niye bundan rahats\u0131z oluyorsun? Ya b\u0131rak Potomya diyen Potomya desin, G\u00fcneysu diyen &#8216;G\u00fcneysu&#8217; desin. Sen resmi olana bak. Bundan, b\u00f6yle bir s\u0131k\u0131nt\u0131 var m\u0131? Yok&#8230; Bunlar\u0131 mesele etmeyelim&#8230; Ama olay \u0130stanbul&#8217;un olay\u0131na geldi\u011fi zaman sene 1453, ad \u00f6yle konmu\u015f o g\u00fcnden bug\u00fcne gelmi\u015f. Sen \u0130stanbul&#8217;da ya\u015fayana &#8216;Konstantinapolis&#8217; dedirtemezsin. Bu milletin evlatlar\u0131 \u0130stanbul&#8217;a ne ad verildi\u011fini \u00e7ok iyi bilir. Bug\u00fcn de ne denece\u011fini \u00e7ok iyi bilir, olay budur&#8230;<\/p>\n<p style=\"text-align: justify;\">Ama sen kendin \u00f6yle g\u00f6r\u00fcyorsan, o ayr\u0131 mesele&#8230; Ama kalk\u0131p da sen ne Tayyip Erdo\u011fan i\u00e7in b\u00f6yle bir \u015fey konu\u015fabilirsin, senin haddine de\u011fil, ne AK Parti i\u00e7in b\u00f6yle bir \u015fey konu\u015fabilirsin, senin haddine de\u011fil. B\u00f6yle bir vasiyeti sana kimse vermedi say\u0131n Bah\u00e7eli&#8230; \u00d6nce haddini bil, kendini bil&#8230; Bak bu ifadeleri kullanmam\u0131\u015f olsan ben buralara gelmem seni muhatap da almak istemiyorum zaten. Ama buralara geldi\u011fin zaman bu damara dokunmakt\u0131r. \u00c7\u00fcnk\u00fc bizim kimlik noktas\u0131ndaki hassasiyetimizi biz kimseye oynatt\u0131rmay\u0131z, buna kimsenin g\u00fcc\u00fc yetmez ne Baykal&#8217;\u0131n ne senin&#8230; Ve yan\u0131nda gezdirdi\u011fin adamlara da dikkat et. Onlar\u0131n da hangi telde ne zaman ne oynayacaklar\u0131 belli de\u011fil.&#8221;<\/p>\n<p style=\"text-align: justify;\"><em><strong>&#8220;Yeni bir d\u00f6nemin arefesindeyiz&#8230;&#8221; <\/strong><\/em><\/p>\n<p style=\"text-align: justify;\">Erdo\u011fan, kamuoyunda &#8220;demokratik a\u00e7\u0131l\u0131m&#8221; olarak nitelenen \u00e7al\u0131\u015fmalara ili\u015fkin olarak, &#8220;Bu meseleyi hukuk yoluyla \u00e7\u00f6zece\u011fiz, bu meseleyi demokrasiye yoluyla \u00e7\u00f6zece\u011fiz. Bu meseleyi TBMM \u00e7at\u0131s\u0131 alt\u0131nda \u00e7\u00f6zece\u011fiz&#8221; dedi.<\/p>\n<p style=\"text-align: justify;\">&#8220;\u015eimdi yeni bir d\u00f6nemin arifesindeyiz&#8221; diyen Ba\u015fbakan Erdo\u011fan, &#8220;Ger\u00e7ekle\u015ftirece\u011fimiz demokratik a\u00e7\u0131l\u0131m T\u00fcrkiye&#8217;ye zaafa u\u011fratmayacak. Tam tersine \u00e7ok daha g\u00fc\u00e7l\u00fc, \u00e7ok daha huzurlu, \u00e7ok daha m\u00fcreffeh bir \u00fclke haline getirecek; sadece \u00fclkenin bir k\u0131sm\u0131ndaki anneler de\u011fil, Do\u011fu&#8217;daki, G\u00fcney&#8217;deki, Kuzey&#8217;deki, Bat\u0131&#8217;daki t\u00fcm anneler rahat nefes alacak. Bin y\u0131llard\u0131r birbirine karde\u015f olan, bir biriyle k\u0131z al\u0131p veren, birbiriyle akraba olan bu millet, aram\u0131za nifak sokmaya \u00e7al\u0131\u015fan \u015fer odaklar\u0131na en g\u00fczel cevab\u0131 verecektir. Birbirine, eskisinden daha fazla kenetlenecek&#8221; diye konu\u015ftu.<\/p>\n<p style=\"text-align: justify;\"><strong><em>&#8220;Kararl\u0131l\u0131\u011f\u0131m\u0131zdan geri ad\u0131m atmayaca\u011f\u0131z&#8221;<\/em><\/strong><\/p>\n<p style=\"text-align: justify;\">T\u00fcrkiye genelinde, &#8220;e\u015fsiz bir mutabakat zemini olu\u015ftu\u011funu&#8221; ifade eden Erdo\u011fan, &#8220;Ter\u00f6r\u00fcn olu\u015fturdu\u011fu kaos ortam\u0131ndan beslenenler ve siyaseten bu konunun istismar\u0131n\u0131 yapan kesimler haricinde, herkesin \u00e7\u00f6z\u00fcm\u00fc \u00f6zledi\u011fini, hemen \u015fimdi \u00e7\u00f6z\u00fcm\u00fc arzulad\u0131\u011f\u0131n\u0131 ve bekledi\u011fini ortaya koydu. Biz bu f\u0131rsat\u0131 heba etmeyecek, bu imkan\u0131 heba etmeyecek, T\u00fcrkiye&#8217;nin yeni ac\u0131lar ya\u015famas\u0131na, gelecek on y\u0131llara da bu meseleyle girmesine in\u015fallah m\u00fcsaade etmeyece\u011fiz. \u015euraya dikkatinizi \u00e7ekiyorum; bu meseleyi hukuk yoluyla \u00e7\u00f6zece\u011fiz, bu meseleyi demokrasiye yoluyla \u00e7\u00f6zece\u011fiz, bu meseleyi TBMM \u00e7at\u0131s\u0131 alt\u0131nda \u00e7\u00f6zece\u011fiz. Ve biz istiyoruz ki t\u00fcm siyasi partilerin kat\u0131l\u0131m\u0131yla \u00e7\u00f6zelim ama kat\u0131lmayacaklarsa ne yapal\u0131m? Biz yola yine devam edece\u011fiz&#8221; dedi.<\/p>\n<p style=\"text-align: justify;\">&#8220;Herkes ile konu\u015faca\u011f\u0131z, gelenlerle beraber \u00e7\u00f6z\u00fcm yolunda y\u00fcr\u00fcyece\u011fiz. Ve biz bu konuda kararl\u0131y\u0131z. Bu kararl\u0131l\u0131\u011f\u0131m\u0131zdan geri ad\u0131m atmayaca\u011f\u0131z. Ve bunu asla tart\u0131\u015fma konusu da yapmay\u0131z, yapmayaca\u011f\u0131z&#8221; diyen Ba\u015fbakan, Bizim hassasiyetimiz sadece bu sorunun \u00e7\u00f6z\u00fclmesidir. Ve b\u0131rakal\u0131m, bu \u00fclkenin birli\u011fini, b\u00fct\u00fcnl\u00fc\u011f\u00fcn\u00fc asla tart\u0131\u015fma konusu haline getirilmesin. Bu bir milli birlik m\u00fccadelesidir, bunu b\u00f6yle bilelim. Bu bir milli birlik meselesidir. B\u00f6yle g\u00f6r\u00fcyoruz. L\u00fctfen kimse bunun \u00fczerinde kimse spek\u00fclasyon yapmas\u0131n&#8221; ifadelerini kulland\u0131.<\/p>\n<p style=\"text-align: justify;\"><strong><em>&#8220;Biz omurgal\u0131y\u0131z, omurgas\u0131z tipleri sevmeyiz&#8221;<\/em><\/strong><\/p>\n<p style=\"text-align: justify;\">&#8220;Omurgas\u0131z tipleri sevmeyiz onu s\u00f6yleyeyim. B\u0130zim t\u00fcz\u00fc\u011f\u00fcm\u00fczde &#8216;3 kez arka arkaya milletvekilli\u011fi&#8217; yazar. 3 kez arka arkaya milletvekilli\u011fi yapan 4. kez milletvekili aday\u0131 olamaz&#8221; diyen Erdo\u011fan, &#8220;T\u00fcz\u00fc\u011f\u00fc yazan beyefendi de burada. Hayati Yaz\u0131c\u0131. 2011 Allah \u00f6m\u00fcr verirse benim son milletvekilli\u011fi adayl\u0131\u011f\u0131md\u0131r. Biz bu t\u00fcz\u00fc\u011f\u00fc yazarken, her \u015feyi enine boyuna d\u00fc\u015f\u00fcnerek yazd\u0131k. Tapulu mal\u0131m\u0131z m\u0131 bizim Parlamento? Arkam\u0131zdan gelenler oraya girsin, onun i\u00e7in adam yeti\u015ftir adam&#8230; O parlamentoya gelip de sittin sene burada duranlar ne kazand\u0131rd\u0131 ki bu \u00fclkeye&#8221; \u015feklinde konu\u015ftu.<\/p>\n<p style=\"text-align: justify;\">Erdo\u011fan, &#8220;\u0130\u015fte Baykal Efendi y\u0131llar y\u0131l\u0131 oralarda ne yapt\u0131\u011f\u0131 ortada. Sorun bakal\u0131m senin ka\u00e7 tane dikili a\u011fac\u0131n var bu memlekette ama biz hamdolsun bu \u00fclkenin 81 vilayetine de gidelim ha \u015fu eseri biz diktik deriz. Biz buyuz. \u0130lla ki bu millete hizmet Parlamento&#8217;nun i\u00e7erisinde yap\u0131lacak diye bir kay\u0131t yok. Onun d\u0131\u015f\u0131nda da hizmet veririz. Vak\u0131flarla yapars\u0131n. \u0130\u015fte ABD&#8217;de 2 kez devlet ba\u015fkanl\u0131\u011f\u0131 yap\u0131yor ondan sonda bak\u0131yorsun kimisi vak\u0131f kuruyor o vak\u0131flarla hizmetini s\u00fcrd\u00fcr\u00fcyor kimisi bak\u0131yorsun \u00e7ekiliyor. Orada de\u011fi\u015fik \u015fekilde hizmetler veriyor. Kimisi bak\u0131yorsun d\u00fcnyan\u0131n de\u011fi\u015fik \u00fclkelerini geziyor konferanslarla hizmetler veriyor. Demek ki oluyor. Gelip de oraya direk \u00e7ak, Parlamentoda kal. Yok \u00f6yle bir \u015fey. AK Parti&#8217;nin siyaset anlay\u0131\u015f\u0131nda bu yok&#8221; dedi.<\/p>\n<p style=\"text-align: justify;\">&#8220;\u0130\u015fte biz \u00f6rnek olaca\u011f\u0131z. Biz bu \u00fclkede ilkleri yapt\u0131k. Ben D\u0131\u015fi\u015fleri Bakan\u0131m\u0131 kalk\u0131p da cumhurba\u015fkanl\u0131\u011f\u0131na aday g\u00f6sterdi\u011fim zaman eski cumhurba\u015fkanlar\u0131ndan biri kalkt\u0131 dedi ki, &#8216;o makam\u0131 kimse elinin tersiyle itmez&#8217; Biz itti\u011fimiz g\u00f6sterdik mi? G\u00f6sterdik&#8221; diyen Erdo\u011fan, &#8220;Ama bu s\u00f6z\u00fcn sahibi olan o say\u0131n Cumhurba\u015fkan\u0131 acaba bu \u00f6rne\u011fi g\u00f6rd\u00fc\u011f\u00fc halde kalk\u0131p da te\u015fekk\u00fcr edebildi mi? \u00c7\u00fcnk\u00fc onlar\u0131n kitab\u0131nda te\u015fekk\u00fcr, \u015f\u00fckran yok, onlar\u0131n kitab\u0131nda hep itham var. Yar\u0131n medya bunu da yazar&#8221; ifadelerini kulland\u0131.<\/p>\n<p style=\"text-align: justify;\"><strong><em>Ekonomik kriz <\/em><\/strong><\/p>\n<p style=\"text-align: justify;\">Muhalefetten bahsederken zaman zaman sesini y\u00fckselten Erdo\u011fan&#8217;\u0131 k\u0131zd\u0131ran bir ba\u015fka konu daha vard\u0131. Ekonomik kriz, daha do\u011frusu krizle ilgili s\u00f6zlerine salondan gelen itirazlara Erdo\u011fan k\u0131zd\u0131.<\/p>\n<p style=\"text-align: justify;\">Erdo\u011fan, &#8220;Ba\u011f\u0131ranlar, \u00e7a\u011f\u0131ranlar oluyor, bunlar zaman zaman spek\u00fclasyon havas\u0131 do\u011furuyor. Bunlar\u0131 konu\u015ftu\u011fun zaman baz\u0131lar\u0131 bunun demokrasi ad\u0131na hemen de\u011ferlendiriyor demokrasi bu kadar ucuz de\u011fil, kusura bakmay\u0131n ben provokat\u00f6re demokrat diyemem, spek\u00fclat\u00f6re demokrat diyemem&#8221; dedi.<\/p>\n<p style=\"text-align: justify;\">&#8220;Ben fikri h\u00fcr olan \u00f6zg\u00fcr olan ideolojik yap\u0131lanmadan uzak, samimi, olaylara pozitif bakan insanlar\u0131n ele\u015ftirilerine &#8216;demokrat yap\u0131 i\u00e7erisinde yakla\u015ft\u0131n&#8217; derim ve alk\u0131\u015flar\u0131m&#8221; diyen Erdo\u011fan, &#8220;Benim demokrasi anlay\u0131\u015f\u0131m bu. Ama bir di\u011ferin demokrasi anlay\u0131\u015f\u0131 farkl\u0131 olabilir, ona da sayg\u0131 duyar\u0131m. Ama ben b\u00f6yle anlad\u0131m demokrasiyi ve m\u00fccadeleyi de b\u00f6yle verdim. O beyefendiler de demokrasiyi \u00f6yle anl\u0131yorlarsa, buyursunlar meydana, er meydan\u0131 burada. \u00c7\u0131ks\u0131nlar se\u00e7im meydan\u0131na&#8230; 18 ya\u015f\u0131ndan bu yana siyaset meydan\u0131nda bunu b\u00f6yle anlad\u0131m, b\u00f6yle yapt\u0131m. K\u00f6\u015fesinden yaz\u0131 yazarak ya\u015famad\u0131m. Hep meydanlarda ya\u015fad\u0131m. Kap\u0131 kap\u0131, ev ev dola\u015farak ya\u015fad\u0131m. \u0130nsan\u0131m\u0131n derdini dinleyerek ya\u015fad\u0131m. \u00c7\u00f6z\u00fcm bulabildi\u011fim kadar \u00e7\u00f6zd\u00fcm, &#8216;her \u015feyi \u00e7\u00f6zd\u00fcm&#8217; diyemem&#8221; dedi.<\/p>\n<p style=\"text-align: justify;\">Erdo\u011fan, demokratik a\u00e7\u0131l\u0131m\u0131 ger\u00e7ekle\u015ftirdikten sonra G\u00fcneydo\u011fu ve Do\u011fu&#8217;nun \u00e7ok daha farkl\u0131 yat\u0131r\u0131mlar \u00e7ekmeye ba\u015flayaca\u011f\u0131n\u0131 s\u00f6yledi.<\/p>\n<p style=\"text-align: justify;\">&#8220;Yani 780 bin kilometre karelik vatan topraklar\u0131n\u0131 ayn\u0131 \u015fekilde modern bir d\u00fczeye kavu\u015fturaca\u011f\u0131z ve \u00e7al\u0131\u015f\u0131yoruz. \u015eimdi bu demokratik a\u00e7\u0131l\u0131m\u0131 in\u015fallah ger\u00e7ekle\u015ftirelim, ondan sonra G\u00fcneydo\u011fu ve Do\u011fu \u00e7ok daha farkl\u0131 yat\u0131r\u0131mlar \u00e7ekmeye ba\u015flayacak. \u015eu anda ter\u00f6rden dolay\u0131 giri\u015fimci \u00e7ekiniyor, korkuyor ama bunu ba\u015fard\u0131\u011f\u0131m\u0131zda oralara \u00e7ok daha fazla giri\u015fimci gidecek, \u00e7ok daha farkl\u0131 yat\u0131r\u0131mc\u0131lar gidecek&#8221; diyen Erdo\u011fan, &#8220;\u0130\u015fsizlik o b\u00f6lgelerde \u00e7ok daha s\u00fcratle \u00e7\u00f6z\u00fcme kavu\u015facak. O zaman Diyarbak\u0131r&#8217;\u0131n evlad\u0131 kalk\u0131p da \u00c7ukurova&#8217;ya, Amik Ovas\u0131&#8217;na gitmeyecek&#8221; diye konu\u015ftu.<\/p>\n<p style=\"text-align: justify;\">&#8220;Bu K\u0131\u015f Olimpiyatlar\u0131&#8217;yla Erzurum in\u015fallah turizmde patlamas\u0131n\u0131 yapacak. Tarih, k\u00fclt\u00fcr, e\u011fitim t\u00fcm bu alanlarda \u00e7ok b\u00fcy\u00fck bir de\u011fi\u015fim ya\u015f\u0131yor \u015fu anda Erzurum&#8221; diyen Ba\u015fbakan, &#8220;Peki bug\u00fcne kadar gelenlerin akl\u0131na bu niye gelmedi? B\u00f6yle bir olimpiyat\u0131 \u00e7ekebildiler mi Erzurum&#8217;a? 2 tane olimpiyat\u0131 Karadeniz&#8217;in Trabzon&#8217;una \u00e7ekebildiler mi? Niye \u00e7ekemediler? \u00c7\u00fcnk\u00fc bunlar\u0131n d\u0131\u015f politika anlay\u0131\u015f\u0131 diye bir \u015fey yoktu ki. Uluslararas\u0131 kurum ve kurulu\u015flarda bunlar\u0131n zerre kadar itibar\u0131 yoktu ki. Bu, itibar i\u015fidir&#8221; \u015feklinde konu\u015ftu.<\/p>\n<p style=\"text-align: justify;\"><span style=\"color: #888888;\">CNN T\u00dcRK<\/span><\/p>\n","protected":false},"excerpt":{"rendered":"<p id=\"caption-attachment-13238\" class=\"wp-caption-text\">T.C Ba\u015fbakan\u0131 Recep Tayyip Erdo\u011fan<\/p>\n<p style=\"text-align: justify;\">Ba\u015fbakan Recep Tayyip Erdo\u011fan, K\u00fcrt a\u00e7\u0131l\u0131m\u0131n\u0131 muhalefetin tepkisini yine sert bir \u015fekilde ele\u015ftirdi; MHP lideri Devlet Bah\u00e7eli&#8217;ye y\u00fcklendi, &#8220;Haddini bil, kendini bil&#8221; dedi. Erdo\u011fan, Bah\u00e7eli&#8217;nin Cumhurba\u015fkan\u0131&#8217;n\u0131n G\u00fcroymak&#8217;\u0131n K\u00fcrt\u00e7e ad\u0131n\u0131 kullanmas\u0131na tepki g\u00f6stermesine de cevap verdi.<\/p>\n<p style=\"text-align: justify;\">Erdo\u011fan, MHP Genel Ba\u015fkan\u0131 Devlet Bah\u00e7eli&#8217;ye, &#8220;Sen \u0130stanbul&#8217;da ya\u015fayana <\/p>\n","protected":false},"author":1,"featured_media":0,"comment_status":"open","ping_status":"closed","sticky":false,"template":"","format":"standard","meta":{"footnotes":""},"categories":[105],"tags":[],"class_list":["post-13237","post","type-post","status-publish","format-standard","hentry","category-gundem","odd"],"_links":{"self":[{"href":"http:\/\/www.korhanyilmaz.com\/index.php?rest_route=\/wp\/v2\/posts\/13237","targetHints":{"allow":["GET"]}}],"collection":[{"href":"http:\/\/www.korhanyilmaz.com\/index.php?rest_route=\/wp\/v2\/posts"}],"about":[{"href":"http:\/\/www.korhanyilmaz.com\/index.php?rest_route=\/wp\/v2\/types\/post"}],"author":[{"embeddable":true,"href":"http:\/\/www.korhanyilmaz.com\/index.php?rest_route=\/wp\/v2\/users\/1"}],"replies":[{"embeddable":true,"href":"http:\/\/www.korhanyilmaz.com\/index.php?rest_route=%2Fwp%2Fv2%2Fcomments&post=13237"}],"version-history":[{"count":0,"href":"http:\/\/www.korhanyilmaz.com\/index.php?rest_route=\/wp\/v2\/posts\/13237\/revisions"}],"wp:attachment":[{"href":"http:\/\/www.korhanyilmaz.com\/index.php?rest_route=%2Fwp%2Fv2%2Fmedia&parent=13237"}],"wp:term":[{"taxonomy":"category","embeddable":true,"href":"http:\/\/www.korhanyilmaz.com\/index.php?rest_route=%2Fwp%2Fv2%2Fcategories&post=13237"},{"taxonomy":"post_tag","embeddable":true,"href":"http:\/\/www.korhanyilmaz.com\/index.php?rest_route=%2Fwp%2Fv2%2Ftags&post=13237"}],"curies":[{"name":"wp","href":"https:\/\/api.w.org\/{rel}","templated":true}]}}