{"id":13233,"date":"2009-08-12T16:55:27","date_gmt":"2009-08-12T13:55:27","guid":{"rendered":"http:\/\/www.korhanyilmaz.com\/?p=13233"},"modified":"2025-10-30T21:43:01","modified_gmt":"2025-10-30T18:43:01","slug":"cerrah-ile-garipoglu-ailesinin-derin-iliskileri-var","status":"publish","type":"post","link":"http:\/\/www.korhanyilmaz.com\/?p=13233","title":{"rendered":"&#8216;Cerrah ile Garipo\u011flu ailesinin derin ili\u015fkileri var&#8217;"},"content":{"rendered":"<p><a href=\"http:\/\/www.korhanyilmaz.com\/wp-content\/uploads\/2009\/08\/527d633f992df10cd8b3b51c.jpg\"  class=\"lightview\"><img loading=\"lazy\" decoding=\"async\" class=\"aligncenter wp-image-620962\" src=\"http:\/\/www.korhanyilmaz.com\/wp-content\/uploads\/2009\/08\/527d633f992df10cd8b3b51c.jpg\" alt=\"\" width=\"400\" height=\"276\" \/><\/a><\/p>\n<p style=\"text-align: justify;\">M\u00fcnevver Karabulut&#8217;un babas\u0131 S\u00fcreyya Karabulut, Eski \u0130stanbul \u0130l Emniyet M\u00fcd\u00fcr\u00fc Celalettin Cerrah&#8217;\u0131n kendisi hakk\u0131nda su\u00e7 duyurusunda bulunaca\u011f\u0131n\u0131 a\u00e7\u0131klamas\u0131na yan\u0131t verdi. Karabulut, Cerrah ile Garipo\u011flu ailesinin derin ili\u015fkilerinin oldu\u011funu iddia etti.<\/p>\n<p style=\"text-align: justify;\">S\u00fcreyya Karabulut, avukatlar\u0131n\u0131n yasal yollara ba\u015fvuraca\u011f\u0131 da s\u00f6yledi.<\/p>\n<p style=\"text-align: justify;\">Celalettin Cerrah&#8217;\u0131n avukatlar\u0131 Cevdet Yavuz ve Ayhan G\u00fcnay taraf\u0131ndan yap\u0131lan bas\u0131n a\u00e7\u0131klamas\u0131n\u0131 medyadan duydu\u011funu s\u00f6yleyen S\u00fcreyya Karabulut, \u201cSay\u0131n emniyet m\u00fcd\u00fcr\u00fcm\u00fcz\u00fcn a\u00e7\u0131klamalar\u0131 ortada. Ben katillerin pe\u015findeyim. Olay ak\u015fam\u0131 emniyetteki suistimalleri a\u00e7\u0131k bir \u015fekilde itiraf ediyorum. \u0130ddia ediyorum ki, Adli T\u0131p&#8217;taki koku\u015fmu\u015fluk, maalesef o kurumlarda vard\u0131r. TBMM&#8217;deki 550 milletvekilinden yard\u0131m istedim. \u0130ncelesinler. O ak\u015fam kimlerin nas\u0131l telefon g\u00f6r\u00fc\u015fmeleri yapt\u0131\u011f\u0131 ortaya \u00e7\u0131ks\u0131n. Ben bunu iddia ediyorum. Garipo\u011flu ailesi ile, Celalettin Cerrah&#8217;\u0131n derin ili\u015fkileri ortaya \u00e7\u0131ks\u0131n&#8221; \u015feklinde konu\u015ftu.<!--more--><\/p>\n<p style=\"text-align: justify;\"><strong><em>&#8220;Su\u00e7 duyurusunda bulunsunlar&#8230;&#8221; <\/em><\/strong><\/p>\n<p style=\"text-align: justify;\">Karabulut s\u00f6zlerini, &#8220;Su\u00e7 duyurusunda bulunsunlar. Su\u00e7 duyurusunda bulunulmas\u0131 benim i\u00e7in bir \u015fey ifade etmiyor. Buradaki muhatab\u0131m devlet. Evlad\u0131m \u00e7\u00f6p konteyn\u0131rdan \u00e7\u0131kt\u0131. Katilleri devlet bulacak. Devletin kurumlar\u0131ndaki baz\u0131 ki\u015filerin Garipo\u011flu ailesi ile ili\u015fkileri ortaya \u00e7\u0131kacakt\u0131r. Bu \u00fclkede paras\u0131 olan var olacak da, olmayan yok mu olacak. Kanun sana bana ge\u00e7iyor da, Garipo\u011flu ailesine ge\u00e7meyecek mi&#8221; diye s\u00fcrd\u00fcrd\u00fc.<\/p>\n<p style=\"text-align: justify;\"><strong><em>&#8220;Bu cinayeti Say\u0131n Ba\u015fbakan\u0131m\u0131z \u00e7\u00f6zer&#8221; <\/em><\/strong><\/p>\n<p style=\"text-align: justify;\">&#8220;Olay ak\u015fam\u0131 b\u00fcy\u00fck suistimal oldu. Asayi\u015f \u015eubesi&#8217;ndeki kameralar incelensin. Anne baba orada hangi \u015fartlar aras\u0131nda kald\u0131. \u0130stanbul Adliyesi&#8217;nden 5 y\u0131ld\u0131zl\u0131 otelden \u00e7\u0131kar gibi \u00e7\u0131kt\u0131. Milletvekillerinden yard\u0131m istedim. Meclis&#8217;teki partilerin \u0130stanbul&#8217;daki il ba\u015fkanl\u0131klar\u0131n\u0131 ziyaret ettim. Yard\u0131m istedim. Ben evlad\u0131m\u0131n katillerinin pe\u015findeyim. \u0130nan\u0131yorum ki, katilerin \u00f6n\u00fcm\u00fczdeki g\u00fcnlerde ortaya \u00e7\u0131kacak&#8221; diyen Karabulut, &#8220;Ben nas\u0131l yanmay\u0131m. Hakk\u0131mda su\u00e7 duyurusunda bulunulmas\u0131 benim i\u00e7in bir \u015fey ifade etmiyor. Hakk\u0131mda su\u00e7 duyurusunda bulunaca\u011f\u0131na, Hayyam Garipo\u011flu ile derin ili\u015fkilerini ortaya \u00e7\u0131karts\u0131n&#8221; diye konu\u015ftu.<\/p>\n<p style=\"text-align: justify;\">S\u00fcreyya Karabulut, &#8220;Ben k\u0131z\u0131m\u0131n katillerinin pe\u015findeyim. Derdimi kime, hangi kuruma anlataca\u011f\u0131m. Evlad\u0131m gitti. Yapanlar\u0131n yan\u0131na kar m\u0131 kals\u0131n. Say\u0131n Cerrah m\u00fcd\u00fcr yapt\u0131klar\u0131n\u0131 biliyor. En az\u0131ndan emniyetin ne yapt\u011f\u0131n\u0131 biliyorum. Emniyetin i\u00e7indeki kurumlar bunu bana s\u00f6yledi. Cem, yakalan\u0131p b\u0131rak\u0131l\u0131yor. Suistimaller yap\u0131l\u0131yor. Derin ili\u015fkiler sonucu bu cinayete yol verildi. Say\u0131n Ba\u015fbakan\u0131m\u0131z bu konuya el atmad\u0131\u011f\u0131 s\u00fcrece bu cinayet \u00e7\u00f6z\u00fclmez. Bu cinayete el atarsa bu cinayet \u00e7\u00f6z\u00fclecektir. Yoksa bu cinayet b\u00f6yle s\u00fcr\u00fcncemede kalacakt\u0131r&#8221; ifadelerini kulland\u0131.<\/p>\n<p style=\"text-align: justify;\"><strong><em>Cerrah&#8217;tan M\u00fcnevver&#8217;in babas\u0131na uyar\u0131!<\/em><\/strong><\/p>\n<p style=\"text-align: justify;\">Osmaniye Valili\u011fi&#8217;ne atanan eski \u0130stanbul Emniyet M\u00fcd\u00fcr\u00fc Celalettin Cerrah&#8217;\u0131n avukatlar\u0131 bug\u00fcn, M\u00fcnevver Karabulut&#8217;un \u00f6ld\u00fcr\u00fclmesiyle ilgili baba S\u00fcreyya Karabulut&#8217;un, Cerrah&#8217;\u0131 hedef alan iftira niteli\u011finde beyanlarda bulundu\u011funu \u00f6ne s\u00fcrerek, bu beyanlar\u0131na devam etmesi halinde s\u00f6z konusu ki\u015fiyle ilgili su\u00e7 duyurusunda bulunulaca\u011f\u0131n\u0131 ve hakk\u0131nda manevi tazminat davas\u0131 a\u00e7acaklar\u0131n\u0131 bildirdi.<\/p>\n<p style=\"text-align: justify;\"><span style=\"color: #888888;\">CNN T\u00dcRK<\/span><\/p>\n","protected":false},"excerpt":{"rendered":"<\/p>\n<p style=\"text-align: justify;\">M\u00fcnevver Karabulut&#8217;un babas\u0131 S\u00fcreyya Karabulut, Eski \u0130stanbul \u0130l Emniyet M\u00fcd\u00fcr\u00fc Celalettin Cerrah&#8217;\u0131n kendisi hakk\u0131nda su\u00e7 duyurusunda bulunaca\u011f\u0131n\u0131 a\u00e7\u0131klamas\u0131na yan\u0131t verdi. Karabulut, Cerrah ile Garipo\u011flu ailesinin derin ili\u015fkilerinin oldu\u011funu iddia etti.<\/p>\n<p style=\"text-align: justify;\">S\u00fcreyya Karabulut, avukatlar\u0131n\u0131n yasal yollara ba\u015fvuraca\u011f\u0131 da s\u00f6yledi.<\/p>\n<p style=\"text-align: justify;\">Celalettin Cerrah&#8217;\u0131n avukatlar\u0131 Cevdet Yavuz ve Ayhan G\u00fcnay taraf\u0131ndan yap\u0131lan <\/p>\n","protected":false},"author":1,"featured_media":0,"comment_status":"open","ping_status":"closed","sticky":false,"template":"","format":"standard","meta":{"footnotes":""},"categories":[7],"tags":[],"class_list":["post-13233","post","type-post","status-publish","format-standard","hentry","category-ekonomi","odd"],"_links":{"self":[{"href":"http:\/\/www.korhanyilmaz.com\/index.php?rest_route=\/wp\/v2\/posts\/13233","targetHints":{"allow":["GET"]}}],"collection":[{"href":"http:\/\/www.korhanyilmaz.com\/index.php?rest_route=\/wp\/v2\/posts"}],"about":[{"href":"http:\/\/www.korhanyilmaz.com\/index.php?rest_route=\/wp\/v2\/types\/post"}],"author":[{"embeddable":true,"href":"http:\/\/www.korhanyilmaz.com\/index.php?rest_route=\/wp\/v2\/users\/1"}],"replies":[{"embeddable":true,"href":"http:\/\/www.korhanyilmaz.com\/index.php?rest_route=%2Fwp%2Fv2%2Fcomments&post=13233"}],"version-history":[{"count":0,"href":"http:\/\/www.korhanyilmaz.com\/index.php?rest_route=\/wp\/v2\/posts\/13233\/revisions"}],"wp:attachment":[{"href":"http:\/\/www.korhanyilmaz.com\/index.php?rest_route=%2Fwp%2Fv2%2Fmedia&parent=13233"}],"wp:term":[{"taxonomy":"category","embeddable":true,"href":"http:\/\/www.korhanyilmaz.com\/index.php?rest_route=%2Fwp%2Fv2%2Fcategories&post=13233"},{"taxonomy":"post_tag","embeddable":true,"href":"http:\/\/www.korhanyilmaz.com\/index.php?rest_route=%2Fwp%2Fv2%2Ftags&post=13233"}],"curies":[{"name":"wp","href":"https:\/\/api.w.org\/{rel}","templated":true}]}}