{"id":13223,"date":"2009-08-11T12:32:29","date_gmt":"2009-08-11T10:32:29","guid":{"rendered":"http:\/\/www.korhanyilmaz.com\/?p=13223"},"modified":"2009-08-11T12:32:29","modified_gmt":"2009-08-11T10:32:29","slug":"kilicdaroglundan-teget-gondermesi","status":"publish","type":"post","link":"http:\/\/www.korhanyilmaz.com\/?p=13223","title":{"rendered":"K\u0131l\u0131\u00e7daro\u011flu&#039;ndan te\u011fet g\u00f6ndermesi"},"content":{"rendered":"<p style=\"text-align: center;\"><a href=\"http:\/\/www.korhanyilmaz.com\/wp-content\/uploads\/2009\/08\/110820091254096859519.jpg\"  class=\"lightview\"><img loading=\"lazy\" decoding=\"async\" class=\"aligncenter size-full wp-image-13224\" src=\"http:\/\/www.korhanyilmaz.com\/wp-content\/uploads\/2009\/08\/110820091254096859519.jpg\" alt=\"\" width=\"329\" height=\"210\" \/><\/a><\/p>\n<p style=\"text-align: justify;\">&#8220;60 Bin kad\u0131n , bedenini satmak i\u00e7in s\u0131raya girmi\u015f durumda&#8221;<\/p>\n<p style=\"text-align: justify;\">CHP Grup Ba\u015fkanvekili Kemal K\u0131l\u0131\u00e7daro\u011flu,T\u00fcrkiye&#8217;nin, ekonomik krizi en a\u011f\u0131r ya\u015fayan \u00fclkelerden biri oldu\u011funu s\u00f6yledi.<\/p>\n<p style=\"text-align: justify;\">K\u0131l\u0131\u00e7daro\u011flu, T\u00fcrkiye Kamu-Sen Genel Ba\u015fkan\u0131 Bircan Aky\u0131ld\u0131z ve beraberindeki heyeti, Mecliste kabul etti.<\/p>\n<p style=\"text-align: justify;\">Aky\u0131ld\u0131z, burada yapt\u0131\u011f\u0131 konu\u015fmada, kamu \u00e7al\u0131\u015fanlar\u0131na grev ve toplu s\u00f6zle\u015fme hakk\u0131 tan\u0131nmas\u0131n\u0131 istedi. Masadaki en \u00f6nemli konunun bu olaca\u011f\u0131n\u0131 belirten Aky\u0131ld\u0131z, &#8220;Bu talebimizi tekrarlamaktan b\u0131kt\u0131k&#8221; dedi.<\/p>\n<p style=\"text-align: justify;\">Di\u011fer bir \u00f6nemli konuyu da mali ve sosyal haklar\u0131n olu\u015fturaca\u011f\u0131n\u0131 ve &#8220;u\u00e7uk, ka\u00e7\u0131k&#8221; taleplerde bulunmayacaklar\u0131n\u0131 belirten Aky\u0131ld\u0131z, &#8220;Ancak ekonomik krizin faturas\u0131n\u0131 \u00f6demeye niyetimiz de yoktur. Dile\u011fimiz bir uzla\u015fmaya gidilebilmesidir. Uzla\u015fmak niyetiyle masaya oturuyoruz&#8221; diye konu\u015ftu. <!--more--><\/p>\n<p style=\"text-align: justify;\">K\u0131l\u0131\u00e7daro\u011flu da T\u00fcrkiye&#8217;nin ekonomik krizi en a\u011f\u0131r ya\u015fayan \u00fclkelerden biri oldu\u011funu, birilerinin krizi f\u0131rsata \u00e7evirdi\u011fini ve gelir adaletsizli\u011finin giderek derinle\u015fti\u011fini s\u00f6yledi.<\/p>\n<p style=\"text-align: justify;\">Sokaktaki insan\u0131n kan a\u011flad\u0131\u011f\u0131n\u0131, bu tablonun devam etmesi durumunda sosyal patlamalar\u0131n ya\u015fanaca\u011f\u0131n\u0131 iddia eden K\u0131l\u0131\u00e7daro\u011flu, &#8220;\u00c7ift\u00e7i, i\u015f\u00e7i, emekli peri\u015fan durumda, i\u015fsizlik art\u0131yor. Bir yandan da birilerinin mal varl\u0131\u011f\u0131nda art\u0131\u015flar oluyor&#8221; diye konu\u015ftu.<\/p>\n<p style=\"text-align: justify;\">K\u0131l\u0131\u00e7daor\u011flu, \u015f\u00f6yle devam etti:<\/p>\n<p style=\"text-align: justify;\">&#8220;B\u00f6yle bir ortamda nas\u0131l oluyor da birilerinin mar varl\u0131\u011f\u0131nda s\u00fcratli art\u0131\u015flar oluyor? Kimdir bu birileri? AKP, bu birilerini a\u00e7\u0131klamak zorundad\u0131r.<\/p>\n<p style=\"text-align: justify;\">E\u011fer Say\u0131n Ba\u015fbakan gelece\u011fini garanti etmek i\u00e7in etraf\u0131n\u0131 \u00c7in Seddi gibi \u00e7evirdi\u011fi K\u0131s\u0131kl\u0131&#8217;daki villas\u0131nda oturacaksa, krizden etkilenmeyece\u011fini \u00e7ok iyi biliyoruz. O villalar\u0131 da Say\u0131n Ba\u015fbakan medyaya a\u00e7mal\u0131d\u0131r. Kendi gelece\u011fini nas\u0131l garanti etti\u011fini T\u00fcrk toplumu g\u00f6rmelidir. Fakir fukara dostu denilen say\u0131n Ba\u015fbakan K\u0131s\u0131kl\u0131&#8217;daki villalar\u0131 a\u00e7s\u0131n bakal\u0131m, biz de g\u00f6relim.&#8221;<\/p>\n<p style=\"text-align: justify;\"><strong>&#8220;\u00d6RT\u00dcL\u00dc FA\u015e\u0130ZM&#8230;&#8221;<\/strong><\/p>\n<p style=\"text-align: justify;\">Bas\u0131na da g\u00f6rev d\u00fc\u015ft\u00fc\u011f\u00fcn\u00fc ancak, &#8220;AKP&#8217;nin \u00f6rt\u00fcl\u00fc bir fa\u015fizmi uygulama yolunda&#8221; oldu\u011funu savunan K\u0131l\u0131\u00e7dao\u011flu, her alanda ciddi bask\u0131lar uygulad\u0131\u011f\u0131n\u0131 iddia etti.<\/p>\n<p style=\"text-align: justify;\">&#8220;T\u00fcrkiye&#8217;de, 60 bin kad\u0131n\u0131n bedenini satmak i\u00e7in s\u0131raya girdi\u011fini&#8221; kaydeden K\u0131l\u0131\u00e7daro\u011flu, \u015funlar\u0131 s\u00f6yledi:<\/p>\n<p style=\"text-align: justify;\">&#8220;AKP adaleti budur i\u015fte. Millete din iman s\u00f6yleminde bulunuyorsunuz, bir bak\u0131yorsunuz ki 60 bin kad\u0131n, hayat kad\u0131n\u0131 olarak ge\u00e7imini sa\u011flamak i\u00e7in s\u0131raya girmi\u015f durumda. Bu ac\u0131 tablolar\u0131, medyan\u0131n, g\u00fcndeme getirmesi laz\u0131m. Medya \u00fczerinde AKP&#8217;nin bask\u0131s\u0131n\u0131 da biliyoruz. Ciddi bir bask\u0131 var. Yanda\u015f medya yaratt\u0131lar. T\u00fcrkiye&#8217;yi g\u00fcll\u00fck g\u00fclistanl\u0131k g\u00f6steriyorlar. O medyadan kim istiyorsa Anadolu&#8217;ya gidelim, hayat\u0131 g\u00f6rs\u00fcnler.<\/p>\n<p style=\"text-align: justify;\">Sadaka k\u00fclt\u00fcr\u00fcn\u00fcn normal bir ekonomi politikas\u0131 haline geldi\u011fini g\u00f6r\u00fcyoruz. Sadaka k\u00fclt\u00fcr\u00fc insanlar\u0131 \u00f6tekile\u015ftiriyor. \u0130nsanlar a\u015f al\u0131rken y\u00fczlerini kapat\u0131yorsa, bu utan\u00e7 AKP&#8217;nin utanc\u0131d\u0131r.&#8221;<\/p>\n<p style=\"text-align: justify;\"><span style=\"color: #888888;\">Kaynak : Vatan<\/span><\/p>\n","protected":false},"excerpt":{"rendered":"<p style=\"text-align: center;\">\n<p style=\"text-align: justify;\">&#8220;60 Bin kad\u0131n , bedenini satmak i\u00e7in s\u0131raya girmi\u015f durumda&#8221;<\/p>\n<p style=\"text-align: justify;\">CHP Grup Ba\u015fkanvekili Kemal K\u0131l\u0131\u00e7daro\u011flu,T\u00fcrkiye&#8217;nin, ekonomik krizi en a\u011f\u0131r ya\u015fayan \u00fclkelerden biri oldu\u011funu s\u00f6yledi.<\/p>\n<p style=\"text-align: justify;\">K\u0131l\u0131\u00e7daro\u011flu, T\u00fcrkiye Kamu-Sen Genel Ba\u015fkan\u0131 Bircan Aky\u0131ld\u0131z ve beraberindeki heyeti, Mecliste kabul etti.<\/p>\n<p style=\"text-align: justify;\">Aky\u0131ld\u0131z, burada yapt\u0131\u011f\u0131 konu\u015fmada, kamu \u00e7al\u0131\u015fanlar\u0131na grev <\/p>\n","protected":false},"author":1,"featured_media":0,"comment_status":"open","ping_status":"closed","sticky":false,"template":"","format":"standard","meta":{"footnotes":""},"categories":[105],"tags":[],"class_list":["post-13223","post","type-post","status-publish","format-standard","hentry","category-gundem","odd"],"_links":{"self":[{"href":"http:\/\/www.korhanyilmaz.com\/index.php?rest_route=\/wp\/v2\/posts\/13223","targetHints":{"allow":["GET"]}}],"collection":[{"href":"http:\/\/www.korhanyilmaz.com\/index.php?rest_route=\/wp\/v2\/posts"}],"about":[{"href":"http:\/\/www.korhanyilmaz.com\/index.php?rest_route=\/wp\/v2\/types\/post"}],"author":[{"embeddable":true,"href":"http:\/\/www.korhanyilmaz.com\/index.php?rest_route=\/wp\/v2\/users\/1"}],"replies":[{"embeddable":true,"href":"http:\/\/www.korhanyilmaz.com\/index.php?rest_route=%2Fwp%2Fv2%2Fcomments&post=13223"}],"version-history":[{"count":0,"href":"http:\/\/www.korhanyilmaz.com\/index.php?rest_route=\/wp\/v2\/posts\/13223\/revisions"}],"wp:attachment":[{"href":"http:\/\/www.korhanyilmaz.com\/index.php?rest_route=%2Fwp%2Fv2%2Fmedia&parent=13223"}],"wp:term":[{"taxonomy":"category","embeddable":true,"href":"http:\/\/www.korhanyilmaz.com\/index.php?rest_route=%2Fwp%2Fv2%2Fcategories&post=13223"},{"taxonomy":"post_tag","embeddable":true,"href":"http:\/\/www.korhanyilmaz.com\/index.php?rest_route=%2Fwp%2Fv2%2Ftags&post=13223"}],"curies":[{"name":"wp","href":"https:\/\/api.w.org\/{rel}","templated":true}]}}