{"id":13208,"date":"2009-08-11T16:28:45","date_gmt":"2009-08-11T14:28:45","guid":{"rendered":"http:\/\/www.korhanyilmaz.com\/?p=13208"},"modified":"2009-08-11T16:28:45","modified_gmt":"2009-08-11T14:28:45","slug":"baykaldan-erdogana-birsey-soyleyeceksen-gel","status":"publish","type":"post","link":"http:\/\/www.korhanyilmaz.com\/?p=13208","title":{"rendered":"Baykal&#039;dan Erdo\u011fan&#039;a: &#039;Bir\u015fey s\u00f6yleyeceksen gel&#039;"},"content":{"rendered":"<div id=\"attachment_13209\" style=\"width: 302px\" class=\"wp-caption aligncenter\"><a href=\"http:\/\/www.korhanyilmaz.com\/wp-content\/uploads\/2009\/08\/deniz_baykal.jpg\"  class=\"lightview\"><img loading=\"lazy\" decoding=\"async\" aria-describedby=\"caption-attachment-13209\" class=\"size-full wp-image-13209\" title=\"CHP lideri Deniz Baykal\" src=\"http:\/\/www.korhanyilmaz.com\/wp-content\/uploads\/2009\/08\/deniz_baykal.jpg\" alt=\"CHP lideri Deniz Baykal\" width=\"292\" height=\"201\" \/><\/a><p id=\"caption-attachment-13209\" class=\"wp-caption-text\">CHP lideri Deniz Baykal<\/p><\/div>\n<p style=\"text-align: justify;\">CHP lideri Deniz Baykal, partisinin grup toplant\u0131s\u0131nda h\u00fck\u00fcmetin K\u00fcrt a\u00e7\u0131l\u0131m\u0131yla ilgili de\u011ferlendirmelerde bulundu. Baykal, herkesin kendi etnik kimli\u011fini \u00f6zg\u00fcrce ya\u015famas\u0131na sayg\u0131 g\u00f6sterdiklerini ama ayr\u0131\u015ft\u0131rmaya, b\u00f6l\u00fc\u015ft\u00fcrmeye kar\u015f\u0131 olduklar\u0131n\u0131 vurgulad\u0131. Baykal, Ba\u015fbakan&#8217;a da &#8220;Bir\u015fey s\u00f6yleyeceksen gel&#8221; diye seslendi; K\u00fcrt sorunu konusunda CHP&#8217;nin \u00f6nerilerini de s\u0131ralad\u0131.<\/p>\n<p style=\"text-align: justify;\">Baykal, h\u00fck\u00fcmetin &#8220;a\u00e7\u0131l\u0131m&#8221; konusunda ne yapaca\u011f\u0131n\u0131 a\u00e7\u0131k\u00e7a s\u00f6ylemesi gerekti\u011fini belirterek, &#8220;Ne yapacaklar\u0131n\u0131 bilmeden nas\u0131l destek verelim? Ciddi olmak laz\u0131m, d\u00fcr\u00fcst olmak laz\u0131m. Ne yapacaksan \u00e7\u0131k s\u00f6yle&#8221; dedi.<\/p>\n<p style=\"text-align: justify;\">Baykal, partisinin TBMM grup toplant\u0131s\u0131nda yapt\u0131\u011f\u0131 konu\u015fmada, Devlet Bakan\u0131 ve Ba\u015fbakan Yard\u0131mc\u0131s\u0131 B\u00fclent Ar\u0131n\u00e7&#8217;\u0131n &#8220;askerlerin sivil mahkemede yarg\u0131lanmas\u0131na ili\u015fkin tasar\u0131n\u0131n yasala\u015fmas\u0131 i\u00e7in CHP&#8217;nin oy verdi\u011fini, sabah gelen telefon \u00fczerine tutumunu de\u011fi\u015ftirdi\u011fine&#8221; ili\u015fkin a\u00e7\u0131klama yapt\u0131\u011f\u0131n\u0131 belirterek, &#8220;Bu s\u00f6zlerin Ar\u0131n\u00e7&#8217;\u0131n boyuna posuna yak\u0131\u015fmad\u0131\u011f\u0131n\u0131&#8221; s\u00f6yledi. <!--more--><\/p>\n<p style=\"text-align: justify;\">Ar\u0131n\u00e7&#8217;\u0131n CHP&#8217;ye kimin telefon etti\u011fini a\u00e7\u0131k\u00e7a ortaya koymas\u0131 gerekti\u011fini kaydeden Baykal, &#8220;Say\u0131n Ar\u0131n\u00e7 derhal ne biliyorsa s\u00f6ylemelidir. Yoksa \u00f6z\u00fcr dilemelidir. CHP&#8217;ye telefon edip politika de\u011fi\u015ftirecek hi\u00e7 kimse yoktur. CHP kimseden talimat almaz. CHP&#8217;ye talimat vermeye kalk\u0131\u015fmak hi\u00e7 kimsenin haddi de\u011fildir&#8221; diye konu\u015ftu.<\/p>\n<p style=\"text-align: justify;\">Baykal, hi\u00e7bir CHP&#8217;linin s\u00f6z konusu kanuna oy vermedi\u011fini ifade etti.<\/p>\n<p style=\"text-align: justify;\">&#8220;A\u00e7\u0131l\u0131m&#8221; konusunda da de\u011ferlendirmeler yapan Baykal, &#8220;a\u00e7\u0131l\u0131m&#8221; konusunun neyi i\u00e7erdi\u011fi ve H\u00fck\u00fcmetin neyin pe\u015finde oldu\u011funun belli olmad\u0131\u011f\u0131n\u0131 s\u00f6yledi.<\/p>\n<p style=\"text-align: justify;\"><strong><em>CHP lideri Baykal, \u015f\u00f6yle devam etti:<br \/>\n<\/em><\/strong>\n<\/p>\n<p style=\"text-align: justify;\">&#8220;Yuvarlak laflarla, genel temennilerle bu politikay\u0131 s\u00fcrd\u00fcrmek art\u0131k m\u00fcmk\u00fcn de\u011fildir. \u0130\u015fin art\u0131k \u00f6z\u00fcne girmek laz\u0131md\u0131r. Ne yap\u0131lmak isteniyor, onu a\u00e7\u0131k\u00e7a s\u00f6ylemeye ba\u015flamalar\u0131 laz\u0131md\u0131r. Ne yapacaklar\u0131n\u0131 bilmeden nas\u0131l destek verelim? Ne yapaca\u011f\u0131n\u0131z\u0131 \u00e7\u0131k\u0131p s\u00f6yleyin. \u015eu ana kadar hi\u00e7bir \u015fey yok. Bu kabul edilebilir bir yakla\u015f\u0131m de\u011fildir. Ba\u015fbakan \u00e7\u00f6z\u00fcmden de\u011fil, s\u00fcre\u00e7ten bahsetti\u011fini s\u00f6yl\u00fcyor.<\/p>\n<p style=\"text-align: justify;\">O s\u00fcre\u00e7 nereye varacak? S\u00fcre\u00e7ten bahsediyormu\u015f, \u00e7\u00f6z\u00fcmden bahsetmiyormu\u015f. Ne olacak, nereye ba\u011flayacaks\u0131n bu i\u015fi? Bu konu savsaklanabilir olmaktan \u00e7\u0131km\u0131\u015ft\u0131r. Ciddi olmak laz\u0131md\u0131r, d\u00fcr\u00fcst olmak laz\u0131md\u0131r. Ne yapacaks\u0131n, ni\u00e7in yapacaks\u0131n, nas\u0131l yapacaks\u0131n, \u00e7\u0131k s\u00f6yle. S\u00fcre\u00e7 laf\u0131n\u0131n arkas\u0131na saklanmak konunun ciddiyetiyle ba\u011fda\u015fm\u0131yor. H\u00fck\u00fcmeti bir an \u00f6nce ne yapmak istedi\u011fine karar vermesi ve bunu ortaya koymas\u0131 laz\u0131md\u0131r.&#8221;<\/p>\n<p style=\"text-align: justify;\">Partisinin bu konudaki anlay\u0131\u015f\u0131n\u0131 yineleyerek anlatan Baykal, Ba\u015fbakan Recep Tayyip Erdo\u011fan&#8217;\u0131n milli kimlik ile etnik kimli\u011fi kar\u0131\u015ft\u0131rd\u0131\u011f\u0131 iddias\u0131n\u0131 da tekrarlad\u0131. T\u00fcrkiye&#8217;nin \u0131rk, kan, kafatas\u0131 devleti olmad\u0131\u011f\u0131n\u0131 belirten Baykal, T\u00fcrk milletinin herkesin milli kimli\u011fi oldu\u011funu kaydetti.<\/p>\n<p style=\"text-align: justify;\">Baykal, &#8220;T\u00fcrk milletinin bir ferdi olmam\u0131z bizim Arap olmam\u0131za, Arnavut olmam\u0131za, G\u00fcrc\u00fc olmam\u0131za, K\u00fcrt olmam\u0131za engel de\u011fildir. Hepsi m\u00fcmk\u00fcn. T\u00fcrkiye&#8217;de T\u00fcrk milli k\u00fclt\u00fcr\u00fc etnik kimlik de\u011fildir. Bunu ba\u015fbakan\u0131n \u00f6\u011frenmesi gerekir&#8221; dedi.<\/p>\n<p style=\"text-align: justify;\">Arap kimli\u011finin T\u00fcrkiye&#8217;de etnik kimlik, M\u0131s\u0131r&#8217;da ise milli kimlik oldu\u011funu kaydeden Baykal, \u015funlar\u0131 s\u00f6yledi: &#8220;T\u00fcrk milli kimli\u011fini etnik kimlik sayarsak, \u00fcstelik bunu Ba\u015fbakan d\u00fczeyinde yaparsak, Ba\u015fbakan olarak milletin ad\u0131n\u0131n T\u00fcrk milleti oldu\u011funu unutmay\u0131, unutturmay\u0131 marifet sayarsak, bu sorunlar \u00e7\u00f6z\u00fclmez. Etnik kimlik ile milli kimlik birbirine has\u0131m de\u011fil. Hem o, hem bu. Hem etnik kimlik, hem de milli kimlik. Birileri etnik kimli\u011fi milli kimli\u011fin \u00f6n\u00fcne koymaya kalkarsa, o yanl\u0131\u015f. \u00d6yle bir \u015fey yok. Olmamal\u0131&#8221;<\/p>\n<p style=\"text-align: justify;\">Baykal, herkesin kimli\u011fini \u00f6zg\u00fcrce ya\u015famas\u0131 gerekti\u011fini partisinin 30 y\u0131l \u00f6nce ortaya koydu\u011funu belirterek, G\u00fcneydo\u011fu&#8217;ya T\u00fcrkiye&#8217;nin en iyi okullar\u0131n\u0131n g\u00f6t\u00fcr\u00fclmesi, zarar etme pahas\u0131na devletin fabrika kurmas\u0131 gerekti\u011fini anlatt\u0131.<\/p>\n<p style=\"text-align: justify;\"><strong><em>&#8220;T\u00fcrkiye yol ay\u0131r\u0131m\u0131nda&#8221;<\/em><\/strong><\/p>\n<p style=\"text-align: justify;\">Deniz Baykal, s\u00f6zlerini \u015f\u00f6yle s\u00fcrd\u00fcrd\u00fc:<\/p>\n<p style=\"text-align: justify;\">&#8220;T\u00fcrkiye bir yol ay\u0131r\u0131m\u0131nda. Bu konuya y\u00f6nelik yakla\u015f\u0131m ayr\u0131\u015ft\u0131r\u0131c\u0131 m\u0131 olacak, kayna\u015ft\u0131r\u0131c\u0131 m\u0131 olacak? Biz, kayna\u015ft\u0131r\u0131c\u0131 olanlar\u0131n yan\u0131nday\u0131z. Ayr\u0131\u015ft\u0131r\u0131c\u0131 olanlara da \u015fiddetle kar\u015f\u0131 \u00e7\u0131k\u0131yoruz. T\u00fcrk milleti laf\u0131n\u0131 Anayasadan \u00e7\u0131karacakm\u0131\u015f\u0131z. Bu bizi kayna\u015ft\u0131racakm\u0131\u015f&#8230; Hadi can\u0131m sende. B\u00f6yle sa\u00e7ma \u015fey mi olur. Bu milletin yeniden bir kimlik aray\u0131\u015f\u0131na ihtiyac\u0131 yok. Bu milletin kimli\u011fi oturmu\u015ftur. Milli kimli\u011fimiz bellidir, etnik kimliklerimiz tam bir \u00f6zg\u00fcrl\u00fck anlay\u0131\u015f\u0131 i\u00e7inde ya\u015fanacakt\u0131r, ama milli kimli\u011fimiz de\u011fi\u015fmez bir \u015fekilde kalacakt\u0131r.<\/p>\n<p style=\"text-align: justify;\">T\u00fcrk milletinin par\u00e7as\u0131y\u0131z. Anayasam\u0131zda bunu de\u011fi\u015ftirmeye kimsenin hakk\u0131 yoktur, b\u00f6yle bir giri\u015fimi, zihinlerde yer ediyor olmas\u0131n\u0131 da \u00fcz\u00fcnt\u00fcyle kar\u015f\u0131l\u0131yorum. Bu tart\u0131\u015fma zihinlerde netle\u015fsin. Bizimle g\u00f6r\u00fc\u015fmek istiyorlarm\u0131\u015f. Ne s\u00f6yleyeceksiniz? Ne s\u00f6yleyece\u011fimizi bilmiyoruz, sizi dinlemek istiyoruz. Bizi dinlemek istiyorsan, i\u015fte dinle. \u0130\u015fte buraday\u0131z, s\u00f6yl\u00fcyoruz. Bunlar\u0131 dinle. E\u011fer bir \u015fey s\u00f6yleyeceksen gel o zaman konu\u015fal\u0131m. Ben bir \u015fey s\u00f6ylemeyi d\u00fc\u015f\u00fcnm\u00fcyorum, sizlerden alaca\u011f\u0131m. Sen ne iste\u011fine karar ver. Olur mu olmaz m\u0131, biz d\u00fc\u015f\u00fcncemizi a\u00e7\u0131k\u00e7a ifade ederiz. Milli kimlikle oynamak olmaz, milli e\u011fitime etnisiteyi koymak kesin olmaz.<\/p>\n<p style=\"text-align: justify;\">Etnisiteyi milli e\u011fitime sokmay\u0131n\u0131z. Kayna\u015ft\u0131rmaya y\u00f6nelik her t\u00fcrl\u00fc \u00f6neriyi destekleriz. Ama bizi etnik ayr\u0131\u015ft\u0131rmaya g\u00f6t\u00fcrecek s\u00fcre\u00e7leri kabul etmek m\u00fcmk\u00fcn de\u011fildir. Buradan uzak durmalar\u0131n\u0131 tavsiye ediyoruz.&#8221; CHP&#8217;nin ge\u00e7mi\u015fte bu konuda b\u00fcy\u00fck g\u00f6rev yapt\u0131\u011f\u0131n\u0131 kaydeden Baykal, &#8220;T\u00fcrkiye&#8217;yi kimsenin b\u00f6lmesine izin vermeyece\u011fiz. T\u00fcrkiye buna izin vermeyecektir&#8221; diyerek s\u00f6zlerini tamamlad\u0131. Grup toplant\u0131s\u0131ndan sonra Sakarya Caddesinden bir grup esnaf sigara yasa\u011f\u0131 ve di\u011fer konulardaki s\u0131k\u0131nt\u0131lar\u0131n\u0131 dile getirdi. Baykal, bir grup partilinin yerinde inceleme yapaca\u011f\u0131n\u0131 belirtti.<\/p>\n<p style=\"text-align: justify;\"><strong><em>&#8220;Anayasa Mahkemesi, senin niyetini irdelemez&#8221; <\/em><\/strong><\/p>\n<p style=\"text-align: justify;\">Deniz Baykal, T\u00fcrkiye ile Suriye s\u0131n\u0131r\u0131ndaki may\u0131nl\u0131 arazinin temizlenmesine ili\u015fkin yasan\u0131n, CHP&#8217;nin m\u00fcracaat etti\u011fi do\u011frultuda Anayasa Mahkemesi taraf\u0131ndan iptal edildi\u011fini an\u0131msatarak, bunun sevindirici bir haber oldu\u011funu s\u00f6yledi.<\/p>\n<p style=\"text-align: justify;\"><strong><em>Baykal, \u015funlar\u0131 kaydetti:<\/em><\/strong><\/p>\n<p style=\"text-align: justify;\">&#8220;Bu, CHP&#8217;nin bir ba\u015far\u0131s\u0131 olman\u0131n \u00f6tesinde T\u00fcrkiye&#8217;de hukukun bir ba\u015far\u0131s\u0131d\u0131r. Ger\u00e7ekten buna \u00e7ok sevindik. T\u00fcrkiye&#8217;de her kurum \u00e7\u00f6z\u00fcl\u00fcyor, her alanda bir bozulma bir koku\u015fma ya\u015fan\u0131yor. B\u00f6ylesine a\u011f\u0131r bir tablo kar\u015f\u0131s\u0131nda Anayasa Mahkemesinin kararl\u0131l\u0131kla g\u00f6revini yapm\u0131\u015f olmas\u0131 hepimizin y\u00fcre\u011fini serinletmi\u015ftir. Olmas\u0131 gereken buydu. AKP y\u00f6neticileri bunu hala anlam\u0131\u015f de\u011fildir. &#8216;Biz o maddeyi kullanmayacakt\u0131k, di\u011fer maddelere g\u00f6re i\u015f tutacakt\u0131k, kullanmayaca\u011f\u0131m\u0131z maddeyi niye Anayasa Mahkemesi iptal ediyor&#8217; diye hala Anayasa Mahkemesi&#8217;ne \u015fikayet s\u00f6ylemektedirler.<\/p>\n<p style=\"text-align: justify;\">Anayasa Mahkemesi \u00f6n\u00fcne gelen kanuna bakar, senin niyetini irdelemez. Senin niyetin ne oldu\u011fu da zaten belli de\u011fil. Sen \u00f6yle diye diye T\u00fcrkiye&#8217;yi bu noktaya getirdin. Anayasa Mahkemesi, hukuki ger\u00e7eklere, kanunun metnine bakar, karar\u0131n\u0131 al\u0131r. \u00c7ok b\u00fcy\u00fck bir memnuniyet duyduk. \u0130n\u015fallah bu olay may\u0131ndan temizlenecek arazilerin en do\u011fru \u015fekilde de\u011ferlendirilmesine vesile olur. O b\u00f6lgede ya\u015fayan insanlar\u0131n, yararlanaca\u011f\u0131 bir d\u00fczen kurulabilir. Bunlar kuramazsa, CHP olarak biz geldi\u011fimizde o d\u00fczeni kurar\u0131z.&#8221;<\/p>\n<p style=\"text-align: justify;\"><em><strong>Enerji<\/strong><\/em><\/p>\n<p style=\"text-align: justify;\">Enerji alan\u0131nda \u00f6nemli imzalar at\u0131ld\u0131\u011f\u0131na de\u011finen Baykal, &#8220;T\u00fcrkiye, d\u00fcnya enerji co\u011frafyas\u0131n\u0131n kritik noktas\u0131nda. Enerji \u00fcreten \u00fclkelerle t\u00fcketen \u00fclkeler aras\u0131nda \u00f6nemli bir ba\u011flant\u0131 konumunda. Bu, T\u00fcrkiye i\u00e7in \u00e7ok b\u00fcy\u00fck bir olanakt\u0131r, bunu en iyi \u015fekilde de\u011ferlendirmemiz laz\u0131m&#8221; dedi.<\/p>\n<p style=\"text-align: justify;\">Daha \u00f6nce ba\u015flat\u0131lan Bak\u00fc-Tiflis-Ceyhan boru hatt\u0131n\u0131n \u00f6nemli bir ad\u0131m oldu\u011funu kaydeden Baykal, T\u00fcrkiye&#8217;nin hem kendi enerji g\u00fcvenli\u011fini, hem enerji t\u00fcketicisi konumundaki ba\u015fta Avrupa \u00fclkeleri olmak \u00fczere di\u011fer \u00fclkelerle ili\u015fkilerinde siyasi, ekonomi a\u011f\u0131rl\u0131\u011f\u0131n\u0131 ve \u00f6nemini ortaya koyacak bir f\u0131rsat oldu\u011funu s\u00f6yledi.<\/p>\n<p style=\"text-align: justify;\">T\u00fcrkiye&#8217;nin, bu konumunu sorumlulukla kullanmas\u0131 gerekti\u011fine dikkati \u00e7eken Baykal, &#8220;Kendi ulusal yararlar\u0131m\u0131z\u0131 ve b\u00f6lgedeki ciddiyetimizi, g\u00fcvenilirli\u011fimizi zaafa u\u011fratacak yanl\u0131\u015fl\u0131klara f\u0131rsat vermeden T\u00fcrkiye, bu konumunu en iyi \u015fekilde de\u011ferlendirmelidir&#8221; dedi.<\/p>\n<p style=\"text-align: justify;\">Ceyhan&#8217;da kurulacak bir rafineri etraf\u0131nda daha \u00f6nce bir tart\u0131\u015fma ya\u015fand\u0131\u011f\u0131n\u0131, Ba\u015fbakan Recep Tayyip Erdo\u011fan&#8217;\u0131n &#8216;i\u015fi bizim \u00c7al\u0131k Grubuna verece\u011fiz&#8217; dedi\u011fini, bu nedenle projeyle ilgili bir s\u0131k\u0131nt\u0131 oldu\u011funu ileri s\u00fcren Baykal, di\u011fer bir s\u0131k\u0131nt\u0131n\u0131n da Rusya&#8217;n\u0131n elindeki petrol kaynaklar\u0131n\u0131 bu proje etraf\u0131nda de\u011ferlendirilmesine so\u011fuk bakmas\u0131ndan kaynakland\u0131\u011f\u0131n\u0131 s\u00f6yledi.<\/p>\n<p style=\"text-align: justify;\">Son g\u00fcnlerde s\u00fcrpriz bir \u015fekilde G\u00fcney Ak\u0131m Do\u011falgaz Boru Hatt\u0131 Projesi&#8217;nin a\u00e7\u0131kland\u0131\u011f\u0131na de\u011finen Baykal, bu projeyle Rusya&#8217;dan kaynaklanacak do\u011falgaz\u0131n T\u00fcrkiye \u00fczerinden de\u011fil de Karadeniz \u00fczerinden Avrupa piyasalar\u0131na aktar\u0131laca\u011f\u0131n\u0131n \u00f6ng\u00f6r\u00fcld\u00fc\u011f\u00fcn\u00fc belirtti.<\/p>\n<p style=\"text-align: justify;\">\u00dcretim merkezi olan bilinenlerin yan\u0131 s\u0131ra Azerbaycan, Baku, \u015eah Denizi, Kazakistan, T\u00fcrkmenistan, Rusya ve \u0130ran&#8217;daki do\u011falgaz ve petrol\u00fcn, t\u00fcketim merkezlerine ula\u015ft\u0131r\u0131lmas\u0131 konusunun, d\u00fcnyan\u0131n en \u00f6nemli konular\u0131n\u0131n ba\u015f\u0131nda geldi\u011fini belirten Baykal, &#8220;T\u00fcketim, ihtiya\u00e7 art\u0131yor. Art\u0131k klasik, al\u0131\u015f\u0131lm\u0131\u015f, Kuveyt, Suudi Arabistan ve \u0130ran petrol kaynaklar\u0131na ek yeni petrol ve do\u011falgaz kaynaklar\u0131 devreye sokmak gerekiyor. Nas\u0131l devreye sokacaks\u0131n\u0131z; kaynaklar\u0131 bulup geli\u015ftirerek ve bunlar\u0131 t\u00fcketim merkezlerine ta\u015f\u0131yacaks\u0131n\u0131z. D\u00fcnya \u00e7ap\u0131nda global stratejik sava\u015f ya\u015fan\u0131yor&#8221; diye konu\u015ftu.<\/p>\n<p style=\"text-align: justify;\"><strong><em>G\u00fcney Ak\u0131m ve Nabucco<\/em><\/strong><\/p>\n<p style=\"text-align: justify;\">K\u0131sa s\u00fcre \u00f6nce Ankara&#8217;da imzalanan Nabucco Projesi&#8217;yle, Kafkasya \u00fclkelerinin, Azerbaycan&#8217;\u0131n, T\u00fcrkmenistan&#8217;\u0131n, belki ileride Irak&#8217;\u0131n, \u0130ran&#8217;\u0131n do\u011falgaz kaynaklar\u0131n\u0131n T\u00fcrkiye \u00fczerinden Avrupa&#8217;ya ta\u015f\u0131naca\u011f\u0131n\u0131 belirten Baykal, bu projeyle T\u00fcrkiye&#8217;nin Avrupa ile ili\u015fkilerinde \u00f6nemli bir ekonomik, ticari, enerji ba\u011flant\u0131s\u0131n\u0131n ortaya \u00e7\u0131kt\u0131\u011f\u0131n\u0131, bundan T\u00fcrkiye&#8217;nin d\u00fcnyadaki konumunun olumlu etkilendi\u011fini s\u00f6yledi.<\/p>\n<p style=\"text-align: justify;\"><em><strong>Genel Ba\u015fkan\u0131 Baykal, \u015f\u00f6yle devam etti:<\/strong><\/em><\/p>\n<p style=\"text-align: justify;\">&#8220;Nabucco&#8217;ya at\u0131lan imza Rusya&#8217;y\u0131 rahats\u0131z etti. \u00c7\u00fcnk\u00fc bu imza, Kafkasya&#8217;daki kaynaklar\u0131n Rusya \u00fczerinden de\u011fil, Rusya&#8217;n\u0131n kontrol\u00fcnde, Rusya&#8217;n\u0131n denetiminde de\u011fil, Rusya&#8217;n\u0131n d\u0131\u015f\u0131nda T\u00fcrkiye \u00fczerinden Avrupa&#8217;ya ta\u015f\u0131may\u0131 \u00f6ng\u00f6r\u00fcyordu. Rusya istiyor ki b\u00fct\u00fcn Kafkasya&#8217;daki petrol ve do\u011falgaz zenginlikleri kendisine ba\u011flans\u0131n. Onlar\u0131 uzun vadeli anla\u015fmalarla sat\u0131n als\u0131n sonra vanay\u0131 kendi elinde tutarak, kendi kontrol\u00fcnde, hem kendi do\u011falgaz\u0131n\u0131 petrol\u00fcn\u00fc hem de Orta Asya \u00fclkelerinin petrol ve do\u011falgaz\u0131n\u0131 kendi vanas\u0131ndan Avrupa&#8217;ya ta\u015f\u0131s\u0131n. Kafkasya&#8217;n\u0131n amac\u0131, b\u00f6yle bir ba\u011f\u0131ml\u0131l\u0131\u011fa teslim olmadan, dost \u00fclke olarak T\u00fcrkiye \u00fczerinden mallar\u0131n\u0131 ta\u015f\u0131yabilmek ve satabilmek.<\/p>\n<p style=\"text-align: justify;\">Bu iki proje, birbiriyle kar\u015f\u0131t projedir. Rusya&#8217;n\u0131n Karadeniz alt\u0131ndan ge\u00e7irece\u011fi do\u011falgaz hatt\u0131na ili\u015fkin G\u00fcney Ak\u0131m Projesi ile T\u00fcrkiye \u00fczerinden ge\u00e7irilecek hatta ili\u015fkin Nabucco Projesi birbirine kar\u015f\u0131t iki projedir. Bu projelerin kar\u015f\u0131tl\u0131\u011f\u0131 sadece ama\u00e7lar\u0131n\u0131n, \u00e7\u0131k\u0131\u015f yerlerinin, Rusya&#8217;n\u0131n kontrol edip etmedi\u011finin ortaya \u00e7\u0131kmas\u0131yla ilgili de\u011fildir. Ayn\u0131 zamanda b\u00f6lgedeki do\u011falgaz ve petrol kaynaklar\u0131, bu iki ayr\u0131 projeyi ayn\u0131 \u015fekilde desteklemeye m\u00fcsait de\u011fildir. 30-40 y\u0131ll\u0131k gelecek i\u00e7in, oradaki do\u011falgaz kaynaklar\u0131n\u0131n hem g\u00fcney ak\u0131m projesine hem de Nabucco projesini besleyecek gaz kaynaklar\u0131na sahip olmas\u0131 m\u00fcmk\u00fcn de\u011fildir.<\/p>\n<p style=\"text-align: justify;\">Ya birini ya di\u011ferini yapacaks\u0131n. Biz \u00f6nce Nabucco&#8217;ya imza att\u0131k. T\u00fcrkiye&#8217;nin &#8216;\u00f6nemi daha da artt\u0131&#8217; dedik. \u015eimdi aradan k\u0131sa bir s\u00fcre ge\u00e7ti bir hafta \u00f6nce imza att\u0131k Nabucco&#8217;nun rakibi, Nabucco&#8217;yu anlams\u0131z hale getirecek Rusya&#8217;n\u0131n Kafkasya&#8217;daki ve Orta Asya&#8217;daki kaynaklara hakimiyetini art\u0131racak bir projeyi uygulamak \u00fczere Rusya&#8217;ya, sen bunu gidip m\u00fcnhas\u0131r ekonomik b\u00f6lgemin alt\u0131ndan jeolojik \u00e7al\u0131\u015fma yaparak boru hatt\u0131n\u0131 ge\u00e7irebilirsin iznini verdik. Nabucco&#8217;yu \u00f6ld\u00fcrecek izni de son Erdo\u011fan-Putin-Berlusconi g\u00f6r\u00fc\u015fmesinde verdik.<\/p>\n<p style=\"text-align: justify;\">Bunun kar\u015f\u0131l\u0131\u011f\u0131nda biz ne ald\u0131k bilmiyorum ama \u00c7al\u0131k Grubu, \u00f6zledi\u011fi petrol\u00fc ald\u0131. Yani Ceyhan&#8217;a boru hatt\u0131n\u0131 ve sonra rafineri kurmas\u0131na imkan verecek olan petrol\u00fc, T\u00fcrkiye, \u00c7al\u0131k Grubuna sa\u011flam\u0131\u015f oldu. B\u00f6yle bir i\u015f birli\u011fi ya\u015fand\u0131. \u00dclkeler, \u015firketler&#8230; \u00dclkelerin yararlar\u0131 var, \u015firketlerin yararlar\u0131 var. Uluslararas\u0131 ili\u015fkilerde \u00fclkeler ve \u015firketler nas\u0131l bir ili\u015fki i\u00e7inde olacaklard\u0131r. Uluslararas\u0131 ili\u015fkileri \u00fclkeler olarak m\u0131 g\u00f6t\u00fcrece\u011fiz, \u015firketler olarak m\u0131 g\u00f6t\u00fcrece\u011fiz?&#8221;<\/p>\n<p style=\"text-align: justify;\"><span style=\"color: #888888;\">CNN T\u00dcRK<\/span><\/p>\n","protected":false},"excerpt":{"rendered":"<p id=\"caption-attachment-13209\" class=\"wp-caption-text\">CHP lideri Deniz Baykal<\/p>\n<p style=\"text-align: justify;\">CHP lideri Deniz Baykal, partisinin grup toplant\u0131s\u0131nda h\u00fck\u00fcmetin K\u00fcrt a\u00e7\u0131l\u0131m\u0131yla ilgili de\u011ferlendirmelerde bulundu. Baykal, herkesin kendi etnik kimli\u011fini \u00f6zg\u00fcrce ya\u015famas\u0131na sayg\u0131 g\u00f6sterdiklerini ama ayr\u0131\u015ft\u0131rmaya, b\u00f6l\u00fc\u015ft\u00fcrmeye kar\u015f\u0131 olduklar\u0131n\u0131 vurgulad\u0131. Baykal, Ba\u015fbakan&#8217;a da &#8220;Bir\u015fey s\u00f6yleyeceksen gel&#8221; diye seslendi; K\u00fcrt sorunu konusunda CHP&#8217;nin \u00f6nerilerini de s\u0131ralad\u0131.<\/p>\n<p style=\"text-align: justify;\">Baykal, h\u00fck\u00fcmetin <\/p>\n","protected":false},"author":1,"featured_media":0,"comment_status":"open","ping_status":"closed","sticky":false,"template":"","format":"standard","meta":{"footnotes":""},"categories":[105],"tags":[],"class_list":["post-13208","post","type-post","status-publish","format-standard","hentry","category-gundem","odd"],"_links":{"self":[{"href":"http:\/\/www.korhanyilmaz.com\/index.php?rest_route=\/wp\/v2\/posts\/13208","targetHints":{"allow":["GET"]}}],"collection":[{"href":"http:\/\/www.korhanyilmaz.com\/index.php?rest_route=\/wp\/v2\/posts"}],"about":[{"href":"http:\/\/www.korhanyilmaz.com\/index.php?rest_route=\/wp\/v2\/types\/post"}],"author":[{"embeddable":true,"href":"http:\/\/www.korhanyilmaz.com\/index.php?rest_route=\/wp\/v2\/users\/1"}],"replies":[{"embeddable":true,"href":"http:\/\/www.korhanyilmaz.com\/index.php?rest_route=%2Fwp%2Fv2%2Fcomments&post=13208"}],"version-history":[{"count":0,"href":"http:\/\/www.korhanyilmaz.com\/index.php?rest_route=\/wp\/v2\/posts\/13208\/revisions"}],"wp:attachment":[{"href":"http:\/\/www.korhanyilmaz.com\/index.php?rest_route=%2Fwp%2Fv2%2Fmedia&parent=13208"}],"wp:term":[{"taxonomy":"category","embeddable":true,"href":"http:\/\/www.korhanyilmaz.com\/index.php?rest_route=%2Fwp%2Fv2%2Fcategories&post=13208"},{"taxonomy":"post_tag","embeddable":true,"href":"http:\/\/www.korhanyilmaz.com\/index.php?rest_route=%2Fwp%2Fv2%2Ftags&post=13208"}],"curies":[{"name":"wp","href":"https:\/\/api.w.org\/{rel}","templated":true}]}}