{"id":13203,"date":"2009-08-11T16:50:10","date_gmt":"2009-08-11T13:50:10","guid":{"rendered":"http:\/\/www.korhanyilmaz.com\/?p=13203"},"modified":"2009-08-11T16:50:10","modified_gmt":"2009-08-11T13:50:10","slug":"unlu-oyuncu-aykut-oray-olu-bulundu","status":"publish","type":"post","link":"http:\/\/www.korhanyilmaz.com\/?p=13203","title":{"rendered":"\u00dcnl\u00fc oyuncu Aykut Oray kald\u0131\u011f\u0131 Otelde \u00f6l\u00fc bulundu"},"content":{"rendered":"<p style=\"text-align: center;\">\n<div id=\"attachment_13204\" style=\"width: 244px\" class=\"wp-caption aligncenter\"><a href=\"http:\/\/www.korhanyilmaz.com\/wp-content\/uploads\/2009\/08\/aykut_oray.jpg\"  class=\"lightview\"><img loading=\"lazy\" decoding=\"async\" aria-describedby=\"caption-attachment-13204\" class=\"size-full wp-image-13204\" title=\"Sinema Oyuncusu Aykut Oray\" src=\"http:\/\/www.korhanyilmaz.com\/wp-content\/uploads\/2009\/08\/aykut_oray.jpg\" alt=\"Sinema Oyuncusu Aykut Oray\" width=\"234\" height=\"232\" \/><\/a><p id=\"caption-attachment-13204\" class=\"wp-caption-text\">Sinema Oyuncusu Aykut Oray<\/p><\/div>\n<p style=\"text-align: justify;\">Mu\u011fla&#8217;n\u0131n K\u00f6yce\u011fiz il\u00e7esinde d\u00fczenlenen 4. Kaunos Alt\u0131n Aslan T\u00fcrk Filmleri Festivali&#8217;ne kat\u0131lan sinema oyuncusu Aykut Oray, kald\u0131\u011f\u0131 otelde \u00f6l\u00fc bulundu. Oray&#8217;\u0131n cesedi otopsi yap\u0131lmas\u0131 i\u00e7in \u0130zmir&#8217;e g\u00f6nderildi.<\/p>\n<p style=\"text-align: justify;\">K\u00f6yce\u011fiz Kaymakam\u0131 \u0130brahim Halil \u00c7omaktekin, AA muhabirine yapt\u0131\u011f\u0131 a\u00e7\u0131klamada, K\u00f6yce\u011fiz&#8217;de d\u00fczenlenen 4. Kaunos Alt\u0131n Aslan T\u00fcrk Filmleri Festivali&#8217;ne kat\u0131lan tiyatro, sinema ve dizi oyuncusu Aykut Oray&#8217;\u0131n (67) kald\u0131\u011f\u0131 otelde \u00f6l\u00fc bulundu\u011funu belirterek, &#8220;Aykut Bey 4 g\u00fcnd\u00fcr K\u00f6yce\u011fiz&#8217;deydi, kald\u0131\u011f\u0131 otel odas\u0131nda \u00f6l\u00fc bulundu. Savc\u0131 ve polis otelde inceleme yap\u0131yor&#8221; dedi.<\/p>\n<p style=\"text-align: justify;\">Mu\u011fla&#8217;n\u0131n K\u00f6yce\u011fiz il\u00e7esinde kald\u0131\u011f\u0131 otelde \u00f6l\u00fc bulunan sinema oyuncusu Aykut Oray&#8217;\u0131n cesedinin otopsi amac\u0131yla \u0130zmir&#8217;e g\u00f6nderilece\u011fi bildirildi. <!--more--><\/p>\n<p style=\"text-align: justify;\">K\u00f6yce\u011fiz&#8217;de d\u00fczenlenen 4. Kaunos Alt\u0131n Aslan T\u00fcrk Filmleri Festivali&#8217;ne kat\u0131lan tiyatro, sinema ve dizi oyuncusu Aykut Oray&#8217;\u0131n (67) kald\u0131\u011f\u0131 otelde \u00f6l\u00fc bulunmas\u0131n\u0131n ard\u0131ndan ba\u015flat\u0131lan soru\u015fturma s\u00fcr\u00fcyor.<\/p>\n<p style=\"text-align: justify;\">Oray&#8217;\u0131n cesedinin savc\u0131n\u0131n yapaca\u011f\u0131 incelemenin ard\u0131ndan otopsi amac\u0131yla \u0130zmir Adli T\u0131p Kurumu&#8217;na g\u00f6nderilece\u011fi ve kesin \u00f6l\u00fcm nedeninin \u0130zmir&#8217;de yap\u0131lacak incelemeden sonra ortaya \u00e7\u0131kaca\u011f\u0131 \u00f6\u011frenildi.<\/p>\n<p style=\"text-align: justify;\">Oray&#8217;\u0131n \u00f6l\u00fcm nedeninin otopsi sonucu belli olaca\u011f\u0131 bildirildi. 4. Kaunos Alt\u0131n Aslan T\u00fcrk Filmleri Festivali&#8217;nin a\u00e7\u0131l\u0131\u015f\u0131na kat\u0131lan Aykut Oray&#8217;a, organizasyon komitesince, T\u00fcrk sinemas\u0131na katk\u0131lar\u0131 dolay\u0131s\u0131yla plaket verilmi\u015fti.<\/p>\n<p style=\"text-align: justify;\">Bizimkiler dizisiyle g\u00f6n\u00fcllerde taht kuran oyuncun kayb\u0131 sanat d\u00fcnyas\u0131nda b\u00fcy\u00fck \u00fcz\u00fcnt\u00fc yaratt\u0131.<\/p>\n<p style=\"text-align: justify;\">Aykut Oray&#8217;\u0131n \u00f6l\u00fcm\u00fcn duyulmas\u0131n\u0131n ard\u0131ndan K\u00f6yce\u011fiz Kaymakam\u0131 \u0130brahim Halil \u00c7omaktekin, K\u00f6yce\u011fiz Belediye Ba\u015fkan\u0131 Salih Erbay, 4. Kaunos Alt\u0131n Aslan T\u00fcrk Filmleri Festivali&#8217;ne kat\u0131lan sanat\u00e7\u0131lar, oyuncular ve vatanda\u015flar Oray&#8217;\u0131n ya\u015fam\u0131n\u0131 kaybetti\u011fi otelin \u00f6n\u00fcnde topland\u0131.<\/p>\n<p style=\"text-align: justify;\">Festivale &#8220;onur konu\u011fu&#8221; olarak kat\u0131lan Ekrem Bora, &#8220;T\u00fcrk sinemas\u0131 ve tiyatrosu \u00e7ok \u00f6nemli bir ismini kaybetti. Aykut, \u00e7ok iyi bir arkada\u015ft\u0131. Y\u0131llarca birlikte \u00e7al\u0131\u015ft\u0131k. K\u00f6yce\u011fiz&#8217;deki festivalde \u00e7ok g\u00fczel saatler ge\u00e7irdik. \u00dcz\u00fcnt\u00fcm\u00fcz \u00e7ok b\u00fcy\u00fck&#8221; diye konu\u015ftu.<\/p>\n<p style=\"text-align: justify;\"><strong><em>Nerede g\u00f6m\u00fclecek?<\/em><\/strong><\/p>\n<p style=\"text-align: justify;\">\u00c7ocukluk y\u0131llar\u0131n\u0131 \u0130zmir&#8217;in \u00d6demi\u015f il\u00e7esinde ge\u00e7iren ve her y\u0131l il\u00e7enin kurtulu\u015f \u015fenliklerinde yer almaya \u00e7al\u0131\u015fan sinema oyuncusu Aykut Oray&#8217;\u0131n burada topra\u011fa verilmesi istendi.<\/p>\n<p style=\"text-align: justify;\">\u00d6demi\u015f Belediye Ba\u015fkan\u0131 Bekir Keskin, AA muhabirine yapt\u0131\u011f\u0131 a\u00e7\u0131klamada, Oray&#8217;\u0131n vefat\u0131ndan b\u00fcy\u00fck \u00fcz\u00fcnt\u00fc duydu\u011funu ifade ederek, &#8220;\u00d6demi\u015f&#8217;in k\u00fclt\u00fcr el\u00e7isi, \u00f6rnek bir \u00d6demi\u015fliyi yitirdik. T\u00fcm \u00d6demi\u015flilerin ba\u015f\u0131 sa\u011f olsun&#8221; dedi.<\/p>\n<p style=\"text-align: justify;\">Oray&#8217;\u0131n her y\u0131l \u00d6demi\u015f&#8217;in kurtulu\u015f \u015fenlikleri dolay\u0131s\u0131yla 3 Eyl\u00fclde il\u00e7eye geldi\u011fini hat\u0131rlatan Keskin, \u015funlar\u0131 kaydetti: &#8220;Bu y\u0131l \u015fenliklere kendisini davet etmi\u015ftik. Her zaman oldu\u011fu gibi hem\u015fehrileri ile bir arada olmay\u0131 \u00e7ok istiyordu. Maalesef gelen ac\u0131 haberle b\u00fcy\u00fck \u015fok ya\u015fad\u0131k. Ancak b\u00f6ylesine \u00f6rnek bir \u00d6demi\u015flinin ad\u0131 mutlaka \u00d6demi\u015f&#8217;te ya\u015fat\u0131lacak. Biz de t\u00fcm \u00d6demi\u015fliler gibi Aykut Oray&#8217;\u0131n \u00d6demi\u015f&#8217;te y\u00fcreklere g\u00f6m\u00fclmesini istiyoruz. Bunun i\u00e7in \u00d6demi\u015f Belediyesi olarak ne gerekiyorsa yapmaya haz\u0131r\u0131z.&#8221;<\/p>\n<p style=\"text-align: justify;\">Eski \u00d6demi\u015f belediye ba\u015fkanlar\u0131ndan Mehmet Eri\u015f de \u00fcnl\u00fc oyuncunun mezar\u0131n\u0131n \u00d6demi\u015f&#8217;te bulunmas\u0131 gerekti\u011fini, bunun i\u00e7in ailesi ve yak\u0131nlar\u0131yla g\u00f6r\u00fc\u015ft\u00fc\u011f\u00fcn\u00fc ifade ederek, &#8220;\u00d6demi\u015fliler olarak gurur duydu\u011fumuz Aykut Oray&#8217;\u0131n \u00d6demi\u015f&#8217;te defnedilmesini istiyoruz.<\/p>\n<p style=\"text-align: justify;\">Aykut Oray, \u00d6demi\u015f&#8217;in \u00f6nemli bir de\u011feriydi. Yaz tatillerini bile buradaki k\u00fclt\u00fcrel etkinliklere g\u00f6re ayarlard\u0131. Her f\u0131rsatta burada bulunmaktan mutlu olurdu&#8221; dedi. Eski \u00d6demi\u015f Belediye Ba\u015fkan\u0131 Mahmut Badem ise Oray&#8217;\u0131n \u0130stanbul&#8217;daki \u00d6demi\u015fliler Derne\u011fi ba\u015fkanl\u0131\u011f\u0131n\u0131 ve y\u00f6netim kurulu \u00fcyeli\u011fini yapt\u0131\u011f\u0131n\u0131 belirterek, &#8220;Kendisine borcumuzu \u00f6demek isteriz. Mezar\u0131n\u0131n \u00d6demi\u015f&#8217;te olmas\u0131 bizim i\u00e7in gurur verici olur&#8221; diye konu\u015ftu.<\/p>\n<p style=\"text-align: justify;\"><strong><em>Hayat\u0131<\/em><\/strong><\/p>\n<p style=\"text-align: justify;\">3 Ekim 1942\u2019de \u0130stanbul \u00dcsk\u00fcdar\u2019da do\u011fdu.<\/p>\n<p style=\"text-align: justify;\">\u0130lkokula, Buca \u00c7aka Bey \u0130lkokulunda ba\u015flay\u0131p, \u00d6demi\u015f Zafer \u0130lkokulunda bitirdi. Ortaokula, \u00d6demi\u015f\u2019te ba\u015flay\u0131p Manisa\u2019da bitirdi. Liseyi, 1957 y\u0131l\u0131nda babas\u0131n\u0131n \u00f6l\u00fcm\u00fcnden sonra d\u00f6nd\u00fc\u011f\u00fc \u00d6demi\u015f&#8217;te tamamlad\u0131.<\/p>\n<p style=\"text-align: justify;\">\u0130stanbul \u00dcniversitesi Edebiyat Fak\u00fcltesi \u00d6n Asya Dilleri ve K\u00fclt\u00fcrleri b\u00f6l\u00fcm\u00fcnden mezun olan Aykut Oray, Y\u00fcksek Lisans\u0131m\u0131 Hititoloji \u00fczerine yapt\u0131.<\/p>\n<p style=\"text-align: justify;\">1961 y\u0131l\u0131nda tiyatroya, \u0130stanbul \u00dcniversitesi Talebe Birli\u011fi Gen\u00e7lik Tiyatrosu\u2019nda ba\u015flad\u0131. 1963\u2019te profesyonel oldu ve 50\u2019yi a\u015fk\u0131n oyunda rol ald\u0131.<\/p>\n<p style=\"text-align: justify;\">1975\u2019te askerlik sebebiyle oyunculu\u011fa ara verdi. Askerlikten sonra evlendi ve ticaretle u\u011fra\u015f\u0131p, kendi i\u015fini kurdu. 1988\u2019de \u201cPerihan Abla\u201d isimli dizide birka\u00e7 b\u00f6l\u00fcm rol alarak oyunculu\u011fa d\u00f6nd\u00fc.<\/p>\n<p style=\"text-align: justify;\">1989\u2019da BRT Kanal\u0131nda \u00f6\u011fle ku\u015fa\u011f\u0131ndaki \u201cHalk Matinesi\u201d program\u0131n\u0131n sunuculuk yapt\u0131. Oray, evli ve 2 \u00e7ocuk babas\u0131yd\u0131.<\/p>\n<p style=\"text-align: justify;\"><strong><em>Ba\u015fsa\u011fl\u0131\u011f\u0131 mesajlar\u0131<\/em><\/strong><\/p>\n<p style=\"text-align: justify;\">Ba\u015fbakan Recep Tayyip Erdo\u011fan, sinema ve tiyatro sanat\u00e7\u0131s\u0131 Aykut Oray&#8217;\u0131n vefat\u0131 nedeniyle bir mesaj yay\u0131nlad\u0131. Ba\u015fbakanl\u0131k Bas\u0131n Merkezi&#8217;nden yap\u0131lan a\u00e7\u0131klamaya g\u00f6re, Erdo\u011fan&#8217;\u0131n mesaj\u0131 \u015f\u00f6yle:<\/p>\n<p style=\"text-align: justify;\">&#8220;Sinema ve tiyatro sanat\u00e7\u0131s\u0131 Aykut Oray&#8217;\u0131n vefat\u0131ndan b\u00fcy\u00fck \u00fcz\u00fcnt\u00fc duydum. Sinema ve tiyatro sanat\u0131m\u0131za yapt\u0131\u011f\u0131 katk\u0131lar\u0131yla her zaman hat\u0131rlanacak olan merhum Aykut Oray&#8217;a Allah&#8217;tan rahmet, yak\u0131nlar\u0131na ve sanat camiam\u0131za ba\u015fsa\u011fl\u0131\u011f\u0131 dilerim.&#8221;<\/p>\n<p style=\"text-align: justify;\">CHP Genel Ba\u015fkan\u0131 Deniz Baykal, sanat\u00e7\u0131 Aykut Oray&#8217;\u0131n vefat\u0131 dolay\u0131s\u0131yla ba\u015fsa\u011fl\u0131\u011f\u0131 mesaj\u0131 yay\u0131mlad\u0131. CHP Genel Merkezinden yap\u0131lan a\u00e7\u0131klamaya g\u00f6re, Baykal, mesaj\u0131nda Oray&#8217;\u0131n vefat\u0131ndan duydu\u011fu \u00fcz\u00fcnt\u00fcy\u00fc ifade etti.<\/p>\n<p style=\"text-align: justify;\">Baykal, Mu\u011fla&#8217;n\u0131n K\u00f6yce\u011fiz il\u00e7esinde d\u00fczenlenen 4. Kaunos Alt\u0131n Aslan T\u00fcrk Filmleri Festivali&#8217;nin a\u00e7\u0131l\u0131\u015f\u0131na kat\u0131lan ve organizasyon komitesinden T\u00fcrk sinemas\u0131na katk\u0131lar\u0131 nedeniyle plaket ald\u0131ktan sonra hayat\u0131n\u0131 kaybeden Oray&#8217;\u0131n sinema ve tiyatro \u00e7al\u0131\u015fmalar\u0131n\u0131n yan\u0131 s\u0131ra &#8220;CHP \u00fcyesi olarak da demokrasi m\u00fccadelesini s\u00fcrd\u00fcr\u00fcrken ki\u015fili\u011fi ve insan sevgisiyle \u00f6rnek oldu\u011funu&#8221; ifade etti.<\/p>\n<p style=\"text-align: justify;\">Aykut Oray&#8217;\u0131n tiyatro ile 1961 y\u0131l\u0131nda \u0130stanbul \u00dcniversitesi Talebe Birli\u011fi Gen\u00e7lik Tiyatrosu&#8217;nda tan\u0131\u015ft\u0131\u011f\u0131n\u0131 belirten Baykal, mesaj\u0131nda \u015funlar\u0131 kaydetti:<\/p>\n<p style=\"text-align: justify;\">&#8220;Askerli\u011fi hari\u00e7 o g\u00fcnden bu yana ya\u015fam\u0131n\u0131 kendi i\u015fini kurarak, tiyatroyla, sinemayla, insan hak ve \u00f6zg\u00fcrl\u00fcklerini savunmakla s\u00fcrd\u00fcren Aykut Oray, CHP&#8217;ye de \u00fcye olup hem \u00f6rg\u00fctl\u00fc topluma inanc\u0131n\u0131 g\u00f6stermi\u015f hem de elini ta\u015f\u0131n alt\u0131na sokma, sorumluluk \u00fcstlenme kararl\u0131l\u0131\u011f\u0131n\u0131 g\u00f6stermi\u015ftir. CHP&#8217;li siyasi kimli\u011fine yara\u015f\u0131r, &#8216;vatanda\u015fa cart curt yok&#8221; ve &#8216;kald\u0131r \u015fu pislikleri&#8217; replikleriyle haf\u0131zalara yerle\u015fen Aykut Oray&#8217;\u0131n kayb\u0131, sinema ve tiyatro d\u00fcnyam\u0131z i\u00e7in oldu\u011fu kadar, \u00fclkemizin demokrasi ve siyaset d\u00fcnyas\u0131 i\u00e7in de b\u00fcy\u00fck bir kay\u0131pt\u0131r. Sinema ve tiyatro sanat\u00e7\u0131s\u0131, siyasette yol arkada\u015f\u0131m\u0131z Aykut Oray&#8217;a rahmet, Oray ailesine, sinema ve tiyatro d\u00fcnyas\u0131 ile CHP&#8217;lilere ba\u015fsa\u011fl\u0131\u011f\u0131 ve sab\u0131r diliyorum.&#8221;<\/p>\n<p style=\"text-align: justify;\">Demokratik Sol Parti (DSP) Genel Ba\u015fkan\u0131 Masum T\u00fcrker, Aykut Oray&#8217;\u0131n vefat\u0131yla T\u00fcrk sinemas\u0131 ve tiyatrosunun \u00e7ok \u00f6nemli bir de\u011ferini yitirdi\u011fini belirtti.<\/p>\n<p style=\"text-align: justify;\">T\u00fcrker, yapt\u0131\u011f\u0131 yaz\u0131l\u0131 a\u00e7\u0131klamada, sinema ve tiyatro oyuncusu Aykut Oray&#8217;\u0131n vefat\u0131ndan dolay\u0131 b\u00fcy\u00fck bir \u00fcz\u00fcnt\u00fc duydu\u011funu belirterek, &#8220;T\u00fcrk sinemas\u0131 ve tiyatrosu \u00e7ok \u00f6nemli bir de\u011ferini yitirdi. Siyaset d\u00fcnyas\u0131nda da yer alan Oray&#8217;\u0131 T\u00fcrkiye unutmayacak&#8221; ifadesini kulland\u0131. Masum T\u00fcrker, \u015funlar\u0131 kaydetti: &#8220;Sinema ve tiyatro alan\u0131na ba\u015far\u0131lar\u0131yla damga vuran Oray, siyasette de \u00f6nemli bir de\u011ferdi. Kendisini her zaman sayg\u0131 ve sevgiyle anaca\u011f\u0131z. T\u00fcrkiye Oray&#8217;\u0131 unutmayacak. Oray&#8217;a rahmet; ailesine, yak\u0131nlar\u0131na, sanat camias\u0131na, izleyicilerine sab\u0131r ve ba\u015fsa\u011fl\u0131\u011f\u0131 diliyoruz.&#8221;<\/p>\n<p style=\"text-align: justify;\"><span style=\"color: #888888;\">CNN T\u00dcRK<\/span><\/p>\n","protected":false},"excerpt":{"rendered":"<p style=\"text-align: center;\">\n<p id=\"caption-attachment-13204\" class=\"wp-caption-text\">Sinema Oyuncusu Aykut Oray<\/p>\n<p style=\"text-align: justify;\">Mu\u011fla&#8217;n\u0131n K\u00f6yce\u011fiz il\u00e7esinde d\u00fczenlenen 4. Kaunos Alt\u0131n Aslan T\u00fcrk Filmleri Festivali&#8217;ne kat\u0131lan sinema oyuncusu Aykut Oray, kald\u0131\u011f\u0131 otelde \u00f6l\u00fc bulundu. Oray&#8217;\u0131n cesedi otopsi yap\u0131lmas\u0131 i\u00e7in \u0130zmir&#8217;e g\u00f6nderildi.<\/p>\n<p style=\"text-align: justify;\">K\u00f6yce\u011fiz Kaymakam\u0131 \u0130brahim Halil \u00c7omaktekin, AA muhabirine yapt\u0131\u011f\u0131 a\u00e7\u0131klamada, K\u00f6yce\u011fiz&#8217;de d\u00fczenlenen 4. Kaunos Alt\u0131n Aslan <\/p>\n","protected":false},"author":1,"featured_media":0,"comment_status":"open","ping_status":"closed","sticky":false,"template":"","format":"standard","meta":{"footnotes":""},"categories":[7],"tags":[],"class_list":["post-13203","post","type-post","status-publish","format-standard","hentry","category-ekonomi","odd"],"_links":{"self":[{"href":"http:\/\/www.korhanyilmaz.com\/index.php?rest_route=\/wp\/v2\/posts\/13203","targetHints":{"allow":["GET"]}}],"collection":[{"href":"http:\/\/www.korhanyilmaz.com\/index.php?rest_route=\/wp\/v2\/posts"}],"about":[{"href":"http:\/\/www.korhanyilmaz.com\/index.php?rest_route=\/wp\/v2\/types\/post"}],"author":[{"embeddable":true,"href":"http:\/\/www.korhanyilmaz.com\/index.php?rest_route=\/wp\/v2\/users\/1"}],"replies":[{"embeddable":true,"href":"http:\/\/www.korhanyilmaz.com\/index.php?rest_route=%2Fwp%2Fv2%2Fcomments&post=13203"}],"version-history":[{"count":0,"href":"http:\/\/www.korhanyilmaz.com\/index.php?rest_route=\/wp\/v2\/posts\/13203\/revisions"}],"wp:attachment":[{"href":"http:\/\/www.korhanyilmaz.com\/index.php?rest_route=%2Fwp%2Fv2%2Fmedia&parent=13203"}],"wp:term":[{"taxonomy":"category","embeddable":true,"href":"http:\/\/www.korhanyilmaz.com\/index.php?rest_route=%2Fwp%2Fv2%2Fcategories&post=13203"},{"taxonomy":"post_tag","embeddable":true,"href":"http:\/\/www.korhanyilmaz.com\/index.php?rest_route=%2Fwp%2Fv2%2Ftags&post=13203"}],"curies":[{"name":"wp","href":"https:\/\/api.w.org\/{rel}","templated":true}]}}