{"id":13197,"date":"2009-08-11T16:16:50","date_gmt":"2009-08-11T14:16:50","guid":{"rendered":"http:\/\/www.korhanyilmaz.com\/?p=13197"},"modified":"2009-08-11T16:16:50","modified_gmt":"2009-08-11T14:16:50","slug":"erdogandan-bahceliye-vatan-sevgimizi-olcemez","status":"publish","type":"post","link":"http:\/\/www.korhanyilmaz.com\/?p=13197","title":{"rendered":"Erdo\u011fan&#039;dan Bah\u00e7eli&#039;ye: &#039;Vatan sevgimizi \u00f6l\u00e7emez&#039;"},"content":{"rendered":"<div id=\"attachment_13198\" style=\"width: 317px\" class=\"wp-caption aligncenter\"><a title=\"T.C Ba\u015fbakan\u0131 Recep Tayyip Erdo\u011fan\" href=\"http:\/\/www.korhanyilmaz.com\/wp-content\/uploads\/2009\/08\/BASBAKAN.jpg\"  class=\"lightview\"><img loading=\"lazy\" decoding=\"async\" aria-describedby=\"caption-attachment-13198\" class=\"size-full wp-image-13198\" title=\"T.C Ba\u015fbakan\u0131 Recep Tayyip Erdo\u011fan\" src=\"http:\/\/www.korhanyilmaz.com\/wp-content\/uploads\/2009\/08\/BASBAKAN.jpg\" alt=\"\" width=\"307\" height=\"236\" \/><\/a><p id=\"caption-attachment-13198\" class=\"wp-caption-text\">T.C Ba\u015fbakan\u0131 Recep Tayyip Erdo\u011fan<\/p><\/div>\n<p style=\"text-align: justify;\">Ba\u015fbakan Recep Tayyip Erdo\u011fan, &#8220;demokratik a\u00e7\u0131l\u0131m&#8221; giri\u015fimleri konusunda kendisini ele\u015ftiren MHP lideri Devlet bah\u00e7eli&#8217;ye sert \u00e7\u0131kt\u0131. Erdo\u011fan, &#8220;Bah\u00e7eli vatan sevgimizi \u00f6l\u00e7ebilecek ne kalitede ne kariyerdedir&#8221; dedi.<\/p>\n<p style=\"text-align: justify;\">Partisinin grup toplant\u0131s\u0131nda konu\u015fan Erdo\u011fan, &#8220;demokratik a\u00e7\u0131l\u0131m&#8221; giri\u015fimleri konusunda, &#8220;Sorunu bu hale getiren anlay\u0131\u015flardan medet beklemiyoruz ama diyoruz ki g\u00f6lge etmeyin, engel olmay\u0131n. Bu karde\u015flik projesine, bu bar\u0131\u015f ve b\u00fct\u00fcnle\u015fme projesine, bu milli birlik ve b\u00fct\u00fcnl\u00fck projesine kap\u0131lar\u0131n\u0131z\u0131 kapatmay\u0131n. Gelin bu \u00e7al\u0131\u015fmay\u0131 hep birlikte ger\u00e7ekle\u015ftirelim&#8221; dedi. <!--more--><\/p>\n<p style=\"text-align: justify;\">&#8220;Kimse bu \u00fclkede, &#8216;Biz K\u00fcrt vatanda\u015flar\u0131n temsilcisiyiz&#8217; havas\u0131na girmesin&#8221; diyen Erdo\u011fan, &#8220;Burada siyasi polemi\u011fe girmek istemiyorum. Bizi son derece a\u011f\u0131r ve insafs\u0131z \u015fekilde ele\u015ftiren, ha\u015fa bizi adeta vatan haini olarak ilan eden Say\u0131n Bah\u00e7eli&#8217;ye cevap verecek de\u011filim. \u0130nan\u0131yorum ki MHP&#8217;nin kendi i\u00e7indeki mensuplar\u0131 bile onun bu yakla\u015f\u0131m\u0131ndan rahats\u0131zd\u0131r. Ben buna inan\u0131yorum. Say\u0131n Bah\u00e7eli, yakla\u015fan g\u00fcz kongresinin haz\u0131rl\u0131\u011f\u0131 i\u00e7erisinde, bu hezeyanlara girmesi yanl\u0131\u015ft\u0131r. Bizim vatan sevgimizi bir defa \u00f6l\u00e7ebilecek ne kalitededir ne kariyerdedir. Bunu b\u00f6yle bilin&#8221; dedi.<\/p>\n<p style=\"text-align: justify;\">Erdo\u011fan, &#8220;CHP&#8217;nin de Say\u0131n liderine burada cevap verecek de\u011filiz&#8221; dedi; &#8220;Onlarla bu \u015fekilde bir tart\u0131\u015fman\u0131n i\u00e7erisine girecek de\u011filim. Ancak, 2 lidere de tav\u0131r belirleme noktas\u0131nda son derece aceleci davrand\u0131klar\u0131n\u0131, bu \u015fekilde \u00e7\u00f6z\u00fcmden de\u011fil, \u00e7\u00f6z\u00fcms\u00fczl\u00fckten yana bir tav\u0131r i\u00e7ine do\u011fru s\u00fcr\u00fcklendiklerini hat\u0131rlatmak isterim. Bunu bilmeleri laz\u0131m. Bir ba\u015fka deyi\u015fle, hen\u00fcz dere g\u00f6r\u00fclmeden muhalefet set \u00e7ekmek i\u00e7in kazmay\u0131 k\u00fcre\u011fi eline alm\u0131\u015ft\u0131r. Durumlar\u0131 budur. Eylem plan\u0131, yol haritas\u0131 noktas\u0131nda, bizim \u00e7al\u0131\u015fmalar\u0131m\u0131z devam ediyor. Hen\u00fcz nihai bir a\u015famaya gelmedik. Ne koordinat\u00f6r\u00fcm ne \u015fahs\u0131m, b\u00f6yle bir a\u00e7\u0131klamay\u0131 yapm\u0131\u015f de\u011filiz&#8221; diye konu\u015ftu.<\/p>\n<p style=\"text-align: justify;\"><strong><em>&#8220;Aman yarabbi, o ne edeptir&#8221;<\/em><\/strong><\/p>\n<p style=\"text-align: justify;\">Ba\u015fbakan Erdo\u011fan, buna ra\u011fmen muhalefet partilerinin an\u0131nda a\u00e7\u0131klama yapt\u0131klar\u0131n\u0131 belirterek, &#8220;Aman Yarabbi, o ne edeptir? Nas\u0131l edepli konu\u015fmalar yap\u0131yorlar? \u0130lgilileri, yetkilileri nas\u0131l konu\u015fmalar yap\u0131yor? Sokakta lanettay\u0131n dola\u015fan ki\u015filer bu dili kullanmaz. Bu parlamentonun \u00e7at\u0131s\u0131 alt\u0131nda bu dili konu\u015fan bir milletvekili nas\u0131l olur? Bu nas\u0131l bir ahlak anlay\u0131\u015f\u0131d\u0131r? Benim arkada\u015flar\u0131ma bu \u015fekilde bir hakarette bulunmak kimsenin haddi de\u011fildir. Bunun hesab\u0131n\u0131 MHP&#8217;nin taban\u0131, onlardan soracakt\u0131r. Ben yine inan\u0131yorum ki CHP&#8217;nin taban\u0131 bunlar\u0131n hesab\u0131n\u0131 onlardan soracakt\u0131r. \u00c7\u00fcnk\u00fc biz ortak bir dil olu\u015fturmaya \u00e7al\u0131\u015f\u0131yoruz. Ortak ak\u0131lla \u00e7\u00f6z\u00fcm ar\u0131yoruz. Ama ne yaz\u0131k ki onlar &#8216;Biz ne ortak dilde var\u0131z ne ortak ak\u0131lda var\u0131z&#8217; diyor. \u00d6nemli olan, \u00f6nemli bir hissiyat\u0131n, ortak ideallerin, ortak \u00e7\u00f6z\u00fcm iradesinin yakalanm\u0131\u015f olmas\u0131d\u0131r&#8221; dedi.<\/p>\n<p style=\"text-align: justify;\">Erdo\u011fan, &#8220;T\u00fcrkiye&#8217;nin her k\u00f6\u015fesinde bu meselenin \u00e7\u00f6z\u00fcm\u00fc i\u00e7in samimi \u015fekilde yeni bir s\u00fcrecin ba\u015flat\u0131ld\u0131\u011f\u0131na dair umutlar olu\u015fmu\u015f durumdad\u0131r. Elbette istismar mekanizmalar\u0131 \u00e7al\u0131\u015facakt\u0131r, elbette \u00e7\u00f6z\u00fcms\u00fczl\u00fckten beslenenler, s\u00fcreci \u00e7arp\u0131tmak i\u00e7in ellerinden geleni yapacaklard\u0131r. Elbette ba\u011f\u0131ms\u0131zl\u0131k gibi, milli birlik ve b\u00fct\u00fcnl\u00fck gibi sadakat gibi kavramlar\u0131 dillerine dolayanlar, bu hepimizce kutsal say\u0131lan kavramlar\u0131, siyasi h\u0131rslar\u0131na alet edenler \u00e7\u0131kacakt\u0131r. Ancak \u015funu b\u00fct\u00fcn samimiyetim, kalbimle, b\u00fct\u00fcn y\u00fcre\u011fimle ifade ediyorum: S\u00fcrecin siyasi riski, siyasi getirisi ve g\u00f6t\u00fcr\u00fcs\u00fc her ne olursa olsun, bizim bu meseleyi T\u00fcrkiye&#8217;nin \u00e7\u0131kar\u0131na, 71.5 milyon vatanda\u015f\u0131m\u0131z\u0131n \u00e7\u0131kar\u0131na, gelece\u011fimiz ad\u0131na \u00e7\u00f6zmekten ba\u015fka bir gayemiz yoktur ve olamaz. Bunu b\u00f6yle bilin&#8221; ifadesini kulland\u0131.<\/p>\n<p style=\"text-align: justify;\">&#8220;AK Parti bunu ba\u015faracakt\u0131r. Bu kadro bunu ba\u015faracakt\u0131r&#8221; diyen Erdo\u011fan, &#8220;Bizim niyetimiz son derece samimidir. Gencecik fidanlar\u0131m\u0131z\u0131n, ana kuzular\u0131n\u0131n sarar\u0131p solmas\u0131na, art\u0131k tahamm\u00fcl\u00fcm\u00fcz yok. A\u011f\u0131tlara tahamm\u00fcl\u00fcm\u00fcz yok. Annelerin g\u00f6zya\u015flar\u0131na, evlat ac\u0131s\u0131na, feryad\u0131 figana daha fazla tahamm\u00fcl\u00fcm\u00fcz yok. T\u00fcrkiye&#8217;nin kaybetmesine, daha b\u00fcy\u00fck risk ve tehditlerle kar\u015f\u0131la\u015fmas\u0131na, tahamm\u00fcl\u00fcm\u00fcz yok. \u00dclkenin bir b\u00f6l\u00fcm\u00fc \u00fczerine \u00e7\u00f6km\u00fc\u015f karabulutlara tahamm\u00fcl\u00fcm\u00fcz yok. Umutsuzlu\u011fa tahamm\u00fcl\u00fcm\u00fcz yok&#8221; dedi.<\/p>\n<p style=\"text-align: justify;\"><strong><em>&#8220;Gen\u00e7ler ter\u00f6re kurban gitmeseydi&#8230;&#8221;<\/em><\/strong><\/p>\n<p style=\"text-align: justify;\">Erdo\u011fan, &#8220;T\u00fcrkiye gen\u00e7lerini ter\u00f6re kurban etmeseydi bug\u00fcn nerede olurdu? T\u00fcrkiye gen\u00e7 fidan gibi delikanl\u0131lar\u0131n\u0131 ter\u00f6re kurban etmeseydi, son 25 y\u0131l\u0131n\u0131 ter\u00f6rle, \u00e7at\u0131\u015fmayla, faili me\u00e7hullerle, bo\u015falt\u0131lan k\u00f6ylerle heba etmeseydi bug\u00fcn nerede olurdu? Demokrasinin \u00fczerindeki vesayet tart\u0131\u015fmalar\u0131 AK Parti ile de\u011fil daha \u00f6nce sona erseydi T\u00fcrkiye bug\u00fcn nerede olabilirdi?&#8221; diye konu\u015ftu.<\/p>\n<p style=\"text-align: justify;\">&#8220;Nerede yanl\u0131\u015f yap\u0131ld\u0131? Nerede yanl\u0131\u015f tav\u0131rlar sergilendi? Binlerce y\u0131ll\u0131k karde\u015fle\u015fmi\u011fimizin bozulaca\u011f\u0131na kim nas\u0131l inand\u0131 da aram\u0131za nifak tohumlar\u0131 serpti. Bu i\u015f bu kadar kolay m\u0131d\u0131r?&#8221; diye soran Ba\u015fbakan, &#8220;Birbirinden k\u0131z al\u0131p veren 2 milleti birbirinne d\u00fc\u015fman eylemek m\u00fcmk\u00fcn m\u00fcd\u00fcr? Bizi birbirimize d\u00fc\u015f\u00fcrmek kimin haddine?&#8221; \u015feklinde konu\u015ftu.<\/p>\n<p style=\"text-align: justify;\">Erdo\u011fan, &#8220;Binlerce y\u0131ld\u0131r bir arada ya\u015fayan, karde\u015f akraba olan, et t\u0131rnak olan K\u00fcrd\u00fcyle T\u00fcrk\u00fcyle Bo\u015fnak Laz \u00e7erkeziyle birbirine d\u00fc\u015fman eyleme m\u00fcmk\u00fcn m\u00fcd\u00fcr?&#8221; diye konu\u015ftu.<\/p>\n<p style=\"text-align: justify;\"><strong><em>&#8220;Bizi birbirimize d\u00fc\u015fman eylemek kimin haddine?&#8221;<\/em><\/strong><\/p>\n<p style=\"text-align: justify;\">Erdo\u011fan, &#8220;Art\u0131k d\u00fcn\u00fcn kelimeleri, kavram ve s\u0131fatlar\u0131yla T\u00fcrkiye&#8217;yi tan\u0131mlamak, eksik ve yetersiz kalacakt\u0131r. D\u00fcne ait meselelerle tart\u0131\u015fmalarla, sonu gelmeyen polemiklerle, \u00fclkeye en ufak fayda sa\u011flamayan gerilimlerle bug\u00fcne uyum sa\u011flayamay\u0131z. Bu gayretin i\u00e7inde olanlar hem kendilerine hem de \u00fclkeye zarar veriyor&#8221; diye konu\u015ftu.<\/p>\n<p style=\"text-align: justify;\">Erdo\u011fan, &#8220;T\u00fcrkiye&#8217;nin zenginli\u011fi olarak g\u00f6rd\u00fc\u011f\u00fcm\u00fcz t\u00fcm farkl\u0131l\u0131klar\u0131n\u0131 birbirinden ay\u0131rmak, birbirine rakip ve d\u00fc\u015fman g\u00f6stermek kimin haddinedir? Selahattin Eyyubi&#8217;nin sanca\u011f\u0131 alt\u0131nda Kud\u00fcs&#8217;\u00fc fethederek, oray\u0131 bir bar\u0131\u015f ve huzur \u015fehrine \u00e7eviren ordunun neferleri biz de\u011fil miydik? \u00c7ald\u0131ran&#8217;da Yavuz Sultan Selim&#8217;in ordusunda birbirine karde\u015f olan biz de\u011fil miydik? Yemen&#8217;de, \u00c7anakkale&#8217;de, Sar\u0131kam\u0131\u015f&#8217;ta, Kut\u00fclamare&#8217;de vatan topraklar\u0131n\u0131 birlikte savunan, birlikte \u015fehit ve gazi olan biz de\u011fil miydik? Kurtulu\u015f Sava\u015f\u0131&#8217;n\u0131n kahraman evlatlar\u0131 hep birlikte biz de\u011fil miydik, Cumhuriyeti kuran ve ortak de\u011ferler etraf\u0131nda y\u00fccelten bizler de\u011fil miydik? \u0130stiklal Mar\u015f\u0131&#8217;n\u0131 dinlerken hepimiz y\u00fcre\u011fi kabarm\u0131yor mu? Yemen T\u00fcrk\u00fcs\u00fc&#8217;n\u00fc dinlerken hepimizin g\u00f6zleri ya\u015far m\u0131yor mu?&#8221; dedi.<\/p>\n<p style=\"text-align: justify;\">Ba\u015fbakan, &#8220;Fuzuli&#8217;nin \u015fiirleri nas\u0131l ruhumuza hitap ediyorsa, Ahmedi Hani&#8217;nin dizeleri de ayn\u0131 \u015fekilde bizi duyguland\u0131rm\u0131yor mu? Ne\u015fat Erta\u015f, &#8216;G\u00f6n\u00fcl Da\u011f\u0131&#8217; dedi\u011fi zaman her birimizin t\u00fcyleri \u00fcrperiyor. Ayn\u0131 zaman \u015eivan Perver, &#8216;Halep\u00e7e&#8217;, &#8216;Hazal&#8217; dedi\u011finde g\u00f6n\u00fcl d\u00fcnyam\u0131z\u0131n derinliklerine dal\u0131yoruz. Yunus Emre, Mevlana, Hac\u0131 Bekta\u015f\u0131 Veli, Karacao\u011flan, Pir Sultan Abdal bu topraklar\u0131n mayas\u0131n\u0131 yo\u011fururken Cudi&#8217;nin, Munzur&#8217;un eteklerinde dola\u015fan dengbejler de ayn\u0131 topraklara, ayn\u0131 karde\u015flik mayas\u0131n\u0131 at\u0131yor. Horon bizim horonumuz, zeybek bizim zeybe\u011fimiz, halay bizim halay\u0131m\u0131z, z\u0131lg\u0131t bizim z\u0131lg\u0131t\u0131m\u0131z, bizi birbirinden ay\u0131rmak kimin haddine? Bizim karde\u015fli\u011fimize kastetmek kimin haddine? Bizi birbirimize d\u00fc\u015f\u00fcrmek, d\u00fc\u015fman eylemek kimin haddine? T\u00fcrkiye Cumhuriyeti&#8217;nin t\u00fcm vatanda\u015flar\u0131n\u0131 birbirine ayr\u0131 gayr\u0131 g\u00f6rmek, kimin haddine? Bu \u00fclkede, T\u00fcrkiye Cumhuriyeti vatanda\u015fl\u0131\u011f\u0131 \u00fcst kimli\u011fi alt\u0131nda yer alan her etnik k\u00f6kendeki insan, T\u00fcrk&#8217;\u00fcyle, Laz&#8217;\u0131yla, K\u00fcrt&#8217;\u00fcyle, \u00c7erkez&#8217;iyle, G\u00fcrc\u00fc&#8217;s\u00fc ile bizim karde\u015fimizdir. Buna kimse g\u00f6lge d\u00fc\u015f\u00fcremez&#8221; diye konu\u015ftu.<\/p>\n<p style=\"text-align: justify;\">Erdo\u011fan, son 25 y\u0131lda T\u00fcrkiye&#8217;nin do\u011fusunda, bat\u0131s\u0131nda, kuzeyinde, g\u00fcneyinde nice annelerin, \u00e7alan her telefonda y\u00fcreklerinin a\u011fz\u0131na geldi\u011fini ifade ederek, &#8220;Elleri telefona uzan\u0131rken, hasret gidermekle \u015fahadet haberini almak aras\u0131ndaki derin u\u00e7urumda kalm\u0131\u015ft\u0131r. Bunu gittim bir evde ya\u015fad\u0131m. &#8216;O\u011flum d\u00fcn beri arad\u0131. Anne ben \u015fu anda bir yola \u00e7\u0131kt\u0131k, gidiyoruz. Dua et, ama \u015fahadeti de \u00f6zl\u00fcyorum 24 saat sonra o\u011flumun haberini ald\u0131m&#8230;&#8217; Tabii, g\u00f6\u011fs\u00fcndeki cebinden \u00e7\u0131km\u0131\u015f olan emanetleri, bana g\u00f6sterdiklerinde de benim de d\u00fcnyam sars\u0131ld\u0131. Hangi annenin y\u00fcre\u011fi dayan\u0131r buna? Hangi annenin kalbi bu a\u00e7\u0131y\u0131 ta\u015f\u0131r&#8221; dedi.<\/p>\n<p style=\"text-align: justify;\"><strong><em>&#8220;Diyarbak\u0131r&#8217;daki bulu\u015fmadan rahats\u0131z oluyorlar..&#8221;<\/em><\/strong><\/p>\n<p style=\"text-align: justify;\">&#8220;Annenin ideolojisi yoktur, annenin siyaseti yoktur, sa\u011fc\u0131l\u0131\u011f\u0131, solculu\u011fu yoktur&#8221; diyen Erdo\u011fan, &#8220;O\u011flu her ne sebeple hayat\u0131n\u0131 kaybetmi\u015f olursa olsun, Yozgat&#8217;taki anne ile Hakkari&#8217;deki anne, o\u011fullar\u0131n\u0131n ba\u015f\u0131nda ayn\u0131 duay\u0131 ediyorsa, evlad\u0131 i\u00e7in Yasin ve Fatiha okuyorsa, cemaat ayn\u0131 k\u0131bleye d\u00f6n\u00fcyorsa, burada \u00e7ok ciddi bir yanl\u0131\u015f oldu\u011fu ortadad\u0131r. \u015eehit anneleri, buyurun, Diyarbak\u0131r&#8217;da bir araya gelip kucakla\u015fabiliyor da ama birilerine bak\u0131yorsunuz ki onlar bu bulu\u015fmadan rahats\u0131z oluyorlar. \u00c7ok enteresan bu&#8221; dedi.<\/p>\n<p style=\"text-align: justify;\">Ba\u015fbakan Erdo\u011fan, \u0130\u00e7i\u015fleri Bakan\u0131 Atalay&#8217;\u0131n koordinasyonunda bir &#8220;s\u00fcrecin&#8221; devam etti\u011fini vurgulayarak, &#8220;Bir paketten bahsetmiyoruz. Bir s\u00fcre\u00e7&#8230; Bu s\u00fcreci devam ettirirken de parlamento i\u00e7i, parlamento d\u0131\u015f\u0131 siyasi parti liderleriyle de g\u00f6r\u00fc\u015fmeler yapal\u0131m. Akademisyenlerle, bu \u00fclkenin \u00e7e\u015fitli ayd\u0131nlar\u0131yla, \u00e7e\u015fitli medya mensuplar\u0131yla, sivil toplum \u00f6rg\u00fctleriyle, yani bu konuda s\u00f6yleyecek s\u00f6z\u00fc olan her kesimle g\u00f6r\u00fc\u015fmeler yap\u0131ls\u0131n diyoruz&#8221; diye konu\u015ftu.<\/p>\n<p style=\"text-align: justify;\">&#8220;Bu g\u00f6r\u00fc\u015fmeleri, \u0130\u00e7i\u015fleri Bakan\u0131m\u0131z\u0131n koordinesinde y\u00fcr\u00fct\u00fcyoruz. Ama bak\u0131yorsunuz d\u00fcn, Anamuhaletef ile di\u011fer muhalefet partisi, her ikisine mektup gidiyor ve an\u0131nda ret cevab\u0131 geliyor. Hani bunlar uzla\u015fmadan yanayd\u0131, hani bunlar bu \u00fclkeden, mutabakattan yanayd\u0131lar?&#8221; diyen Erdo\u011fan, &#8220;Bu meselede mutabakat\u0131n olmayacak da bu meselede \u00e7\u00f6z\u00fcm aramak olmayacak da nerede \u00e7\u00f6z\u00fcm arayacaks\u0131n\u0131z, s\u00f6yler misiniz? Benim Bakan\u0131m gelip de size bir \u015feyi dayatmayacak, sizinle bir \u015feyi payla\u015facak. S\u00f6yleyecek neyiniz var? Bize bunu s\u00f6yleyin. Biz, bunlar\u0131 da bu \u00e7al\u0131\u015fman\u0131n i\u00e7erisine koyal\u0131m. \u0130n\u015fallah sonu\u00e7 bildirgesine, raporumuza bunu koyal\u0131m. Bu s\u00fcrede in\u015fallah bunlar\u0131 bir milat yapal\u0131m istiyoruz. Bu meselenin kal\u0131c\u0131 olarak \u00e7\u00f6z\u00fcm\u00fc, huzur ve emniyet zemininin, karde\u015flik ikliminin yeniden tesis edilmesi i\u00e7in biz bu \u00e7al\u0131\u015fmay\u0131 s\u00fcrd\u00fcr\u00fcyoruz, s\u00fcrd\u00fcrece\u011fiz&#8221; ifadelerini kulland\u0131.<\/p>\n<p style=\"text-align: justify;\">Erdo\u011fan, bug\u00fcn gelinen noktan\u0131n, ter\u00f6rle m\u00fccadeledeki zafiyetin de\u011fil, ter\u00f6rle m\u00fccadelede g\u00f6sterilen ba\u015far\u0131l\u0131 m\u00fccadelenin performans\u0131n sonucu oldu\u011funu vurgulayarak, &#8220;Biz legal yap\u0131lanmalar\u0131 muhatap kabul ettik. Hi\u00e7bir zaman illegal yap\u0131lanmalar\u0131, AK Parti olarak, AK Parti iktidar\u0131 olarak kabul etmemiz m\u00fcmk\u00fcn de\u011fildir. Bunu da b\u00f6yle bilmeniz laz\u0131m&#8221; dedi.<\/p>\n<p style=\"text-align: justify;\">&#8220;Hi\u00e7 kimse bu konuda bir yak\u0131\u015ft\u0131rma yapamaz. Hi\u00e7bir zaman farkl\u0131 bir davran\u0131\u015f sergilenmedi. Hi\u00e7bir zaman \u00e7eli\u015fkili a\u00e7\u0131klamalar, samimiyetten uzak yakla\u015f\u0131mlar g\u00f6stermedik&#8221; diyen Erdo\u011fan, &#8220;K\u00fcrt vatanda\u015flar\u0131m\u0131z\u0131n sorununu \u00fcreten siyasi zihniyetin, sorunu bu hale getiren politik yakla\u015f\u0131m\u0131 bizim sahiplenmemiz, payla\u015fmam\u0131z, s\u00fcrd\u00fcrmemiz m\u00fcmk\u00fcn de\u011fildir. Bizim d\u00fcnya g\u00f6r\u00fc\u015f\u00fcm\u00fcz, siyaset felsefemiz, b\u00f6yle bir sorunu \u00fcretmeyi de b\u00f6yle bir sorunu \u00e7\u00f6z\u00fcms\u00fczl\u00fc\u011fe mahkum etmeyi de b\u00f6yle bir soruna g\u00f6z\u00fcm\u00fcz\u00fc yummay\u0131 da normal g\u00f6remez. Sorunun devam etmesine, \u00e7\u00f6z\u00fcm\u00fcn akamete u\u011framas\u0131na \u00e7anak tutan anlay\u0131\u015flar, ya\u015fanan ac\u0131lar\u0131n vebaline de ortak olur. Sorunu bu hale getiren anlay\u0131\u015flardan medet beklemiyoruz&#8221; \u015feklinde konu\u015ftu.<\/p>\n<p style=\"text-align: justify;\"><em><strong>&#8220;Anl\u0131k \u00e7al\u0131\u015fma yapm\u0131yoruz&#8221;<\/strong><\/em><\/p>\n<p style=\"text-align: justify;\">Anl\u0131k \u00e7al\u0131\u015fma yapmad\u0131klar\u0131n\u0131 ve yapmayacaklar\u0131n\u0131 ifade eden Erdo\u011fan, &#8220;Diyarbak\u0131r&#8217;da getirdi\u011fimiz d\u00fc\u015f\u00fcncelerle, bug\u00fcn ortaya koydu\u011fumuz irade aras\u0131nda da fark yoktur&#8221; dedi.<\/p>\n<p style=\"text-align: justify;\">Erdo\u011fan, ana dilin \u00f6\u011frenimi ve \u00f6\u011fretimi, ana dilde yay\u0131n konusunda yap\u0131lan at\u0131l\u0131mlara de\u011finerek, son 1-2 ay i\u00e7erisinde ana dilini \u00f6\u011frenme noktas\u0131nda a\u00e7\u0131lan kurslar\u0131n, TRT \u015ee\u015f&#8217;in ve \u00fcniversitelerde K\u00fcrt\u00e7e&#8217;nin \u00f6\u011frenilmesine y\u00f6nelik ad\u0131mlar\u0131n hi\u00e7 konu\u015fulmad\u0131\u011f\u0131n\u0131 s\u00f6yledi.<\/p>\n<p style=\"text-align: justify;\"><strong><em>&#8220;Ad\u0131mlar k\u00fclt\u00fcrel bazda&#8221;<\/em><\/strong><\/p>\n<p style=\"text-align: justify;\">Bu ad\u0131mlar\u0131n k\u00fclt\u00fcrel bazda oldu\u011funu ifade eden Erdo\u011fan, &#8220;Vermediler ald\u0131k gibi bir mant\u0131k s\u00fcreci i\u015fleniyor. E\u011fer bu t\u00fcr yakla\u015f\u0131mlarla gelirseniz kusura bakmay\u0131n yaya kal\u0131rs\u0131n\u0131z. Biz, iktidar\u0131n bize y\u00fckledi\u011fi sorumlulu\u011fun bilinciyle bu ad\u0131mlar\u0131 att\u0131k. 14 A\u011fustos 2001&#8217;de yola \u00e7\u0131karken, onu s\u00f6yledik. &#8216;Bat\u0131 neyse, do\u011fuda o olacak&#8217; dedik, &#8216;G\u00fcney neyse, kuzeyde o olacak&#8217; dedik. Antalya&#8217;daki konu\u015fmam\u0131zda s\u00f6yledik, &#8216;Bizim 3 tane k\u0131rm\u0131z\u0131 \u00e7izgimiz var&#8217; dedik. &#8216;Biz etnik milliyet\u00e7ilik yapmayaca\u011f\u0131z, dinsel milliyet\u00e7ilik yapmayaca\u011f\u0131z, b\u00f6lgesel milliyet\u00e7ilik yapmayaca\u011f\u0131z&#8217; dedik, yola b\u00f6yle \u00e7\u0131kt\u0131k. Bunda asla taviz vermedik, bundan sonra da vermeyece\u011fiz&#8221; dedi.<\/p>\n<p style=\"text-align: justify;\"><strong><em>Toptan&#8217;a te\u015fekk\u00fcr<\/em><\/strong><\/p>\n<p style=\"text-align: justify;\">Erdo\u011fan, ge\u00e7en hafta Meclis Ba\u015fkan\u0131 se\u00e7imi ger\u00e7ekle\u015ftirildi\u011fini hat\u0131rlatarak, Ba\u015fkan se\u00e7ilen Mehmet Ali \u015eahin&#8217;e ba\u015far\u0131lar diledi, daha \u00f6nce bu g\u00f6revi y\u00fcr\u00fcten K\u00f6ksal Toptan&#8217;a ise te\u015fekk\u00fcr etti.<\/p>\n<p style=\"text-align: justify;\">TBMM Ba\u015fkanl\u0131k Divan\u0131 \u00fcyelikleri ile grup ba\u015fkanvekilliklerine se\u00e7ilen milletvekillerini de kutlayarak ba\u015far\u0131lar dileyen Erdo\u011fan, &#8220;\u00d6n\u00fcm\u00fczdeki s\u00fcre\u00e7te TBMM g\u00fcndeminde, milletimizi yak\u0131ndan ilgilendiren tasar\u0131 ve teklifler g\u00f6r\u00fc\u015f\u00fclecek. Tempomuzu hi\u00e7 d\u00fc\u015f\u00fcrmeden, b\u00fct\u00fcn engelleme ve yava\u015flatma giri\u015fimlerine g\u00f6\u011f\u00fcs gererek \u00e7al\u0131\u015fmalar\u0131m\u0131z\u0131 kararl\u0131l\u0131kla s\u00fcrd\u00fcrecek ve yasama faaliyetlerine devam edece\u011fiz. Millet ad\u0131na ve milletin emanetini omuzlayarak tek bir an\u0131m\u0131z\u0131 bile heba etme hakk\u0131na sahip de\u011filiz&#8221; diye konu\u015ftu.<\/p>\n<p style=\"text-align: justify;\">Ekonomik kriz ortam\u0131nda 3G teknolojisiyle Hazinenin 2,1 milyar liral\u0131k kaynak elde etti\u011fini ifade eden Erdo\u011fan, T\u00fcrkiye&#8217;nin yeni yat\u0131r\u0131mlar kazand\u0131\u011f\u0131n\u0131 ve yeni istihdam alanlar\u0131 a\u00e7\u0131ld\u0131\u011f\u0131n\u0131 kaydetti. Erdo\u011fan, &#8220;AK Parti olarak bu b\u00fcy\u00fck de\u011fi\u015fimi ve d\u00f6n\u00fc\u015f\u00fcm\u00fc T\u00fcrkiye&#8217;ye kazand\u0131rd\u0131k. \u015eimdi hedefimiz 4. nesil&#8230; Yani 4G&#8230; Bunu da in\u015fallah T\u00fcrkiye ile biz tan\u0131\u015ft\u0131raca\u011f\u0131z&#8221; dedi.<\/p>\n<p style=\"text-align: justify;\"><strong><em>AK Parti&#8217;nin 8. ya\u015f\u0131n\u0131 kutlad\u0131<\/em><\/strong><\/p>\n<p style=\"text-align: justify;\">Erdo\u011fan, demokrasi tarihini yazanlar\u0131n, AK Parti&#8217;nin, demokrasiyi muhafaza etmek ve y\u00fcceltmek noktas\u0131nda verdi\u011fi kararl\u0131 m\u00fccadeleyi, alt\u0131n\u0131 kal\u0131n \u00e7izgilerle \u00e7izerek tespit edeceklerini belirterek, &#8220;\u0130nan\u0131yorum ki AK Parti&#8217;nin 8 y\u0131ld\u0131r tek ba\u015f\u0131na verdi\u011fi demokrasi m\u00fccadelesi sayesinde art\u0131k, yak\u0131n ve uzak gelecekte hi\u00e7 kimse demokrasiye g\u00f6lge d\u00fc\u015f\u00fcrme, demokratik rejimi zafiyete u\u011fratma, hukuk sistemini karanl\u0131k t\u00fcnellere sokma c\u00fcretini g\u00f6steremeyeceklerdir&#8221; dedi.<\/p>\n<p style=\"text-align: justify;\">Ba\u015fbakan Erdo\u011fan, &#8220;Demokrasi tarihimizi yazanlar, inan\u0131yorum ki AK Parti&#8217;nin, demokrasiyi muhafaza etmek ve y\u00fcceltmek noktas\u0131nda verdi\u011fi kararl\u0131 m\u00fccadeleyi alt\u0131n\u0131 kal\u0131n \u00e7izgilerle \u00e7izerek tespit edeceklerdir&#8221; dedi.<\/p>\n<p style=\"text-align: justify;\">Milletvekillerinin her birine y\u00fcrekten te\u015fekk\u00fcr eden Erdo\u011fan, hareketlerine g\u00f6n\u00fcl veren, y\u00fcre\u011fini ortaya koymu\u015f her bir yol arkada\u015f\u0131na &#8220;en kalbi \u015f\u00fckranlar\u0131n\u0131&#8221; sundu\u011funu ifade etti. Ba\u015fbakan Erdo\u011fan&#8217;\u0131n konu\u015fmas\u0131 s\u0131ras\u0131nda, baz\u0131 milletvekillerinin g\u00f6zya\u015flar\u0131na hakim olamad\u0131\u011f\u0131 g\u00f6r\u00fcld\u00fc.<\/p>\n<p style=\"text-align: justify;\"><span style=\"color: #888888;\">CNN T\u00dcRK<\/span><\/p>\n","protected":false},"excerpt":{"rendered":"<p id=\"caption-attachment-13198\" class=\"wp-caption-text\">T.C Ba\u015fbakan\u0131 Recep Tayyip Erdo\u011fan<\/p>\n<p style=\"text-align: justify;\">Ba\u015fbakan Recep Tayyip Erdo\u011fan, &#8220;demokratik a\u00e7\u0131l\u0131m&#8221; giri\u015fimleri konusunda kendisini ele\u015ftiren MHP lideri Devlet bah\u00e7eli&#8217;ye sert \u00e7\u0131kt\u0131. Erdo\u011fan, &#8220;Bah\u00e7eli vatan sevgimizi \u00f6l\u00e7ebilecek ne kalitede ne kariyerdedir&#8221; dedi.<\/p>\n<p style=\"text-align: justify;\">Partisinin grup toplant\u0131s\u0131nda konu\u015fan Erdo\u011fan, &#8220;demokratik a\u00e7\u0131l\u0131m&#8221; giri\u015fimleri konusunda, &#8220;Sorunu bu hale getiren anlay\u0131\u015flardan medet beklemiyoruz ama diyoruz <\/p>\n","protected":false},"author":1,"featured_media":0,"comment_status":"open","ping_status":"closed","sticky":false,"template":"","format":"standard","meta":{"footnotes":""},"categories":[105],"tags":[],"class_list":["post-13197","post","type-post","status-publish","format-standard","hentry","category-gundem","odd"],"_links":{"self":[{"href":"http:\/\/www.korhanyilmaz.com\/index.php?rest_route=\/wp\/v2\/posts\/13197","targetHints":{"allow":["GET"]}}],"collection":[{"href":"http:\/\/www.korhanyilmaz.com\/index.php?rest_route=\/wp\/v2\/posts"}],"about":[{"href":"http:\/\/www.korhanyilmaz.com\/index.php?rest_route=\/wp\/v2\/types\/post"}],"author":[{"embeddable":true,"href":"http:\/\/www.korhanyilmaz.com\/index.php?rest_route=\/wp\/v2\/users\/1"}],"replies":[{"embeddable":true,"href":"http:\/\/www.korhanyilmaz.com\/index.php?rest_route=%2Fwp%2Fv2%2Fcomments&post=13197"}],"version-history":[{"count":0,"href":"http:\/\/www.korhanyilmaz.com\/index.php?rest_route=\/wp\/v2\/posts\/13197\/revisions"}],"wp:attachment":[{"href":"http:\/\/www.korhanyilmaz.com\/index.php?rest_route=%2Fwp%2Fv2%2Fmedia&parent=13197"}],"wp:term":[{"taxonomy":"category","embeddable":true,"href":"http:\/\/www.korhanyilmaz.com\/index.php?rest_route=%2Fwp%2Fv2%2Fcategories&post=13197"},{"taxonomy":"post_tag","embeddable":true,"href":"http:\/\/www.korhanyilmaz.com\/index.php?rest_route=%2Fwp%2Fv2%2Ftags&post=13197"}],"curies":[{"name":"wp","href":"https:\/\/api.w.org\/{rel}","templated":true}]}}