{"id":13193,"date":"2009-08-11T16:18:17","date_gmt":"2009-08-11T14:18:17","guid":{"rendered":"http:\/\/www.korhanyilmaz.com\/?p=13193"},"modified":"2009-08-11T16:18:17","modified_gmt":"2009-08-11T14:18:17","slug":"bahceli-acti-agzini-yumdu-gozunu","status":"publish","type":"post","link":"http:\/\/www.korhanyilmaz.com\/?p=13193","title":{"rendered":"Bah\u00e7eli a\u00e7t\u0131 a\u011fz\u0131n\u0131 yumdu g\u00f6z\u00fcn\u00fc"},"content":{"rendered":"<p style=\"text-align: center;\">\n<div id=\"attachment_13194\" style=\"width: 317px\" class=\"wp-caption aligncenter\"><a href=\"http:\/\/www.korhanyilmaz.com\/wp-content\/uploads\/2009\/08\/bah\u00e7eli.jpg\"  class=\"lightview\"><img loading=\"lazy\" decoding=\"async\" aria-describedby=\"caption-attachment-13194\" class=\"size-full wp-image-13194\" title=\"MHP lideri Devlet Bah\u00e7eli\" src=\"http:\/\/www.korhanyilmaz.com\/wp-content\/uploads\/2009\/08\/bah\u00e7eli.jpg\" alt=\"MHP lideri Devlet Bah\u00e7eli,\" width=\"307\" height=\"236\" \/><\/a><p id=\"caption-attachment-13194\" class=\"wp-caption-text\">MHP lideri Devlet Bah\u00e7eli,<\/p><\/div>\n<p style=\"text-align: justify;\">MHP lideri Devlet Bah\u00e7eli, Ba\u015fbakan Recep Tayyip Erdo\u011fan&#8217;\u0131n AK Parti grup toplant\u0131s\u0131nda, &#8220;Bah\u00e7eli bizim vatan sevgimizi \u00f6l\u00e7ecek kalitede de\u011fil&#8221; s\u00f6zlerine \u00e7ok sert yan\u0131t verdi. Erdo\u011fan&#8217;\u0131 &#8220;kimliksiz ve ki\u015filiksiz siyaset yapmak&#8221;la su\u00e7layan Bah\u00e7eli, &#8220;Kandil kadrolar\u0131na teslim olan h\u00fck\u00fcmet, bebek katilini 4. koordinat\u00f6r olarak devreye sokuyor&#8221; dedi.<\/p>\n<p style=\"text-align: justify;\">MHP genel merkezinde bas\u0131n toplant\u0131s\u0131 d\u00fczenleyen MHP lideri Bah\u00e7eli adeta &#8220;a\u00e7t\u0131 a\u011fz\u0131n\u0131 yumdu g\u00f6z\u00fcn\u00fc.&#8221;<\/p>\n<p style=\"text-align: justify;\">Bah\u00e7eli&#8217;nin konu\u015fmas\u0131ndan sat\u0131r ba\u015flar\u0131:<\/p>\n<p style=\"text-align: justify;\">&#8211; Ter\u00f6rle m\u00fccadele yerini \u00f6nce ter\u00f6rle m\u00fctarekeye, sonra ter\u00f6rle m\u00fczakereye \u015fimdi ise ter\u00f6re teslimiyete b\u0131rakm\u0131\u015ft\u0131r. <!--more--><\/p>\n<p style=\"text-align: justify;\">&#8211; Zalim ile mazlumun, katil ile maktulun, \u015fehit ile caninin ayn\u0131 kefeye kondu\u011fu, ad\u0131na a\u00e7\u0131l\u0131m denen \u00e7\u00fcr\u00fcme hali, safhan\u0131n en belirgin y\u00f6n\u00fcd\u00fcr.<\/p>\n<p style=\"text-align: justify;\">&#8211;  AKP g\u00fcndemindeki bu yeni d\u00f6nemde, 30 bin insan\u0131n hayat\u0131na kasteden \u0130mral\u0131 canisi, &#8216;insanl\u0131k, bar\u0131\u015f ve karde\u015flik abidesi&#8217;, PKK ter\u00f6r \u00f6rg\u00fct\u00fc &#8216;bar\u0131\u015f\u0131 da\u011fda arayanlar&#8217;, bunlara alk\u0131\u015f tutanlar &#8216;bar\u0131\u015fsever ve demokrat ayd\u0131n&#8217;, bozguncular ise aniden &#8216;akil adam&#8217;a d\u00f6n\u00fc\u015fm\u00fc\u015flerdir.<\/p>\n<p style=\"text-align: justify;\">&#8211; Haktan ve hakikatten, ak\u0131l ve izandan, vicdan ve ahlaktan tamamen uzakla\u015fan bu \u00e7arp\u0131tmayla ter\u00f6rle m\u00fccadeleyi y\u0131lmadan s\u00fcrd\u00fcren g\u00fcvenlik g\u00fc\u00e7leri &#8216;\u015fiddet yanl\u0131lar\u0131&#8217;, y\u0131llard\u0131r ac\u0131 \u00e7eken kahraman ve muhterem y\u00f6re halk\u0131 &#8216;i\u015f birlik\u00e7i&#8217;, bin y\u0131ll\u0131k karde\u015fli\u011fin g\u00fcvencesi ve savunucusu olan Milliyet\u00e7i Hareket ise &#8216;kanla beslenen siyasi parti&#8217; olarak al\u00e7ak\u00e7a su\u00e7lanmaya ba\u015flanm\u0131\u015ft\u0131r.<\/p>\n<p style=\"text-align: justify;\">&#8211; &#8220;\u00c7\u00f6z\u00fcm, \u00e7are, f\u0131rsat&#8221; ad\u0131 verilen cazip kelimelerle kamuoyu etki alt\u0131na al\u0131nmak istenmekte, bu tuza\u011fa d\u00fc\u015fmek istemeyenlerse sava\u015f taraftar\u0131 olarak bask\u0131 alt\u0131na al\u0131nmaktad\u0131r.<\/p>\n<p style=\"text-align: justify;\">&#8211; Silahs\u0131z b\u00f6l\u00fcc\u00fcl\u00fck demokrasi olarak sunuluyor. PKK literat\u00fcr\u00fc e\u015fli\u011finde ter\u00f6r\u00fcn taleplerinin dayat\u0131ld\u0131\u011f\u0131 s\u00fcre\u00e7 h\u0131z kazand\u0131.<\/p>\n<p style=\"text-align: justify;\">&#8220;Teslimiyet ve tepkisizlik&#8230;&#8221;<\/p>\n<p style=\"text-align: justify;\">&#8211; Toplumda tam teslimiyet ve tepkisizlik ortam\u0131 in\u015fa edilmeye \u00e7al\u0131\u015f\u0131l\u0131yor.<\/p>\n<p style=\"text-align: justify;\">&#8211; B\u00f6l\u00fcc\u00fc talepler olan federasyon, ayr\u0131 bayrak, ayr\u0131 e\u011fitim dili ortak kurucu halk \u00e7okluklar devleti ve hatta ayr\u0131lma gibi ihanet kavramlar\u0131n\u0131n a\u00e7\u0131k\u00e7a dillendirilmesi tehlikenin boyutlar\u0131n\u0131 anlama a\u00e7\u0131s\u0131ndan yeterlidir.<\/p>\n<p style=\"text-align: justify;\">&#8211; AK Parti bu projenin ta\u015feronl\u0131\u011f\u0131n\u0131 yap\u0131yor. Cumhurba\u015fkan\u0131 ve ba\u015fbakan rol payla\u015farak &#8216;K\u00fcrt sorunu&#8217; ad\u0131yla fitili ate\u015flenip ortal\u0131\u011fa b\u0131rak\u0131lan tahrikler, uzun s\u00fcredir devlet ve millet yap\u0131m\u0131z\u0131 yeni bir bi\u00e7ime sokmak i\u00e7in s\u00fcrd\u00fcr\u00fclen siyasi ve toplumsal y\u0131k\u0131m projesinin ileri bir a\u015famas\u0131d\u0131r.<\/p>\n<p style=\"text-align: justify;\">&#8211; Bu projenin ara istasyonlar\u0131 bebek katili hakk\u0131nda verilen idam cezas\u0131n\u0131n kald\u0131r\u0131lmas\u0131; milletimize hakaretler eden Irakl\u0131 a\u015firet reisleri ile kucakla\u015fma, k\u00fcresel g\u00fc\u00e7le yap\u0131lan gizli ve \u00f6rt\u00fcl\u00fc pazarl\u0131klar; Avrupa dayatmalar\u0131na kar\u015f\u0131 boyun e\u011fmi\u015flik hali, b\u00f6l\u00fcc\u00fcl\u00fc\u011f\u00fcn taleplerini Anayasaya yerle\u015ftirme niyetleri, inan\u00e7 ve k\u00f6ken ekseninde yeni az\u0131nl\u0131klar yaratma \u00e7abas\u0131, ter\u00f6rist yuvas\u0131 Kandil&#8217;e hareketten \u0131srarla ka\u00e7\u0131nma, siyasal \u00e7\u00f6z\u00fcm davetiyle ter\u00f6ristle m\u00fczakere aray\u0131\u015f, kimli\u011fini bulamam\u0131\u015f garabetin milletimizi 36&#8217;ya b\u00f6lme niyeti, katile &#8216;say\u0131n&#8217; \u015fehide &#8216;kelle&#8217; diyen \u00e7\u00fcr\u00fcm\u00fc\u015fl\u00fc\u011f\u00fcn yay\u0131lan kokusu ve nihayet bebek katilinin d\u00f6rd\u00fcnc\u00fc koordinat\u00f6r olarak cezaevinden devreye sokulmas\u0131d\u0131r.<\/p>\n<p style=\"text-align: justify;\">&#8211; Bebek katili 4. koordinat\u00f6r olarak devreye sokuluyor.<\/p>\n<p style=\"text-align: justify;\">&#8211; B\u00f6l\u00fcc\u00fcn\u00fcn hedefi olan T\u00fcrkiye Cumhuriyeti b\u00fct\u00fcnl\u00fc\u011f\u00fcn\u00fc kaybetmi\u015f, suland\u0131r\u0131lm\u0131\u015f, milli birli\u011fi par\u00e7alanm\u0131\u015f, \u00e7ok milletli, \u00e7ok par\u00e7al\u0131 etnik kimlikler yeniden bi\u00e7imlendirilmektedir.<\/p>\n<p style=\"text-align: justify;\">&#8220;Kimliksiz ve ki\u015filiksiz siyaset&#8230;&#8221;<\/p>\n<p style=\"text-align: justify;\">&#8211; Kimliksiz ve ki\u015filiksiz siyasetin temsilcisi AK Parti, T\u00fcrkiye&#8217;yi \u00e7at\u0131\u015fmaya y\u00f6nlendiriyor.<\/p>\n<p style=\"text-align: justify;\">&#8211; H\u00fck\u00fcmetin tahrikiyle beraber stratejik ve hayati bir buhran ya\u015fan\u0131yor.<\/p>\n<p style=\"text-align: justify;\">&#8211; AK Parti h\u00fck\u00fcmeti Kandil kadrolar\u0131na teslim oldu.<\/p>\n<p style=\"text-align: justify;\">&#8220;MHP bu s\u00fcre\u00e7te yer almaz&#8221;<\/p>\n<p style=\"text-align: justify;\">&#8211; MHP hi\u00e7bir \u015fekilde bu s\u00fcrecin i\u00e7inde yer almayacakt\u0131r. Bu vatan sahipsiz de\u011fildir.<\/p>\n<p style=\"text-align: justify;\">&#8211; Erdo\u011fan&#8217;\u0131n s\u00fcrd\u00fcrd\u00fc\u011f\u00fc ilkesiz politikalar, kar\u015f\u0131m\u0131za hezimet ve teslimiyet olarak \u00e7\u0131km\u0131\u015ft\u0131r.<\/p>\n<p style=\"text-align: justify;\">&#8211; Erdo\u011fan, etnik kimlikle milli kimli\u011fi kar\u0131\u015ft\u0131r\u0131yor. T\u00fcrkl\u00fc\u011f\u00fc etnik kimlik gibi g\u00f6r\u00fcyor.<\/p>\n<p style=\"text-align: justify;\">&#8211; Tercih etti\u011fi yol, h\u00fck\u00fcmeti ve \u00fclkemizi a\u00e7maza s\u00fcr\u00fcklemi\u015ftir.<\/p>\n<p style=\"text-align: justify;\">&#8211; Bu faaliyetlerle ya\u015fanmas\u0131 toplum i\u00e7in tam bir felaket olacak stratejik travmaya al\u0131\u015ft\u0131rma provalar\u0131 olanca h\u0131z\u0131yla ve ba\u015fta TRT olmak \u00fczere her propaganda kanal\u0131 ve zemini kullan\u0131larak hayas\u0131zca s\u00fcrd\u00fcr\u00fclmektedir.<\/p>\n<p style=\"text-align: justify;\">&#8211; S\u00f6zde Ermeni soyk\u0131r\u0131m\u0131 iddialar\u0131n\u0131n yayg\u0131nla\u015fmas\u0131 Ermenistan ile tek tarafl\u0131 s\u0131rna\u015f\u0131k ili\u015fkiler kurma gayreti, K\u0131br\u0131s&#8217;\u0131n gelece\u011fini Rumlara teslim eden ve kilitleyen ad\u0131mlar, ABD ve AB dayatmalar\u0131na boyun e\u011fme, s\u00f6zde ek\u00fcmenik patrikhane iddialar\u0131, Heybeliada Ruhban Okulu&#8217;nun a\u00e7\u0131lmas\u0131 konular\u0131nda gev\u015femeler, milli g\u00fcvenli\u011fimizi tehdit eden a\u015firet reisleriyle kucakla\u015fmalar, yabanc\u0131lar \u00f6n\u00fcnde T\u00fcrk tarihinin a\u015fa\u011f\u0131lanmas\u0131 gibi konular, bozuldu\u011fu s\u00f6ylenen ezberlerin k\u0131sa \u00f6zetidir.<\/p>\n<p style=\"text-align: justify;\">&#8211; Ba\u015fbakan Erdo\u011fan ve arkada\u015flar\u0131n\u0131n sonu gelmeyen kimlik aray\u0131\u015flar\u0131 ve tahrikleri b\u00f6l\u00fcc\u00fcl\u00fc\u011f\u00fcn \u00fcmit ve cesaret kayna\u011f\u0131n\u0131n kimler oldu\u011funu belgeleyen somut veriler olarak inkar edilmeyecek ger\u00e7eklerdir. Ba\u015fbakan Erdo\u011fan ve korosunun s\u0131n\u0131r \u00f6tesi operasyonun yap\u0131lmamas\u0131 i\u00e7in &#8216;Bizi batakl\u0131\u011fa \u00e7ekmeye \u00e7al\u0131\u015f\u0131yorlar. Harekat fayda sa\u011flamaz&#8217; gibi uydurdu\u011fu mazeretlerin de foyas\u0131 ortaya \u00e7\u0131km\u0131\u015ft\u0131r.<\/p>\n<p style=\"text-align: justify;\">&#8211; Ge\u00e7mi\u015fte &#8216;Silah\u0131 b\u0131rak\u0131r masaya oturursun&#8217; diyerek m\u00fczakereye davet etti\u011fi eli kanl\u0131 ter\u00f6rle silah\u0131 bile b\u0131rakmadan masan\u0131n bir ucuna \u015fimdiden Ba\u015fbakan Erdo\u011fan oturmu\u015ftur. Masan\u0131n di\u011fer ucuna kimin oturaca\u011f\u0131 konusunda ise Kandil kadrolar\u0131, b\u00f6l\u00fcc\u00fc mihraklar ve \u0130mral\u0131 canisi aras\u0131nda rekabet ve i\u015fbirli\u011fi ya\u015fanmaya ba\u015flanm\u0131\u015ft\u0131r.<\/p>\n<p style=\"text-align: justify;\">&#8211; Son d\u00f6nemde AKP ile DTP aras\u0131nda ya\u015fanan bu yak\u0131nla\u015fma \u0130mral\u0131 canisinin h\u00fck\u00fcmete \u00e7a\u011fr\u0131lar\u0131, Ba\u015fbakan\u0131n c\u00fcret kazand\u0131racak beyanlar\u0131 ve \u0130mral\u0131 ile h\u00fck\u00fcmet aras\u0131ndaki i\u015fbirli\u011fi aray\u0131\u015flar\u0131 sahnelenmek istenen oyunu \u00e7oktan g\u00f6zler \u00f6n\u00fcne sermi\u015ftir.<\/p>\n<p style=\"text-align: justify;\"><strong><em>&#8220;Y\u00fcce divan yolu a\u00e7\u0131kt\u0131r&#8221;<\/em><\/strong><\/p>\n<p style=\"text-align: justify;\">&#8211; Ter\u00f6r \u00f6rg\u00fct\u00fcn\u00fcn silahla da\u011flarda durmas\u0131n\u0131 gerektirecek bir bahanesi kalmam\u0131\u015f, 25 y\u0131ld\u0131r savundu\u011fu b\u00fct\u00fcn konular \u015fimdi h\u00fck\u00fcmet taraf\u0131ndan teslim al\u0131nm\u0131\u015ft\u0131r. Aralar\u0131nda &#8216;Devletin varl\u0131\u011f\u0131 ve ba\u011f\u0131ms\u0131zl\u0131\u011f\u0131n\u0131, vatan\u0131n ve milletin b\u00f6l\u00fcnmez b\u00fct\u00fcnl\u00fc\u011f\u00fcn\u00fc koruyaca\u011f\u0131na&#8217; dair ant i\u00e7mi\u015f TBMM \u00fcyelerinin de Anayasa&#8217;y\u0131 a\u00e7\u0131k\u00e7a ihlal etti\u011fi su\u00e7luluk, suskunluk ve teslimiyet sarmal\u0131 her yan\u0131 kaplam\u0131\u015ft\u0131r.<\/p>\n<p style=\"text-align: justify;\">&#8211; Bu itibarla da\u011fdan beslenen y\u0131k\u0131m s\u00fcrecinin \u015fehirdeki s\u00f6zc\u00fcleri haline gelen Cumhurba\u015fkanl\u0131\u011f\u0131 ve Ba\u015fbakanl\u0131k makam\u0131 bar\u0131\u015ftan, f\u0131rsattan ve demokratik \u00e7\u00f6z\u00fcmden ne anlad\u0131klar\u0131n\u0131 kavramlar\u0131 kar\u0131\u015ft\u0131rmadan, zihinleri buland\u0131rmadan T\u00fcrk milletine b\u00fct\u00fcn y\u00f6nleriyle a\u00e7\u0131klamak durumundad\u0131r.<\/p>\n<p style=\"text-align: justify;\">&#8211; Buradan uyarmay\u0131 bir g\u00f6rev addediyorum; girdi\u011finiz yol tehlikelerle doludur. Ula\u015f\u0131lacak sonu\u00e7 Anayasam\u0131z\u0131n de\u011fi\u015femeyecek maddelerini de\u011fi\u015ftirmeye y\u00f6nelik giri\u015fim olup, vatana ihanetle e\u015fde\u011ferdir. Bunu yapmaya yeltenenlere Y\u00fcce Divan yolu a\u00e7\u0131lm\u0131\u015ft\u0131r.<\/p>\n<p style=\"text-align: justify;\">-Ya bu ihanet cephesi T\u00fcrkiye&#8217;nin birlikte ya\u015fama iradesini k\u0131rarak \u00fclkeyi kanl\u0131 bir b\u00f6l\u00fcnme ve i\u00e7 \u00e7at\u0131\u015fma s\u00fcrecine sokacakt\u0131r ya da T\u00fcrkiye Cumhuriyeti Devleti, b\u00fct\u00fcn milli g\u00fc\u00e7 unsurlar\u0131yla aya\u011fa kalkarak bu sald\u0131r\u0131lara ve muhataplar\u0131na gereken cevab\u0131 vererek bu ihanetin belini k\u0131racakt\u0131r. Bunun ba\u015fka yolu ve yorumu kalmam\u0131\u015ft\u0131r.<\/p>\n<p style=\"text-align: justify;\"><strong><em>&#8220;\u0130hanet yolunu se\u00e7enlere sesleniyorum&#8221;<\/em><\/strong><\/p>\n<p style=\"text-align: justify;\">&#8211; Buradan, T\u00fcrkiye&#8217;ye kar\u015f\u0131 ihanet yolunu se\u00e7en, T\u00fcrk milletinin karde\u015fli\u011fini y\u0131karak ama\u00e7lar\u0131na ula\u015facaklar\u0131n\u0131 zanneden tahrik\u00e7ilere bir ger\u00e7e\u011fi yeniden hat\u0131rlatmak istiyorum, hi\u00e7kimse T\u00fcrk milliyet\u00e7ili\u011finin vatan sevgisinden kaynaklanan sorumlu ve sa\u011f duyulu tutumuna bakarak ba\u015fka anlamlar \u00e7\u0131karmamal\u0131, bir hesap hatas\u0131na d\u00fc\u015fmemelidir.<\/p>\n<p style=\"text-align: justify;\">&#8211; T\u00fcrkiye&#8217;nin kaderi ve T\u00fcrk milletinin gelece\u011fi, bug\u00fcn y\u00f6netimi ele ge\u00e7irmi\u015f bir avu\u00e7 ilkesiz ve inan\u00e7s\u0131z kadronun siyasi hesaplar\u0131na kurban edilmeyecektir.<\/p>\n<p style=\"text-align: justify;\">&#8211; T\u00fcrk milletinin haysiyetiyle oynayan T\u00fcrkiye&#8217;yi k\u00fc\u00e7\u00fck d\u00fc\u015f\u00fcren siyaset t\u00fcccarlar\u0131n\u0131n, menfaat \u00e7etelerinin ve b\u00f6l\u00fcc\u00fc ihanet odaklar\u0131n\u0131n yakas\u0131na yap\u0131\u015fmak ise bizim i\u00e7in vazge\u00e7ilmez namus borcu olacakt\u0131r. Vatan\u0131m\u0131z ve milletimiz i\u00e7in \u00f6demeye haz\u0131r olmad\u0131\u011f\u0131m\u0131z hi\u00e7bir bedel yoktur. Bilinmelidir ki T\u00fcrk milleti hen\u00fcz son s\u00f6z\u00fcn\u00fc s\u00f6ylememi\u015ftir.<\/p>\n<p style=\"text-align: justify;\"><em><strong>&#8220;Ayr\u0131 kabiliyete gerek yok&#8221;<\/strong><\/em><\/p>\n<p style=\"text-align: justify;\">Bah\u00e7eli, a\u00e7\u0131klamas\u0131n\u0131n ard\u0131ndan bir gazetecinin sorusunu da yan\u0131tlad\u0131. Devlet Bah\u00e7eli, &#8220;Say\u0131n Ba\u015fbakan, bug\u00fcnk\u00fc grup toplant\u0131s\u0131nda vatanseverlik kalitesini \u00f6l\u00e7mek durumunda ve konumunda olmad\u0131\u011f\u0131n\u0131z\u0131 s\u00f6yledi. Bunu nas\u0131l de\u011ferlendiriyorsunuz?&#8221; sorusuna, &#8220;Say\u0131n Ba\u015fbakan\u0131m\u0131z m\u0131 s\u00f6yl\u00fcyor bunu? \u0130stanbul \u0130l Ba\u015fkan\u0131 iken b\u00f6l\u00fcc\u00fcl\u00fc\u011f\u00fcn y\u00fcksek lisans tezini bir derginin y\u00f6netim dan\u0131\u015fmanl\u0131\u011f\u0131yla ba\u015flatm\u0131\u015f olan bir ki\u015finin vatanseverli\u011fini \u00f6l\u00e7mek i\u00e7in ayr\u0131 bir kabiliyete, kariyere sahip olmaya gerek yoktur&#8221; diye yan\u0131tlad\u0131.<\/p>\n<p style=\"text-align: justify;\">Bah\u00e7eli, &#8220;Hi\u00e7 kimse T\u00fcrk milliyet\u00e7ili\u011finin vatan sevgisinden kaynaklanan sorumlu ve sa\u011f duyulu tutumuna bakarak ba\u015fka anlamlar \u00e7\u0131karmamal\u0131, bir hesap hatas\u0131na d\u00fc\u015fmemelidir&#8221; dedi.<\/p>\n<p style=\"text-align: justify;\"><span style=\"color: #888888;\">CNN T\u00dcRK<\/span><\/p>\n","protected":false},"excerpt":{"rendered":"<p style=\"text-align: center;\">\n<p id=\"caption-attachment-13194\" class=\"wp-caption-text\">MHP lideri Devlet Bah\u00e7eli,<\/p>\n<p style=\"text-align: justify;\">MHP lideri Devlet Bah\u00e7eli, Ba\u015fbakan Recep Tayyip Erdo\u011fan&#8217;\u0131n AK Parti grup toplant\u0131s\u0131nda, &#8220;Bah\u00e7eli bizim vatan sevgimizi \u00f6l\u00e7ecek kalitede de\u011fil&#8221; s\u00f6zlerine \u00e7ok sert yan\u0131t verdi. Erdo\u011fan&#8217;\u0131 &#8220;kimliksiz ve ki\u015filiksiz siyaset yapmak&#8221;la su\u00e7layan Bah\u00e7eli, &#8220;Kandil kadrolar\u0131na teslim olan h\u00fck\u00fcmet, bebek katilini 4. koordinat\u00f6r olarak devreye sokuyor&#8221; <\/p>\n","protected":false},"author":1,"featured_media":0,"comment_status":"open","ping_status":"closed","sticky":false,"template":"","format":"standard","meta":{"footnotes":""},"categories":[105],"tags":[],"class_list":["post-13193","post","type-post","status-publish","format-standard","hentry","category-gundem","odd"],"_links":{"self":[{"href":"http:\/\/www.korhanyilmaz.com\/index.php?rest_route=\/wp\/v2\/posts\/13193","targetHints":{"allow":["GET"]}}],"collection":[{"href":"http:\/\/www.korhanyilmaz.com\/index.php?rest_route=\/wp\/v2\/posts"}],"about":[{"href":"http:\/\/www.korhanyilmaz.com\/index.php?rest_route=\/wp\/v2\/types\/post"}],"author":[{"embeddable":true,"href":"http:\/\/www.korhanyilmaz.com\/index.php?rest_route=\/wp\/v2\/users\/1"}],"replies":[{"embeddable":true,"href":"http:\/\/www.korhanyilmaz.com\/index.php?rest_route=%2Fwp%2Fv2%2Fcomments&post=13193"}],"version-history":[{"count":0,"href":"http:\/\/www.korhanyilmaz.com\/index.php?rest_route=\/wp\/v2\/posts\/13193\/revisions"}],"wp:attachment":[{"href":"http:\/\/www.korhanyilmaz.com\/index.php?rest_route=%2Fwp%2Fv2%2Fmedia&parent=13193"}],"wp:term":[{"taxonomy":"category","embeddable":true,"href":"http:\/\/www.korhanyilmaz.com\/index.php?rest_route=%2Fwp%2Fv2%2Fcategories&post=13193"},{"taxonomy":"post_tag","embeddable":true,"href":"http:\/\/www.korhanyilmaz.com\/index.php?rest_route=%2Fwp%2Fv2%2Ftags&post=13193"}],"curies":[{"name":"wp","href":"https:\/\/api.w.org\/{rel}","templated":true}]}}