{"id":13166,"date":"2009-08-11T09:46:46","date_gmt":"2009-08-11T06:46:46","guid":{"rendered":"http:\/\/www.korhanyilmaz.com\/?p=13166"},"modified":"2009-08-11T09:46:46","modified_gmt":"2009-08-11T06:46:46","slug":"dap-ankarada-bekliyor","status":"publish","type":"post","link":"http:\/\/www.korhanyilmaz.com\/?p=13166","title":{"rendered":"DAP Ankara&#8217;da bekliyor"},"content":{"rendered":"<p style=\"text-align: center;\"><a href=\"http:\/\/www.korhanyilmaz.com\/wp-content\/uploads\/2009\/08\/DAP.jpg\"  class=\"lightview\"><img loading=\"lazy\" decoding=\"async\" class=\"aligncenter size-full wp-image-13167\" src=\"http:\/\/www.korhanyilmaz.com\/wp-content\/uploads\/2009\/08\/DAP.jpg\" alt=\"\" width=\"204\" height=\"195\" \/><\/a><\/p>\n<p style=\"text-align: justify;\">T\u00fcrkiye&#8217;nin en fakir illerinin bulundu\u011fu b\u00f6lgenin kalk\u0131nmas\u0131 i\u00e7in haz\u0131rlanan proje y\u0131llard\u0131r Ankara&#8217;dan onay bekliyor. 300 ademisyenin \u00e7al\u0131\u015fmalar\u0131yla olu\u015fturulan Do\u011fu Anadolu Projesi (DAP), Y\u00fcksek Planlama Kurulu&#8217;nca onayland\u0131.<\/p>\n<p style=\"text-align: justify;\">Fakat b\u00f6lgede ya\u015fayanlar bunu bir ad\u0131m olarak de\u011ferlendirmiyor.<\/p>\n<p style=\"text-align: justify;\">Onlara g\u00f6re DAP, kanun tasar\u0131s\u0131 onaylanmad\u0131\u011f\u0131 s\u00fcrece b\u00f6lge ekonomisi kan kaybetmeye devam edecek, b\u00fcy\u00fck \u015fehirlere g\u00f6\u00e7 durdurulamayacak.<\/p>\n<p style=\"text-align: justify;\">T\u00fcrkiye&#8217;nin kalk\u0131nma s\u0131ralamas\u0131ndaki en geride olan illeri bu b\u00f6lgede&#8230;<\/p>\n<p style=\"text-align: justify;\">1990&#8217;l\u0131 y\u0131llarda ter\u00f6rden yara ald\u0131. Yo\u011fun g\u00f6\u00e7 verdi, veriyor&#8230; <!--more--><\/p>\n<p style=\"text-align: justify;\">B\u00f6lgeyi kalk\u0131nd\u0131rmak i\u00e7in at\u0131lan ad\u0131mlarsa \u015fimdiye kadar sonu\u00e7 vermedi.<\/p>\n<p style=\"text-align: justify;\">A\u00e7\u0131lan her paket \u00f6l\u00fc yat\u0131r\u0131mlarla s\u0131n\u0131rl\u0131 kald\u0131. Fabrikalar\u0131n sadece duvarlar\u0131 yap\u0131ld\u0131.<\/p>\n<p style=\"text-align: justify;\">Tar\u0131m ve hayvanc\u0131l\u0131ktaki gerilemeyle b\u00f6lgenin ekonomisi darbe ald\u0131, toparlanamad\u0131.<\/p>\n<p style=\"text-align: justify;\">1993&#8217;te b\u00f6lgedeki sivil toplum kurulu\u015flar\u0131, vak\u0131flar, siyaset\u00e7iler, akademisyenler toplan\u0131p i\u015fsizlik ve g\u00f6\u00e7e \u00e7are i\u00e7in ciddi bir proje haz\u0131rlad\u0131.<\/p>\n<p style=\"text-align: justify;\">Do\u011fu Anadolu Projesi (DAP), 1996&#8217;da Ankara&#8217;da Devlet Planlama Te\u015fkilat\u0131&#8217;ndayd\u0131. Meclis \u0130nceleme Komisyonlar\u0131&#8217;nca onayland\u0131, destek ald\u0131.<\/p>\n<p style=\"text-align: justify;\">DAP Kanun Teklifi, 18 Nisan 2000&#8217;de Meclis g\u00fcndemine al\u0131nd\u0131 ancak onaylanmad\u0131.<\/p>\n<p style=\"text-align: justify;\">300 akademisyenin haz\u0131rlad\u0131\u011f\u0131, yakla\u015f\u0131k 2 milyon liraya malolan proje yasal d\u00fczenleme yap\u0131lmad\u0131\u011f\u0131 i\u00e7in hayata ge\u00e7irilemiyor.<\/p>\n<p style=\"text-align: justify;\">Kom\u015fu b\u00f6lge G\u00fcneydo\u011fu&#8217;daki geli\u015fmeler Do\u011fu Anadolu halk\u0131n\u0131 da umutland\u0131rd\u0131.<\/p>\n<p style=\"text-align: justify;\">DAP, kalk\u0131nma i\u00e7in b\u00f6lgenin yap\u0131s\u0131na uygun \u00e7\u00f6z\u00fcmler sunuyor.<\/p>\n<p style=\"text-align: justify;\">Tar\u0131m, hayvanc\u0131l\u0131k, turizm, e\u011fitim ve ula\u015f\u0131mda kalk\u0131nmada hayata ge\u00e7irilebilecek \u00f6nerilerle b\u00f6lgenin dolay\u0131s\u0131yla da T\u00fcrkiye&#8217;nin \u00f6nemli sorunlar\u0131na \u00e7are sunuyor.<\/p>\n<p style=\"text-align: justify;\"><span style=\"color: #888888;\">CNN T\u00dcRK<\/span><\/p>\n","protected":false},"excerpt":{"rendered":"<p style=\"text-align: center;\">\n<p style=\"text-align: justify;\">T\u00fcrkiye&#8217;nin en fakir illerinin bulundu\u011fu b\u00f6lgenin kalk\u0131nmas\u0131 i\u00e7in haz\u0131rlanan proje y\u0131llard\u0131r Ankara&#8217;dan onay bekliyor. 300 ademisyenin \u00e7al\u0131\u015fmalar\u0131yla olu\u015fturulan Do\u011fu Anadolu Projesi (DAP), Y\u00fcksek Planlama Kurulu&#8217;nca onayland\u0131.<\/p>\n<p style=\"text-align: justify;\">Fakat b\u00f6lgede ya\u015fayanlar bunu bir ad\u0131m olarak de\u011ferlendirmiyor.<\/p>\n<p style=\"text-align: justify;\">Onlara g\u00f6re DAP, kanun tasar\u0131s\u0131 onaylanmad\u0131\u011f\u0131 s\u00fcrece b\u00f6lge ekonomisi kan kaybetmeye devam <\/p>\n","protected":false},"author":1,"featured_media":0,"comment_status":"open","ping_status":"closed","sticky":false,"template":"","format":"standard","meta":{"footnotes":""},"categories":[7],"tags":[],"class_list":["post-13166","post","type-post","status-publish","format-standard","hentry","category-ekonomi","odd"],"_links":{"self":[{"href":"http:\/\/www.korhanyilmaz.com\/index.php?rest_route=\/wp\/v2\/posts\/13166","targetHints":{"allow":["GET"]}}],"collection":[{"href":"http:\/\/www.korhanyilmaz.com\/index.php?rest_route=\/wp\/v2\/posts"}],"about":[{"href":"http:\/\/www.korhanyilmaz.com\/index.php?rest_route=\/wp\/v2\/types\/post"}],"author":[{"embeddable":true,"href":"http:\/\/www.korhanyilmaz.com\/index.php?rest_route=\/wp\/v2\/users\/1"}],"replies":[{"embeddable":true,"href":"http:\/\/www.korhanyilmaz.com\/index.php?rest_route=%2Fwp%2Fv2%2Fcomments&post=13166"}],"version-history":[{"count":0,"href":"http:\/\/www.korhanyilmaz.com\/index.php?rest_route=\/wp\/v2\/posts\/13166\/revisions"}],"wp:attachment":[{"href":"http:\/\/www.korhanyilmaz.com\/index.php?rest_route=%2Fwp%2Fv2%2Fmedia&parent=13166"}],"wp:term":[{"taxonomy":"category","embeddable":true,"href":"http:\/\/www.korhanyilmaz.com\/index.php?rest_route=%2Fwp%2Fv2%2Fcategories&post=13166"},{"taxonomy":"post_tag","embeddable":true,"href":"http:\/\/www.korhanyilmaz.com\/index.php?rest_route=%2Fwp%2Fv2%2Ftags&post=13166"}],"curies":[{"name":"wp","href":"https:\/\/api.w.org\/{rel}","templated":true}]}}