{"id":13162,"date":"2009-08-11T10:32:16","date_gmt":"2009-08-11T07:32:16","guid":{"rendered":"http:\/\/www.korhanyilmaz.com\/?p=13162"},"modified":"2009-08-11T10:32:16","modified_gmt":"2009-08-11T07:32:16","slug":"kurtarici-kardesler-yedek-parca-mi","status":"publish","type":"post","link":"http:\/\/www.korhanyilmaz.com\/?p=13162","title":{"rendered":"Kurtar\u0131c\u0131 karde\u015fler yedek par\u00e7a m\u0131?"},"content":{"rendered":"<p><a href=\"http:\/\/www.korhanyilmaz.com\/wp-content\/uploads\/2009\/08\/kurtarici_kardesler.jpg\"  class=\"lightview\"><img loading=\"lazy\" decoding=\"async\" class=\"aligncenter size-full wp-image-13163\" src=\"http:\/\/www.korhanyilmaz.com\/wp-content\/uploads\/2009\/08\/kurtarici_kardesler.jpg\" alt=\"\" width=\"292\" height=\"182\" \/><\/a><\/p>\n<p style=\"text-align: justify;\">\u0130ngiltere&#8217;de bir \u00e7ift, \u00f6l\u00fcmc\u00fcl bir hastal\u0131\u011fa yakalanan \u00e7ocuklar\u0131n\u0131 kurtarmak i\u00e7in, iki \u00e7ocuk daha d\u00fcnyaya getirdi.<\/p>\n<p style=\"text-align: justify;\">\u0130ngiltere&#8217;de bu konu ge\u00e7en sene parlamentoda da tart\u0131\u015f\u0131lm\u0131\u015ft\u0131.<\/p>\n<p style=\"text-align: justify;\">Ama\u00e7 t\u00fcp bebek y\u00f6ntemiyle d\u00fcnyaya getirilen bebeklerden al\u0131nacak kemik ili\u011finin hasta \u00e7ocu\u011fa nakledilmesi.<\/p>\n<p style=\"text-align: justify;\">Bu y\u00f6ntemi &#8220;Kurtar\u0131c\u0131 Karde\u015f&#8221; diye tan\u0131mlay\u0131p destekleyen de var, &#8220;\u00c7ocuklar i\u00e7in yedek par\u00e7a \u00fcretiyorlar&#8221; diyerek kar\u015f\u0131 \u00e7\u0131kan da.<\/p>\n<p style=\"text-align: justify;\">Maguire \u00e7ifti, ilk \u00e7ocuklar\u0131 olan Connor&#8217;\u0131n rahats\u0131zl\u0131\u011f\u0131n\u0131 ilk olarak 2 ya\u015f\u0131ndayken fark etmi\u015fler. <!--more--><\/p>\n<p style=\"text-align: justify;\">Bah\u00e7ede oynarken d\u00fc\u015ft\u00fc\u011f\u00fcnde ya da bir yere \u00e7arpt\u0131\u011f\u0131nda, kolu baca\u011f\u0131n\u0131n normal olmayan bir \u015fekilde morard\u0131\u011f\u0131n\u0131 g\u00f6rm\u00fc\u015fler.<\/p>\n<p style=\"text-align: justify;\">Doktorlar aplastik anemi te\u015fhisi koymu\u015f. Yani ba\u011f\u0131\u015f\u0131kl\u0131k sisteminin, kemik ili\u011finin bir k\u0131sm\u0131n\u0131 yok etmesi, dolay\u0131s\u0131yla da v\u00fccudun kan \u00fcretememesi.<\/p>\n<p style=\"text-align: justify;\">Milyonda \u00fc\u00e7 g\u00f6r\u00fclen bu hastal\u0131k, Connor&#8217;\u0131n hafif bir d\u00fc\u015fmeyle bile i\u00e7 kanama ge\u00e7irebilece\u011fi ve \u00f6lebilece\u011fi anlam\u0131na geliyor.<\/p>\n<p style=\"text-align: justify;\">Aile tek \u00e7\u00f6z\u00fcm olan kemik ili\u011fi i\u00e7in harekete ge\u00e7mi\u015f. Ancak Connor&#8217;a uygun kemik ili\u011fi bulunamam\u0131\u015f.<\/p>\n<p style=\"text-align: justify;\">\u0130\u015fte bu a\u015famada doktorlar\u0131, t\u00fcp bebek y\u00f6ntemiyle, kemik ili\u011fi Connor&#8217;a uyacak yeni bir bebek yapmalar\u0131 \u00f6nerisini getirmi\u015f.<\/p>\n<p style=\"text-align: justify;\">Ve bir hayli zahmetli testlerin sonunda bu i\u015f i\u00e7in uygun 2 embriyo \u00fcretilmi\u015f.<\/p>\n<p style=\"text-align: justify;\"><strong><em>Siyasi tart\u0131\u015fma<\/em><\/strong><\/p>\n<p style=\"text-align: justify;\">\u0130\u015fi \u015fansa b\u0131rakmak istemeyen \u00e7ift, iki \u00e7ocuk sahibi olmay\u0131 tercih etmi\u015f ve Amy Plant, \u00e7ocuklar\u0131 do\u011furmu\u015f.<\/p>\n<p style=\"text-align: justify;\">Do\u011far do\u011fmaz kar\u0131n ba\u011flar\u0131ndan al\u0131nan kan, ileride Connor&#8217;a kemik ili\u011fi nakli i\u00e7in saklan\u0131yor.<\/p>\n<p style=\"text-align: justify;\">Bebekler \u015fu anda iki ya\u015f\u0131nda ve Connor&#8217;\u0131n sa\u011fl\u0131\u011f\u0131 da onlar\u0131n do\u011fumundan bu yana bir miktar d\u00fczelme g\u00f6stermi\u015f.<\/p>\n<p style=\"text-align: justify;\">Ancak tekrar k\u00f6t\u00fcle\u015firse, karde\u015flerinin kan \u00f6rnekleri, hayat\u0131n\u0131 kurtarmaya haz\u0131r.<\/p>\n<p style=\"text-align: justify;\">Bu \u00f6rnekle bir kez daha g\u00fcndeme gelen &#8220;Kurtar\u0131c\u0131 Karde\u015f&#8221; uygulamas\u0131, \u0130ngiltere&#8217;de uzun s\u00fcredir tart\u0131\u015f\u0131l\u0131yor.<\/p>\n<p style=\"text-align: justify;\">Ge\u00e7en sene bu uygulamay\u0131 yasaklamay\u0131 \u00f6ng\u00f6ren bir yasa g\u00fcndeme gelmi\u015f, ancak parlamentoda \u00f6n\u00fc kesilmi\u015fti.<\/p>\n<p style=\"text-align: justify;\"><span style=\"color: #888888;\">BBC<\/span><\/p>\n","protected":false},"excerpt":{"rendered":"<\/p>\n<p style=\"text-align: justify;\">\u0130ngiltere&#8217;de bir \u00e7ift, \u00f6l\u00fcmc\u00fcl bir hastal\u0131\u011fa yakalanan \u00e7ocuklar\u0131n\u0131 kurtarmak i\u00e7in, iki \u00e7ocuk daha d\u00fcnyaya getirdi.<\/p>\n<p style=\"text-align: justify;\">\u0130ngiltere&#8217;de bu konu ge\u00e7en sene parlamentoda da tart\u0131\u015f\u0131lm\u0131\u015ft\u0131.<\/p>\n<p style=\"text-align: justify;\">Ama\u00e7 t\u00fcp bebek y\u00f6ntemiyle d\u00fcnyaya getirilen bebeklerden al\u0131nacak kemik ili\u011finin hasta \u00e7ocu\u011fa nakledilmesi.<\/p>\n<p style=\"text-align: justify;\">Bu y\u00f6ntemi &#8220;Kurtar\u0131c\u0131 Karde\u015f&#8221; diye tan\u0131mlay\u0131p destekleyen de var, &#8220;\u00c7ocuklar <\/p>\n","protected":false},"author":1,"featured_media":0,"comment_status":"open","ping_status":"closed","sticky":false,"template":"","format":"standard","meta":{"footnotes":""},"categories":[3,5],"tags":[],"class_list":["post-13162","post","type-post","status-publish","format-standard","hentry","category-dunya","category-saglik","odd"],"_links":{"self":[{"href":"http:\/\/www.korhanyilmaz.com\/index.php?rest_route=\/wp\/v2\/posts\/13162","targetHints":{"allow":["GET"]}}],"collection":[{"href":"http:\/\/www.korhanyilmaz.com\/index.php?rest_route=\/wp\/v2\/posts"}],"about":[{"href":"http:\/\/www.korhanyilmaz.com\/index.php?rest_route=\/wp\/v2\/types\/post"}],"author":[{"embeddable":true,"href":"http:\/\/www.korhanyilmaz.com\/index.php?rest_route=\/wp\/v2\/users\/1"}],"replies":[{"embeddable":true,"href":"http:\/\/www.korhanyilmaz.com\/index.php?rest_route=%2Fwp%2Fv2%2Fcomments&post=13162"}],"version-history":[{"count":0,"href":"http:\/\/www.korhanyilmaz.com\/index.php?rest_route=\/wp\/v2\/posts\/13162\/revisions"}],"wp:attachment":[{"href":"http:\/\/www.korhanyilmaz.com\/index.php?rest_route=%2Fwp%2Fv2%2Fmedia&parent=13162"}],"wp:term":[{"taxonomy":"category","embeddable":true,"href":"http:\/\/www.korhanyilmaz.com\/index.php?rest_route=%2Fwp%2Fv2%2Fcategories&post=13162"},{"taxonomy":"post_tag","embeddable":true,"href":"http:\/\/www.korhanyilmaz.com\/index.php?rest_route=%2Fwp%2Fv2%2Ftags&post=13162"}],"curies":[{"name":"wp","href":"https:\/\/api.w.org\/{rel}","templated":true}]}}