{"id":13119,"date":"2009-08-10T16:39:27","date_gmt":"2009-08-10T13:39:27","guid":{"rendered":"http:\/\/www.korhanyilmaz.com\/?p=13119"},"modified":"2009-08-10T16:39:27","modified_gmt":"2009-08-10T13:39:27","slug":"batman%e2%80%99da-dogdu-atina%e2%80%99da-oldu-diyarbakir%e2%80%99da-gomuluyor","status":"publish","type":"post","link":"http:\/\/www.korhanyilmaz.com\/?p=13119","title":{"rendered":"Batman\u2019da do\u011fdu Atina\u2019da \u00f6ld\u00fc Diyarbak\u0131r\u2019da g\u00f6m\u00fcl\u00fcyor"},"content":{"rendered":"<p style=\"text-align: center;\">\n<div id=\"attachment_13120\" style=\"width: 339px\" class=\"wp-caption aligncenter\"><a href=\"http:\/\/www.korhanyilmaz.com\/wp-content\/uploads\/2009\/08\/110820090244547407205.jpg\"  class=\"lightview\"><img loading=\"lazy\" decoding=\"async\" aria-describedby=\"caption-attachment-13120\" class=\"size-full wp-image-13120\" title=\"Aram Tigran\" src=\"http:\/\/www.korhanyilmaz.com\/wp-content\/uploads\/2009\/08\/110820090244547407205.jpg\" alt=\"Aram Tigran\" width=\"329\" height=\"210\" \/><\/a><p id=\"caption-attachment-13120\" class=\"wp-caption-text\">Aram Tigran<\/p><\/div>\n<p style=\"text-align: justify;\">D\u00fcnyaca \u00fcnl\u00fc m\u00fczisyen Aram Tigran vasiyeti \u00fczerine Diyarbak\u0131r\u2019da topra\u011fa veriliyor.<\/p>\n<p style=\"text-align: justify;\">YUNAN\u0130STAN\u2019IN ba\u015fkenti Atina\u2019da beyin kanamas\u0131 ge\u00e7iren ve tedavi g\u00f6rd\u00fc\u011f\u00fc hastanede ge\u00e7en Cumartesi g\u00fcn\u00fc 75 ya\u015f\u0131nda \u00f6len \u00fcnl\u00fc sanat\u00e7\u0131 Aram Tigran, bug\u00fcn Diyarbak\u0131r\u2019da topra\u011fa verilecek. T\u00fcrk vatanda\u015f\u0131 olmayan Tigran\u2019\u0131n cenazesinin T\u00fcrkiye\u2019ye getirilmesi i\u00e7in Diyarbak\u0131r B\u00fcy\u00fck\u015fehir Belediye Ba\u015fkan\u0131 DTP\u2019li Osman Baydemir, bir komisyon kuruldu. Diyarbak\u0131r B\u00fcy\u00fck\u015fehir Belediyesi K\u00fclt\u00fcr M\u00fcd\u00fcr\u00fc Cevahir Sadak, Atina\u2019ya giderek, b\u00fcrokratik i\u015flemleri tamamlad\u0131. Tigran\u2019\u0131n cenazesi bug\u00fcn u\u00e7akla Diyarbak\u0131r\u2019a getirilecek ve Diyarbak\u0131r Ermeni Kilisesi\u2019nde yap\u0131lacak ayin ard\u0131ndan Adak Tigran, Urfakap\u0131 Semti\u2019nde bulunan Ermeni Mezarl\u0131\u011f\u0131\u2019nda topra\u011fa verilecek. Diyarbak\u0131r B\u00fcy\u00fck\u015fehir Belediyesi Temizlik \u0130\u015fleri M\u00fcd\u00fcrl\u00fc\u011f\u00fc ekipleri Tigran\u2019\u0131n defnedilece\u011fi Ermeni Mezarl\u0131\u011f\u0131\u2019nda temizlik \u00e7al\u0131\u015fmas\u0131 ba\u015flatt\u0131. Uzun s\u00fcreden bu yana bak\u0131ms\u0131z oldu\u011fu g\u00f6r\u00fclen mezarl\u0131\u011f\u0131n i\u00e7i ve d\u0131\u015f\u0131ndaki otlar temizlenirken, kamyonlarla topraklar d\u00f6k\u00fclerek \u00e7evre d\u00fczenlemesi yap\u0131ld\u0131. \u00c7i\u00e7eklerin dikili\u011fi mezarl\u0131\u011fa \u00e7\u00f6p kovalar\u0131 da konuldu. <!--more--><\/p>\n<p style=\"text-align: justify;\"><strong><em>7 dilde \u015fark\u0131 s\u00f6yledi<\/em><\/strong><\/p>\n<p style=\"text-align: justify;\">Ailesi Batman\u2019\u0131n Sason \u0130l\u00e7esi Bianda K\u00f6y\u00fc\u2019nde oturan ve 1934 y\u0131l\u0131nda bu k\u00f6yde d\u00fcnyaya gelen Aram Tigran, ailesi ile birlikte Suriye\u2019nin Kam\u0131\u015fl\u0131 kentine g\u00f6\u00e7 etti. Tigran, 9 ya\u015f\u0131ndayken m\u00fczikle ilgilenmeye ba\u015flad\u0131. Bu ya\u015flarda ud \u00e7almaya ba\u015flayan Aram Tigran, 20 ya\u015f\u0131ndayken K\u00fcrt\u00e7e, Ermenice ve Arap\u00e7a \u015fark\u0131lar s\u00f6yledi.<\/p>\n<p style=\"text-align: justify;\">Tigran, 12 K\u00fcrt\u00e7e alb\u00fcm yapt\u0131, 100\u2019den fazla K\u00fcrt\u00e7e ve Ermenice \u015fark\u0131n\u0131n s\u00f6z ve m\u00fczi\u011fini yapt\u0131. Tigran, bug\u00fcne kadar K\u00fcrt\u00e7e, Ermenice, S\u00fcryanice, Arap\u00e7a, Yunanca, Zazaca ve T\u00fcrk\u00e7e \u015fark\u0131lardan derledi\u011fi 435 \u015fark\u0131y\u0131 seslendirdi.<\/p>\n<p style=\"text-align: justify;\"><span style=\"color: #888888;\">Vatan<\/span><\/p>\n","protected":false},"excerpt":{"rendered":"<p style=\"text-align: center;\">\n<p id=\"caption-attachment-13120\" class=\"wp-caption-text\">Aram Tigran<\/p>\n<p style=\"text-align: justify;\">D\u00fcnyaca \u00fcnl\u00fc m\u00fczisyen Aram Tigran vasiyeti \u00fczerine Diyarbak\u0131r\u2019da topra\u011fa veriliyor.<\/p>\n<p style=\"text-align: justify;\">YUNAN\u0130STAN\u2019IN ba\u015fkenti Atina\u2019da beyin kanamas\u0131 ge\u00e7iren ve tedavi g\u00f6rd\u00fc\u011f\u00fc hastanede ge\u00e7en Cumartesi g\u00fcn\u00fc 75 ya\u015f\u0131nda \u00f6len \u00fcnl\u00fc sanat\u00e7\u0131 Aram Tigran, bug\u00fcn Diyarbak\u0131r\u2019da topra\u011fa verilecek. T\u00fcrk vatanda\u015f\u0131 olmayan Tigran\u2019\u0131n cenazesinin T\u00fcrkiye\u2019ye getirilmesi i\u00e7in Diyarbak\u0131r B\u00fcy\u00fck\u015fehir <\/p>\n","protected":false},"author":1,"featured_media":0,"comment_status":"open","ping_status":"closed","sticky":false,"template":"","format":"standard","meta":{"footnotes":""},"categories":[7],"tags":[],"class_list":["post-13119","post","type-post","status-publish","format-standard","hentry","category-ekonomi","odd"],"_links":{"self":[{"href":"http:\/\/www.korhanyilmaz.com\/index.php?rest_route=\/wp\/v2\/posts\/13119","targetHints":{"allow":["GET"]}}],"collection":[{"href":"http:\/\/www.korhanyilmaz.com\/index.php?rest_route=\/wp\/v2\/posts"}],"about":[{"href":"http:\/\/www.korhanyilmaz.com\/index.php?rest_route=\/wp\/v2\/types\/post"}],"author":[{"embeddable":true,"href":"http:\/\/www.korhanyilmaz.com\/index.php?rest_route=\/wp\/v2\/users\/1"}],"replies":[{"embeddable":true,"href":"http:\/\/www.korhanyilmaz.com\/index.php?rest_route=%2Fwp%2Fv2%2Fcomments&post=13119"}],"version-history":[{"count":0,"href":"http:\/\/www.korhanyilmaz.com\/index.php?rest_route=\/wp\/v2\/posts\/13119\/revisions"}],"wp:attachment":[{"href":"http:\/\/www.korhanyilmaz.com\/index.php?rest_route=%2Fwp%2Fv2%2Fmedia&parent=13119"}],"wp:term":[{"taxonomy":"category","embeddable":true,"href":"http:\/\/www.korhanyilmaz.com\/index.php?rest_route=%2Fwp%2Fv2%2Fcategories&post=13119"},{"taxonomy":"post_tag","embeddable":true,"href":"http:\/\/www.korhanyilmaz.com\/index.php?rest_route=%2Fwp%2Fv2%2Ftags&post=13119"}],"curies":[{"name":"wp","href":"https:\/\/api.w.org\/{rel}","templated":true}]}}