{"id":13115,"date":"2009-08-11T08:33:39","date_gmt":"2009-08-11T05:33:39","guid":{"rendered":"http:\/\/www.korhanyilmaz.com\/?p=13115"},"modified":"2009-08-11T08:33:39","modified_gmt":"2009-08-11T05:33:39","slug":"silahsiz-bir-sey-olmaz-o-da-askerde-var-bu-yuzden-orducuyuz","status":"publish","type":"post","link":"http:\/\/www.korhanyilmaz.com\/?p=13115","title":{"rendered":"Silahs\u0131z bir \u015fey olmaz o da askerde var, bu y\u00fczden &#039;ordu&#039;cuyuz"},"content":{"rendered":"<p><a href=\"http:\/\/www.korhanyilmaz.com\/wp-content\/uploads\/2009\/08\/ym_perincek_k.jpg\"  class=\"lightview\"><img loading=\"lazy\" decoding=\"async\" class=\"aligncenter size-full wp-image-13116\" src=\"http:\/\/www.korhanyilmaz.com\/wp-content\/uploads\/2009\/08\/ym_perincek_k.jpg\" alt=\"\" width=\"365\" height=\"235\" \/><\/a><\/p>\n<p style=\"text-align: justify;\">Ergenekon ter\u00f6r \u00f6rg\u00fct\u00fcnde \u00fcst d\u00fczey y\u00f6netici olmakla su\u00e7lanan \u0130\u015f\u00e7i Partisi Genel Ba\u015fkan\u0131 Do\u011fu Perin\u00e7ek&#8217;in neden &#8216;orducu g\u00f6r\u00fcnd\u00fc\u011f\u00fc&#8217; ortaya \u00e7\u0131kt\u0131. Perin\u00e7ek, Yal\u00e7\u0131n K\u00fc\u00e7\u00fck&#8217;e iletti\u011fi bir notta &#8216;ordunun yan\u0131ndaym\u0131\u015f gibi&#8217; g\u00f6r\u00fcnmelerinin sebebini \u015f\u00f6yle a\u00e7\u0131kl\u0131yor: &#8220;Bizim orducu g\u00f6r\u00fcnmemize gelince; silahs\u0131z hi\u00e7bir \u015fey yap\u0131lamaz bir durumday\u0131z. Silah da orduda var&#8230;&#8221;<\/p>\n<p style=\"text-align: justify;\">3. Ergenekon iddianamesinin san\u0131klar\u0131 aras\u0131nda yer alan Prof. Dr. Yal\u00e7\u0131n K\u00fc\u00e7\u00fck&#8217;ten ele ge\u00e7irilen belgeler aras\u0131nda &#8216;ANF F\u0131rat&#8217; ibaresi ile ba\u015flayan 4 sayfal\u0131k bir dok\u00fcman bulunuyor. Neylan isimli \u015fahs\u0131n Yal\u00e7\u0131n K\u00fc\u00e7\u00fck&#8217;e hitaben yazd\u0131\u011f\u0131 belirtilen dok\u00fcmanda Perin\u00e7ek&#8217;le yapt\u0131\u011f\u0131 g\u00f6r\u00fc\u015fmelerden notlar yer al\u0131yor. Do\u011fu Perin\u00e7ek, &#8220;Yal\u00e7\u0131n hoca benim g\u00f6r\u00fc\u015flerimi biliyor. Benim ad\u0131ma kimi ili\u015fkiler kurabilir.&#8221; diyor. <!--more--><\/p>\n<p style=\"text-align: justify;\">Prof. Dr. Yal\u00e7\u0131n K\u00fc\u00e7\u00fck&#8217;ten ele ge\u00e7irilen belgeler aras\u0131nda &#8216;ANF F\u0131rat&#8217; ibaresi ile ba\u015flayan, &#8216;\u00d6calan&#8217; ibaresi ile devam eden 23.6.2007 ibaresi ile biten 4 sayfal\u0131k bir dok\u00fcman bulunuyor. \u0130\u00e7eri\u011finde ilgin\u00e7 ifadeler yer alan dok\u00fcman\u0131n 4 ve 5 ile numaraland\u0131r\u0131lm\u0131\u015f sayfalar\u0131nda, Neylan isimli \u015fahs\u0131n Yal\u00e7\u0131n K\u00fc\u00e7\u00fck&#8217;e hitaben yazd\u0131\u011f\u0131 de\u011ferlendirilen bir not bulunuyor. Notta, \u015fahs\u0131n Do\u011fu Perin\u00e7ek&#8217;le yapt\u0131\u011f\u0131 g\u00f6r\u00fc\u015fmelerden detaylar yer al\u0131yor. \u015eah\u0131s, g\u00f6r\u00fc\u015fmede &#8216;uzun notlar&#8217; ald\u0131\u011f\u0131n\u0131 ve bu notlar\u0131 Perin\u00e7ek&#8217;in a\u011fz\u0131ndan aktarmak istedi\u011fini anlat\u0131yor. Notlara g\u00f6re Perin\u00e7ek, &#8220;Yal\u00e7\u0131n hoca benim g\u00f6r\u00fc\u015flerimi biliyor. Benim ad\u0131ma kimi ili\u015fkiler kurabilir.&#8221; diyor. Neylan isimli ki\u015fi, &#8220;S\u00f6zlerinin \u0130mral\u0131&#8217;ya gitti\u011fi bilgisini verdi\u011fimde ise Perin\u00e7ek, &#8216;Galiba ben yanl\u0131\u015f anla\u015f\u0131lm\u0131\u015f\u0131m&#8217; dedi.&#8221; notunu d\u00fc\u015fm\u00fc\u015f.<\/p>\n<p style=\"text-align: justify;\"><strong>PKK&#8217;YLA G\u00d6R\u00dc\u015eEB\u0130L\u0130R\u0130Z AMA \u015eU AN DOST OLMAYIZ <\/strong><\/p>\n<p style=\"text-align: justify;\">Yaz\u0131n\u0131n devam\u0131 \u015f\u00f6yle: &#8220;(Do\u011fu Perin\u00e7ek) \u015funlar\u0131 s\u00f6yledi: &#8220;Biz Apo ile ili\u015fki kurmak istemiyoruz. Yal\u00e7\u0131n hocan\u0131n onlarla bizim aram\u0131zda ili\u015fki kurmas\u0131 do\u011fru de\u011fil. Bir kez bu ili\u015fkinin hapishane \u00fczerinden kurulmas\u0131 do\u011fru de\u011fil. \u0130kincisi, partimizin organlar\u0131 var. Parti d\u0131\u015f\u0131ndan birinin bizim ad\u0131m\u0131za ili\u015fki kurmas\u0131 do\u011fru olmaz. PKK ile g\u00f6r\u00fc\u015febiliriz ancak bu ko\u015fullarda dost olmay\u0131z.<\/p>\n<p style=\"text-align: justify;\"><strong>B\u0130Z ORDUYA G\u0130TMED\u0130K, ORDU B\u0130ZE GELD\u0130 <\/strong><\/p>\n<p style=\"text-align: justify;\">&#8220;Yal\u00e7\u0131n hoca, &#8216;PKK merkez komitesinin yapt\u0131\u011f\u0131 yeni d\u00fcnya d\u00fczeni \u00e7ok \u00f6nemlidir, d\u00fcnyay\u0131 o y\u00f6netiyor ve biz de buradaki yerimizi almal\u0131y\u0131z&#8217; yollu a\u00e7\u0131klama yap\u0131yorsa ben buna inan\u0131r\u0131m. \u00d6calan, Yal\u00e7\u0131n K\u00fc\u00e7\u00fck \u00fczerinden bir ili\u015fkiden \u00e7ok rahatlar. Apo&#8217;nun \u0130mral\u0131&#8217;da kimin elinde oldu\u011fu belli de\u011fil ve san\u0131yorum \u00d6zel Kuvvetler Komutanl\u0131\u011f\u0131&#8217;n\u0131n elinde. Oradan gelen bilgileri ordudan geliyormu\u015f gibi d\u00fc\u015f\u00fcnmemek laz\u0131m. \u0130mral\u0131&#8217;da Genelkurmay de\u011fil, \u00d6zel Kuvvetler Komutanl\u0131\u011f\u0131 etkili&#8230; Bizim orducu g\u00f6r\u00fcnmemize gelince; silahs\u0131z hi\u00e7bir \u015fey yap\u0131lamaz bir durumday\u0131z. Silah da orduda var&#8230; Bu sava\u015fta bizim yan\u0131m\u0131zda kim var diye bakt\u0131\u011f\u0131m\u0131zda ordunun oldu\u011funu g\u00f6r\u00fcyoruz. Ayr\u0131ca biz orduya gitmedik, ordu bize geliyor. Bu nedenle bize orducu denmesinden rahats\u0131z de\u011filiz&#8230;&#8221;<\/p>\n<p style=\"text-align: justify;\"><span style=\"color: #888888;\">Kaynak : Zaman\u00a0 &#8211; U\u011fur Sa\u011f\u0131nd\u0131k<\/span><\/p>\n","protected":false},"excerpt":{"rendered":"<\/p>\n<p style=\"text-align: justify;\">Ergenekon ter\u00f6r \u00f6rg\u00fct\u00fcnde \u00fcst d\u00fczey y\u00f6netici olmakla su\u00e7lanan \u0130\u015f\u00e7i Partisi Genel Ba\u015fkan\u0131 Do\u011fu Perin\u00e7ek&#8217;in neden &#8216;orducu g\u00f6r\u00fcnd\u00fc\u011f\u00fc&#8217; ortaya \u00e7\u0131kt\u0131. Perin\u00e7ek, Yal\u00e7\u0131n K\u00fc\u00e7\u00fck&#8217;e iletti\u011fi bir notta &#8216;ordunun yan\u0131ndaym\u0131\u015f gibi&#8217; g\u00f6r\u00fcnmelerinin sebebini \u015f\u00f6yle a\u00e7\u0131kl\u0131yor: &#8220;Bizim orducu g\u00f6r\u00fcnmemize gelince; silahs\u0131z hi\u00e7bir \u015fey yap\u0131lamaz bir durumday\u0131z. Silah da orduda var&#8230;&#8221;<\/p>\n<p style=\"text-align: justify;\">3. Ergenekon iddianamesinin san\u0131klar\u0131 <\/p>\n","protected":false},"author":1,"featured_media":0,"comment_status":"open","ping_status":"closed","sticky":false,"template":"","format":"standard","meta":{"footnotes":""},"categories":[105],"tags":[],"class_list":["post-13115","post","type-post","status-publish","format-standard","hentry","category-gundem","odd"],"_links":{"self":[{"href":"http:\/\/www.korhanyilmaz.com\/index.php?rest_route=\/wp\/v2\/posts\/13115","targetHints":{"allow":["GET"]}}],"collection":[{"href":"http:\/\/www.korhanyilmaz.com\/index.php?rest_route=\/wp\/v2\/posts"}],"about":[{"href":"http:\/\/www.korhanyilmaz.com\/index.php?rest_route=\/wp\/v2\/types\/post"}],"author":[{"embeddable":true,"href":"http:\/\/www.korhanyilmaz.com\/index.php?rest_route=\/wp\/v2\/users\/1"}],"replies":[{"embeddable":true,"href":"http:\/\/www.korhanyilmaz.com\/index.php?rest_route=%2Fwp%2Fv2%2Fcomments&post=13115"}],"version-history":[{"count":0,"href":"http:\/\/www.korhanyilmaz.com\/index.php?rest_route=\/wp\/v2\/posts\/13115\/revisions"}],"wp:attachment":[{"href":"http:\/\/www.korhanyilmaz.com\/index.php?rest_route=%2Fwp%2Fv2%2Fmedia&parent=13115"}],"wp:term":[{"taxonomy":"category","embeddable":true,"href":"http:\/\/www.korhanyilmaz.com\/index.php?rest_route=%2Fwp%2Fv2%2Fcategories&post=13115"},{"taxonomy":"post_tag","embeddable":true,"href":"http:\/\/www.korhanyilmaz.com\/index.php?rest_route=%2Fwp%2Fv2%2Ftags&post=13115"}],"curies":[{"name":"wp","href":"https:\/\/api.w.org\/{rel}","templated":true}]}}