{"id":13111,"date":"2009-08-10T16:24:12","date_gmt":"2009-08-10T13:24:12","guid":{"rendered":"http:\/\/www.korhanyilmaz.com\/?p=13111"},"modified":"2009-08-10T16:24:12","modified_gmt":"2009-08-10T13:24:12","slug":"eskiden-serbest-guresti-simdi-grekoromen-bile-degil","status":"publish","type":"post","link":"http:\/\/www.korhanyilmaz.com\/?p=13111","title":{"rendered":"Eskiden serbest g\u00fcre\u015fti \u015fimdi grekoromen bile de\u011fil"},"content":{"rendered":"<p style=\"text-align: center;\"><a href=\"http:\/\/www.korhanyilmaz.com\/wp-content\/uploads\/2009\/08\/110820090310050545929.jpg\"  class=\"lightview\"><img loading=\"lazy\" decoding=\"async\" class=\"aligncenter size-full wp-image-13112\" src=\"http:\/\/www.korhanyilmaz.com\/wp-content\/uploads\/2009\/08\/110820090310050545929.jpg\" alt=\"\" width=\"329\" height=\"210\" \/><\/a><\/p>\n<p style=\"text-align: justify;\">Antalya Milletvekili Mehmet Ali \u015eahin, ilk resmi ziyaretini se\u00e7im b\u00f6lgesine yapt\u0131.<\/p>\n<p style=\"text-align: justify;\">Meclis Ba\u015fkan\u0131 \u015eahin gazetecileri \u015f\u00f6yle uyard\u0131: \u201cEskisi kadar rahat de\u011filim. Her t\u00fcrl\u00fc sorunuza cevap verebilecek konumda de\u011filim. Eskiden serbest g\u00fcre\u015f gibiydi. \u015eimdi grekoromen bile de\u011fil. Takdir edersiniz&#8230;\u201d<\/p>\n<p style=\"text-align: justify;\">TBMM Ba\u015fkanl\u0131\u011f\u0131 g\u00f6revini \u00f6nceki g\u00fcn K\u00f6ksal Toptan\u2019dan devralan Antalya Milletvekili Mehmet Ali \u015eahin, ilk resmi ziyaretini se\u00e7im b\u00f6lgesine yapt\u0131. THY\u2019nin tarifeli u\u00e7a\u011f\u0131yla Ankara\u2019dan Antalya\u2019ya giden \u015eahin, VIP Salonu\u2019nda, Vali Alaaddin Y\u00fcksel, B\u00fcy\u00fck\u015fehir Belediye Ba\u015fkan\u0131 CHP\u2019li Mustafa Akayd\u0131n, B\u00fcy\u00fck\u015fehir Belediye eski Ba\u015fkan\u0131 Menderes T\u00fcrel ve partililer taraf\u0131ndan kar\u015f\u0131land\u0131. Kendisine sunulan bir demet \u00e7i\u00e7e\u011fi alan Mehmet Ali \u015eahin, bir \u00e7ocu\u011fa k\u0131rm\u0131z\u0131 beyaz renklerden olu\u015fan futbol topu hediye etti. TBMM Ba\u015fkan\u0131 Mehmet Ali \u015eahin daha sonra Vali Y\u00fcksel\u2019in \u201907 001\u2019plakal\u0131 makam otomobiline binerek Valilik binas\u0131na ge\u00e7erken, TBMM Ba\u015fkanl\u0131\u011f\u0131\u2019n\u0131n \u20190001\u2019plakal\u0131 makam arac\u0131 da kendisini izledi. \u015eahin, Adalet Bakan\u0131 oldu\u011fu d\u00f6nemde \u20190017\u2019k\u0131rm\u0131z\u0131 plakal\u0131 makam arac\u0131n\u0131 kullan\u0131yordu. <!--more--><\/p>\n<p style=\"text-align: justify;\"><strong><em>CHP\u2019li Ba\u015fkan\u2019a ziyaret<\/em><\/strong><\/p>\n<p style=\"text-align: justify;\">\u015eahin \u00f6nce Valilik\u2019e ard\u0131ndan da Antalya B\u00fcy\u00fck\u015fehir Belediyesi\u2019ne ge\u00e7ti. CHP\u2019li Ba\u015fkan Akayd\u0131n, \u201cBa\u015fkan\u0131m\u0131z\u0131n bu onurlu g\u00f6revi devr al\u0131p, hemen ertesi g\u00fcn Antalya\u2019y\u0131 ziyaret etmelerini, sadece Antalya milletvekili olman\u0131n da \u00f6tesinde Antalya\u2019ya \u00f6zel bir \u00f6nem verdi\u011finin i\u015fareti olarak alg\u0131l\u0131yoruz. Bundan b\u00fcy\u00fck mutluluk duydum\u201d dedi. Ba\u015fkan Akayd\u0131n, rekt\u00f6rl\u00fc\u011f\u00fc d\u00f6neminde, \u015eahin ile verimli diyaloglar\u0131 oldu\u011funu belirterek, \u201cAntalya B\u00fcy\u00fck\u015fehir Belediyesi olarak, demokrasinin ba\u015f\u0131ndaki ki\u015fi olarak say\u0131n Meclis ba\u015fkan\u0131m\u0131zdan \u00e7ok faydalanaca\u011f\u0131m\u0131z\u0131 d\u00fc\u015f\u00fcn\u00fcyorum\u201d dedi. \u015eahin, Ba\u015fkan Akayd\u0131n\u2019a, \u201cSevgili hocam, Antalya\u2019ya hizmet etmenin gayreti i\u00e7inde. Kendilerine ba\u015far\u0131lar diliyorum. TBMM Ba\u015fkan\u0131 s\u0131fat\u0131yla Antalya\u2019n\u0131n her t\u00fcrl\u00fc sorunuyla ilgilenmenin, Antalya milletvekili s\u0131fat\u0131yla g\u00f6revim oldu\u011funu d\u00fc\u015f\u00fcn\u00fcyorum\u201d dedi.<\/p>\n<p style=\"text-align: justify;\"><em><strong>\u2019Kavgayla sorun \u00e7\u00f6z\u00fclmez\u2019 <\/strong><\/em><\/p>\n<p style=\"text-align: justify;\">Gazetecilerin sorular\u0131n\u0131 yan\u0131tlayan \u015eahin, \u201cEskisi kadar rahat de\u011filim. Her t\u00fcrl\u00fc sorunuza cevap verebilecek konumda de\u011filim. Eskiden serbest g\u00fcre\u015f gibiydi. \u015eimdi grekoromen bile de\u011fil. Takdir edersiniz belki\u201d dedi. Bir gazetecinin, \u201c\u00dclkedeki gerilim havas\u0131ndan vatanda\u015f\u0131n etkilendi\u011fini\u201d s\u00f6ylemesi \u00fczerine TBMM Ba\u015fkan\u0131 \u015eahin, \u015fu yan\u0131t\u0131 verdi: \u201cBu \u00fclke insan\u0131n\u0131n oturup konu\u015farak \u00e7\u00f6zemeyece\u011fi hi\u00e7bir probleminin oldu\u011funa inanm\u0131yorum. Yeter ki biraraya gelelim, onu\u015fal\u0131m fikirlerimizi serbest\u00e7e ifade edelim. Bu konuda Meclis ba\u015fkan\u0131na \u00f6nemli g\u00f6revler d\u00fc\u015f\u00fcyor. Ben bu sorumlulu\u011fumun bilincindeyim. 2011 se\u00e7im y\u0131l\u0131d\u0131r. O zamana kadar normal \u015fartlarda g\u00f6revde olaca\u011f\u0131m. Kavgayla g\u00fcr\u00fclt\u00fcyle z\u0131tla\u015farak tansiyonu gererek sorunlar\u0131n \u00e7\u00f6z\u00fclemeyece\u011fi anla\u015f\u0131lm\u0131\u015ft\u0131r. T\u00fcm medeni d\u00fcnya sorunlar\u0131 b\u00f6yle \u00e7\u00f6zm\u00fc\u015ft\u00fcr, T\u00fcrkiye\u2019de b\u00f6yle \u00e7\u00f6zecektir.\u201d<\/p>\n<p style=\"text-align: justify;\"><strong><em>\u2018Y\u00f6nlendirmem s\u00f6z konusu olmaz\u2019 <\/em><\/strong><\/p>\n<p style=\"text-align: justify;\">Bir gazetecinin, \u201cAnayasa\u2019n\u0131n de\u011fi\u015ftirilmesi veya K\u00fcrt sorunu hakk\u0131nda Meclis Ba\u015fkan\u0131 olarak arabuluculuk yapar m\u0131s\u0131n\u0131z? sorusuna \u015eahin, \u201dAd\u0131mlar at\u0131ld\u0131\u011f\u0131nda partiler aras\u0131nda, meclis ba\u015fkan\u0131n\u0131n yard\u0131mc\u0131 olmas\u0131 gerekti\u011finde bu \u00e7abalara yard\u0131mc\u0131 olabilirim. Yasa teklifi verin diye y\u00f6nlendirmem s\u00f6z konusu de\u011fil \u201c diye konu\u015ftu. \u015eahin, \u201dSiyasi partiler aras\u0131nda z\u0131tla\u015fmalar ya\u015fan\u0131yor mu?\u201c \u015feklindeki soruya da, \u201dZaman zaman oluyor tabii. Siyasi partilerimizin \u00f6zellikle grubu bulunan siyasi partilerimizin herhangi bir konuda bir araya gelerek konu\u015fmalar\u0131nda tart\u0131\u015fmalar\u0131nda b\u00fcy\u00fck yarar g\u00f6r\u00fcyorum.<\/p>\n<p style=\"text-align: justify;\"><span style=\"color: #888888;\">Kaynak : Vatan<\/span><\/p>\n","protected":false},"excerpt":{"rendered":"<p style=\"text-align: center;\">\n<p style=\"text-align: justify;\">Antalya Milletvekili Mehmet Ali \u015eahin, ilk resmi ziyaretini se\u00e7im b\u00f6lgesine yapt\u0131.<\/p>\n<p style=\"text-align: justify;\">Meclis Ba\u015fkan\u0131 \u015eahin gazetecileri \u015f\u00f6yle uyard\u0131: \u201cEskisi kadar rahat de\u011filim. Her t\u00fcrl\u00fc sorunuza cevap verebilecek konumda de\u011filim. Eskiden serbest g\u00fcre\u015f gibiydi. \u015eimdi grekoromen bile de\u011fil. Takdir edersiniz&#8230;\u201d<\/p>\n<p style=\"text-align: justify;\">TBMM Ba\u015fkanl\u0131\u011f\u0131 g\u00f6revini \u00f6nceki g\u00fcn K\u00f6ksal Toptan\u2019dan devralan <\/p>\n","protected":false},"author":1,"featured_media":0,"comment_status":"open","ping_status":"closed","sticky":false,"template":"","format":"standard","meta":{"footnotes":""},"categories":[105],"tags":[],"class_list":["post-13111","post","type-post","status-publish","format-standard","hentry","category-gundem","odd"],"_links":{"self":[{"href":"http:\/\/www.korhanyilmaz.com\/index.php?rest_route=\/wp\/v2\/posts\/13111","targetHints":{"allow":["GET"]}}],"collection":[{"href":"http:\/\/www.korhanyilmaz.com\/index.php?rest_route=\/wp\/v2\/posts"}],"about":[{"href":"http:\/\/www.korhanyilmaz.com\/index.php?rest_route=\/wp\/v2\/types\/post"}],"author":[{"embeddable":true,"href":"http:\/\/www.korhanyilmaz.com\/index.php?rest_route=\/wp\/v2\/users\/1"}],"replies":[{"embeddable":true,"href":"http:\/\/www.korhanyilmaz.com\/index.php?rest_route=%2Fwp%2Fv2%2Fcomments&post=13111"}],"version-history":[{"count":0,"href":"http:\/\/www.korhanyilmaz.com\/index.php?rest_route=\/wp\/v2\/posts\/13111\/revisions"}],"wp:attachment":[{"href":"http:\/\/www.korhanyilmaz.com\/index.php?rest_route=%2Fwp%2Fv2%2Fmedia&parent=13111"}],"wp:term":[{"taxonomy":"category","embeddable":true,"href":"http:\/\/www.korhanyilmaz.com\/index.php?rest_route=%2Fwp%2Fv2%2Fcategories&post=13111"},{"taxonomy":"post_tag","embeddable":true,"href":"http:\/\/www.korhanyilmaz.com\/index.php?rest_route=%2Fwp%2Fv2%2Ftags&post=13111"}],"curies":[{"name":"wp","href":"https:\/\/api.w.org\/{rel}","templated":true}]}}