{"id":13107,"date":"2009-08-10T15:11:53","date_gmt":"2009-08-10T12:11:53","guid":{"rendered":"http:\/\/www.korhanyilmaz.com\/?p=13107"},"modified":"2009-08-10T15:11:53","modified_gmt":"2009-08-10T12:11:53","slug":"iddianemedeki-sok-iddia","status":"publish","type":"post","link":"http:\/\/www.korhanyilmaz.com\/?p=13107","title":{"rendered":"\u0130ddianemedeki \u015fok iddia"},"content":{"rendered":"<p style=\"text-align: center;\"><a href=\"http:\/\/www.korhanyilmaz.com\/wp-content\/uploads\/2009\/08\/110820090238116893311.jpg\"  class=\"lightview\"><img loading=\"lazy\" decoding=\"async\" class=\"aligncenter size-full wp-image-13108\" src=\"http:\/\/www.korhanyilmaz.com\/wp-content\/uploads\/2009\/08\/110820090238116893311.jpg\" alt=\"\" width=\"329\" height=\"210\" \/><\/a><\/p>\n<p style=\"text-align: justify;\"><em><strong>Tar\u0131k \u00dcmit\u2019i \u00f6ld\u00fcr\u00fcp betona g\u00f6md\u00fcler, sonra denize att\u0131lar! <\/strong><\/em><\/p>\n<p style=\"text-align: justify;\">Ergenekon savc\u0131lar\u0131na ifade veren Tar\u0131k \u00dcmit\u2019in amcas\u0131, ye\u011fenini \u00f6zel harekat\u00e7\u0131 polislerin ka\u00e7\u0131rd\u0131\u011f\u0131n\u0131 s\u00f6yledi. Amca Cemalettin \u00dcmit, \u201cYe\u011fenimi \u00c7atl\u0131 sorgulad\u0131. Sonra da \u00f6ld\u00fcr\u00fcp cesedini att\u0131lar\u201d dedi.<\/p>\n<p style=\"text-align: justify;\">M\u0130T ve Emniyet\u2019in \u00f6nemli operasyonlarda kilit rol oynayan Tar\u0131k \u00dcmit, 2 Mart 1995\u2019te Erenk\u00f6y Divan Pastanesi\u2019nden \u00f6zel harekat\u00e7\u0131 polisler Ziya Band\u0131rmal\u0131o\u011flu ve Ayhan Ak\u00e7a taraf\u0131ndan ka\u00e7\u0131r\u0131ld\u0131ktan sonra s\u0131rra kadem bast\u0131. Kendisine ait 34 ZU 478 sahte plakal\u0131 K\u0131rm\u0131z\u0131 Chevrolet marka arabas\u0131 6 Mart\u2019ta \u0130stanbul Silivri yak\u0131nlar\u0131nda Jandarma b\u00f6lgesinde terk edilmi\u015f olarak bulundu. Aradan ge\u00e7en 14 y\u0131ll\u0131k s\u00fcre\u00e7te \u00dcmit\u2019in akibeti ile ilgili onlarca senaryo \u00fcretildi, y\u00fczlerci iddia \u00f6ne s\u00fcr\u00fcld\u00fc fakat hi\u00e7biri bu s\u0131rr\u0131 ayd\u0131nlatmaya yetmedi. <!--more--><\/p>\n<p style=\"text-align: justify;\"><strong><em>Amcan\u0131n \u015fok iddias\u0131<\/em><\/strong><\/p>\n<p style=\"text-align: justify;\">Ergenekon soru\u015fturmas\u0131 kapsam\u0131nda Savc\u0131 Zekeriya \u00d6z\u2019e gizli bir tan\u0131k ifade verdi ve Tar\u0131k \u00dcmit\u2019i, \u2019Ye\u015fil\u2019kod adl\u0131 Mahmut Y\u0131ld\u0131r\u0131m\u2019\u0131n \u00f6ld\u00fcrd\u00fc\u011f\u00fcn\u00fc \u00f6ne s\u00fcrd\u00fc. \u0130lk iddianamenin ek klas\u00f6rleri aras\u0131nda yer alan bu ifadenin ard\u0131ndan bu kez Tar\u0131k \u00dcmit\u2019in amcas\u0131 Cemalettin \u00dcmit\u2019in de Savc\u0131 \u00d6z\u2019e ifade verdi\u011fi ortaya \u00e7\u0131kt\u0131. 3. iddianemede yer alan ifadesinde amca \u00dcmit olayla ilgili \u015fok bir iddia \u00f6ne s\u00fcrd\u00fc. \u00dcmit, \u201cYe\u011fenimi \u00f6ld\u00fcr\u00fcp betona g\u00f6mm\u00fc\u015fler ve denize atm\u0131\u015flar\u201d dedi. Amca \u00dcmit, ge\u00e7ti\u011fimiz Kas\u0131m ay\u0131nda Savc\u0131 Zekeriya \u00d6z\u2019e verdi\u011fi ifadesinde \u015funlar\u0131 s\u00f6yledi:<\/p>\n<p style=\"text-align: justify;\">\u201cTar\u0131k \u00dcmit\u2019i Erenk\u00f6y Divan Pastanesi\u2019nden \u00f6zel harek\u00e2t\u00e7\u0131 polisler Ziya Band\u0131rmal\u0131o\u011flu ve Ayhan Ak\u00e7a al\u0131yor ve K\u0131z\u0131ltoprak\u2019taki kendi evine g\u00f6t\u00fcr\u00fcyorlar. \u0130brahim \u015eahin de evde onlar\u0131 bekliyor. Daha sonra Tar\u0131k\u2019\u0131 bu ekip Yalova\u2019da bir eve g\u00f6t\u00fcr\u00fcyor. Orada Sami Ho\u015ftan, Abdullah \u00c7atl\u0131 ve Haluk K\u0131rc\u0131 d\u00f6rt g\u00fcn i\u015fkence ile sorguluyor. Parmaklar\u0131n\u0131 bizzat \u015eahin k\u0131r\u0131yor ve sonra Tar\u0131k\u2019\u0131 \u00f6ld\u00fcr\u00fcyorlar. Cinayet izi b\u0131rakmamak i\u00e7in de Tar\u0131k\u2019\u0131n cesedini betona g\u00f6m\u00fcp denize at\u0131yorlar. Daha sonra ayn\u0131 pastanede benim ve Tar\u0131k\u2019\u0131n tan\u0131d\u0131\u011f\u0131 Baha \u015een\u2019le kar\u015f\u0131la\u015ft\u0131m. O g\u00fcn Tar\u0131k\u2019la oturduklar\u0131n\u0131, bir m\u00fcddet sonra yanlar\u0131na isimlerini sonradan \u00f6\u011frendi\u011fi Ak\u00e7a ve Band\u0131rmal\u0131o\u011flu\u2019nun geldi\u011fini s\u00f6yledi. \u015een, \u00dcmit\u2019in yan\u0131nda oturanlardan birisine, \u2019Di\u011feri nerede\u2019diye sordu\u011funu ve Tar\u0131k\u2019\u0131n \u015eahin\u2019i \u2019i kastetti\u011fini d\u00fc\u015f\u00fcnd\u00fc\u011f\u00fcn\u00fc de s\u00f6yledi. \u015een daha sonra pastaneden ayr\u0131l\u0131yor. Tar\u0131k, Ayhan ve Ziya beraberce Tar\u0131k\u2019\u0131n K\u0131z\u0131ltoprak\u2019taki evine gidiyor.\u201d<\/p>\n<p style=\"text-align: justify;\"><strong><em>K\u0131z\u0131n\u0131n ifadesi de iddianamede<\/em><\/strong><\/p>\n<p style=\"text-align: justify;\">\u0130ddianamede Tar\u0131k \u00dcmit\u2019in k\u0131z\u0131 Hande Birinci\u2019nin 07.01.1997\u2019de verdi\u011fi ifade de yer ald\u0131. \u00d6zet halinde verilen ifadeyle ilgili olarak \u015funlar kaydedildi: \u201cHande Birinci, babas\u0131n\u0131n iki polis memuru ve \u0130brahim \u015eahin taraf\u0131ndan Abdullah \u00c7atl\u0131\u2019ya teslim edildi\u011fini, bir daha da kendisinden haber al\u0131namad\u0131\u011f\u0131n\u0131, daha sonraki d\u00f6nemde olay\u0131n \u015f\u00fcphelisi polis memurlar\u0131 Ayhan Ak\u00e7a ve Ziya Band\u0131rmal\u0131o\u011flu isimli \u015fah\u0131slar\u0131 sorgulayan Jandarma g\u00f6revlisi Seyit Ahmet Altunta\u015f\u2019\u0131n \u0130brahim \u015eahin taraf\u0131ndan uyar\u0131ld\u0131\u011f\u0131n\u0131 beyan etmi\u015ftir.\u201d<\/p>\n<p style=\"text-align: justify;\"><strong><em>B\u00fcy\u00fck ve \u00f6nemli operasyonlar\u0131n adam\u0131<\/em><\/strong><\/p>\n<p style=\"text-align: justify;\">* Tar\u0131k \u00dcmit, 1947\u2019de D\u00fczce\u2019de do\u011fdu. Babas\u0131n\u0131 kaybedince Almanya\u2019daki amcas\u0131n\u0131n yan\u0131na gitti. 1968\u2019de T\u00fcrkiye\u2019ye d\u00f6nd\u00fc ve yeralt\u0131 d\u00fcnyas\u0131n\u0131n \u00fcnl\u00fc ismi D\u00fcndar K\u0131l\u0131\u00e7\u2019la ortak i\u015f yapmaya ba\u015flad\u0131. 1978\u2019de M\u0130T\u2019te \u00e7al\u0131\u015fmaya ba\u015flad\u0131, \u00f6zellikle yeralt\u0131 d\u00fcnyas\u0131ndan sa\u011flad\u0131\u011f\u0131 istihbaratlarla 1984\u2019teki Babalar Operasyonu\u2019nda g\u00f6rev ald\u0131.<\/p>\n<p style=\"text-align: justify;\">* Mehmet Eym\u00fcr ve ekibince yaz\u0131lan \u00fcnl\u00fc M\u0130T raporunun haz\u0131rlanmas\u0131nda da yer ald\u0131. 1991\u2019de DEV-SOL sald\u0131r\u0131s\u0131ndan yaral\u0131 kurtuldu. 1994\u2019te Korkut Eken arac\u0131l\u0131\u011f\u0131yla Mehmet A\u011far\u2019la tan\u0131\u015ft\u0131r\u0131ld\u0131.<\/p>\n<p style=\"text-align: justify;\">* Susurluk s\u00fcrecinde \u0130brahim \u015eahin ve Veli K\u00fc\u00e7\u00fck ekibiyle \u00e7al\u0131\u015ft\u0131. Ancak \u015eahin grubunun faaliyetlerini Eym\u00fcr\u2019e anlatt\u0131\u011f\u0131 i\u00e7in bu ekiple aras\u0131 a\u00e7\u0131lm\u0131\u015ft\u0131. 1995\u2019te \u00f6zel harekat\u00e7\u0131 polisler taraf\u0131ndan ka\u00e7\u0131r\u0131ld\u0131.<\/p>\n<p style=\"text-align: justify;\">* Jandarma \u0130stihbarat Astsubay Ahmet Alt\u0131nta\u015f \u00dcmit cinayetini \u00e7\u00f6zmek \u00fczereyken Gazi olaylar\u0131 ba\u015flad\u0131. Altunta\u015f buraya kayd\u0131r\u0131ld\u0131. Olaylar bitince Diyarbak\u0131r\u2019a tayin edildi.<\/p>\n<p style=\"text-align: justify;\"><strong><em>EYM\u00dcR DE \u0130FADE VERD\u0130: \u015eahin, \u00dcmit\u2019le ilgili bir \u015fey s\u00f6ylemedi.<\/em><\/strong><\/p>\n<p style=\"text-align: justify;\">TARIK \u00dcmit\u2019in ka\u00e7\u0131r\u0131lmas\u0131 ile ilgili olarak M\u0130T eski Kontrter\u00f6r Daire Ba\u015fkan\u0131 Mehmet Eym\u00fcr\u2019\u00fcn de ifade verdi\u011fi ortaya \u00e7\u0131kt\u0131. 3. iddianemede \u00f6zetine yer verilen ifadesinde Eym\u00fcr, \u201c33 y\u0131l Milli \u0130stihbarat Te\u015fkilat\u0131\u2019nda g\u00f6rev yapt\u0131m. Bu s\u00fcre i\u00e7erisinde vak\u0131f oldu\u011fum ve Ergenekon soru\u015fturmas\u0131nda yararl\u0131 olabilece\u011fini d\u00fc\u015f\u00fcnd\u00fc\u011f\u00fcm konularla alakal\u0131 bilgi vermek istiyorum\u201d dedikten sonra Tar\u0131k \u00dcmit olay\u0131 ile ilgili \u015fu bilgileri veriyor: \u201cTar\u0131k \u00dcmit ka\u00e7\u0131r\u0131ld\u0131\u011f\u0131nda, \u0130stanbul Jandarma \u0130stihbarat\u2019ta \u00e7al\u0131\u015fan Astsubay Seyit Ahmet Altunta\u015f soru\u015fturmayla ilgili M\u0130T g\u00f6revlileri ile de g\u00f6r\u00fc\u015fmek suretiyle epey yol ald\u0131. Hatta ald\u0131\u011f\u0131 bilgiler \u0131\u015f\u0131\u011f\u0131nda polis memuru Ziya Band\u0131rmal\u0131o\u011flu ve Ayhan Ak\u00e7a\u2019n\u0131n ifadelerine ba\u015fvurmak istedi ancak konu \u0130brahim \u015eahin\u2019e intikal etti. Hatta Altunta\u015f, \u015eahin\u2019e kendisinin de ifade vermesi gerekti\u011fini s\u00f6yledi. Bunu bizzat \u015eahin\u2019den duydum. Ancak \u015eahin kendisine \u00dcmit\u2019in ka\u00e7\u0131r\u0131lmas\u0131 ile alakal\u0131 herhangi bir \u015fey s\u00f6ylemedi. Soru\u015fturmay\u0131 y\u00fcr\u00fcten Altunta\u015f Diyarbak\u0131r\u2019a tayin edildi. Neden tayin edildi\u011fini bilmiyorum. Daha sonra da Giresun ilinde B\u00f6lge Komutan\u0131 olan Veli K\u00fc\u00e7\u00fck\u2019\u00fcn emrine atand\u0131. K\u00fc\u00e7\u00fck\u2019e bu durumu sordu\u011funda \u2019Evet benim emrime atad\u0131lar\u2019dedi.\u201d<\/p>\n<p style=\"text-align: justify;\"><strong><em>Eym\u00fcr: \u201cAmcas\u0131na \u2018Veli K\u00fc\u00e7\u00fck yapmaz\u2019 dedim ama&#8230;\u201d<\/em><\/strong><\/p>\n<p style=\"text-align: justify;\">MEHMET Eym\u00fcr, ifadesine \u015f\u00f6yle devam etti: \u201cTar\u0131k \u00dcmit\u2019i Divan Pastanesi\u2019nden al\u0131p g\u00f6t\u00fcren ki\u015filerden bir tanesinin Ziya Band\u0131rmal\u0131o\u011flu oldu\u011fu tan\u0131k beyanlar\u0131 ile anla\u015f\u0131ld\u0131. Band\u0131rmal\u0131o\u011flu\u2019nun daha sonra Veli K\u00fc\u00e7\u00fck\u2019\u00fcn g\u00fcvenlik \u015firketinde \u00e7al\u0131\u015ft\u0131\u011f\u0131n\u0131 duydum. Tar\u0131k \u00dcmit\u2019in amcas\u0131 Cemalettin \u00dcmit bu olayda Veli Pa\u015fa\u2019n\u0131n bilgisi oldu\u011funu o tarihte bana s\u00f6yledi. Ben de, \u201d Veli K\u00fc\u00e7\u00fck bizim dostumuzdur \u00f6yle bir bilgisi olsa bana s\u00f6ylerdi \u201c dedim. Ancak son d\u00f6nemde edindi\u011fi izlenimlerden sonra K\u00fc\u00e7\u00fck\u2019\u00fcn baz\u0131 ki\u015filerin yan\u0131nda yer almas\u0131 beni \u015fa\u015f\u0131rtt\u0131.\u201d<\/p>\n<p style=\"text-align: justify;\"><span style=\"color: #888888;\">Seyhan SEV\u0130N\u00c7 \/ VATAN \u0130ST\u0130HBARAT<\/span><\/p>\n","protected":false},"excerpt":{"rendered":"<p style=\"text-align: center;\">\n<p style=\"text-align: justify;\">Tar\u0131k \u00dcmit\u2019i \u00f6ld\u00fcr\u00fcp betona g\u00f6md\u00fcler, sonra denize att\u0131lar! <\/p>\n<p style=\"text-align: justify;\">Ergenekon savc\u0131lar\u0131na ifade veren Tar\u0131k \u00dcmit\u2019in amcas\u0131, ye\u011fenini \u00f6zel harekat\u00e7\u0131 polislerin ka\u00e7\u0131rd\u0131\u011f\u0131n\u0131 s\u00f6yledi. Amca Cemalettin \u00dcmit, \u201cYe\u011fenimi \u00c7atl\u0131 sorgulad\u0131. Sonra da \u00f6ld\u00fcr\u00fcp cesedini att\u0131lar\u201d dedi.<\/p>\n<p style=\"text-align: justify;\">M\u0130T ve Emniyet\u2019in \u00f6nemli operasyonlarda kilit rol oynayan Tar\u0131k \u00dcmit, 2 Mart <\/p>\n","protected":false},"author":1,"featured_media":0,"comment_status":"open","ping_status":"closed","sticky":false,"template":"","format":"standard","meta":{"footnotes":""},"categories":[105],"tags":[],"class_list":["post-13107","post","type-post","status-publish","format-standard","hentry","category-gundem","odd"],"_links":{"self":[{"href":"http:\/\/www.korhanyilmaz.com\/index.php?rest_route=\/wp\/v2\/posts\/13107","targetHints":{"allow":["GET"]}}],"collection":[{"href":"http:\/\/www.korhanyilmaz.com\/index.php?rest_route=\/wp\/v2\/posts"}],"about":[{"href":"http:\/\/www.korhanyilmaz.com\/index.php?rest_route=\/wp\/v2\/types\/post"}],"author":[{"embeddable":true,"href":"http:\/\/www.korhanyilmaz.com\/index.php?rest_route=\/wp\/v2\/users\/1"}],"replies":[{"embeddable":true,"href":"http:\/\/www.korhanyilmaz.com\/index.php?rest_route=%2Fwp%2Fv2%2Fcomments&post=13107"}],"version-history":[{"count":0,"href":"http:\/\/www.korhanyilmaz.com\/index.php?rest_route=\/wp\/v2\/posts\/13107\/revisions"}],"wp:attachment":[{"href":"http:\/\/www.korhanyilmaz.com\/index.php?rest_route=%2Fwp%2Fv2%2Fmedia&parent=13107"}],"wp:term":[{"taxonomy":"category","embeddable":true,"href":"http:\/\/www.korhanyilmaz.com\/index.php?rest_route=%2Fwp%2Fv2%2Fcategories&post=13107"},{"taxonomy":"post_tag","embeddable":true,"href":"http:\/\/www.korhanyilmaz.com\/index.php?rest_route=%2Fwp%2Fv2%2Ftags&post=13107"}],"curies":[{"name":"wp","href":"https:\/\/api.w.org\/{rel}","templated":true}]}}