{"id":13103,"date":"2009-08-10T12:07:25","date_gmt":"2009-08-10T09:07:25","guid":{"rendered":"http:\/\/www.korhanyilmaz.com\/?p=13103"},"modified":"2009-08-10T12:07:25","modified_gmt":"2009-08-10T09:07:25","slug":"son-umudu-sarkozy","status":"publish","type":"post","link":"http:\/\/www.korhanyilmaz.com\/?p=13103","title":{"rendered":"Son umudu Sarkozy"},"content":{"rendered":"<p style=\"text-align: center;\"><a href=\"http:\/\/www.korhanyilmaz.com\/wp-content\/uploads\/2009\/08\/110820090242007136987.jpg\"  class=\"lightview\"><img loading=\"lazy\" decoding=\"async\" class=\"aligncenter size-full wp-image-13104\" src=\"http:\/\/www.korhanyilmaz.com\/wp-content\/uploads\/2009\/08\/110820090242007136987.jpg\" alt=\"\" width=\"329\" height=\"210\" \/><\/a><\/p>\n<p style=\"text-align: justify;\">Frans\u0131z akademisyen Clotilde Reiss\u2019\u0131n serbest kalmas\u0131 i\u00e7in Sarkozy devreye girdi.<\/p>\n<p style=\"text-align: justify;\">\u0130ran\u2019da Cumhurba\u015fkanl\u0131\u011f\u0131 se\u00e7imleri s\u0131ras\u0131nda reformcu aday Mir H\u00fcseyin Musavi yanl\u0131s\u0131 g\u00f6sterilere kat\u0131lan ve \u0130ran polisi taraf\u0131ndan g\u00f6zalt\u0131na al\u0131nd\u0131ktan sonra yarg\u0131lanan Frans\u0131z akademisyen Clotilde Reiss\u2019\u0131n serbest kalmas\u0131 i\u00e7in Fransa Cumhurba\u015fkan\u0131 Nicolas Sarkozy devreye girdi. Elysee Saray\u0131\u2019ndan yap\u0131lan a\u00e7\u0131klamada Sarkozy\u2019nin 21 Temmuz\u2019dan beri \u0130ran\u2019da tutuklu bulunan Clotilde Reiss\u2019in serbest b\u0131rak\u0131lmas\u0131 i\u00e7in \u0130ran yetkilileri \u00fczerinde etkili olabilecek herkesle temaslarda bulundu\u011fu belirtildi. <!--more-->Sarkozy\u2019ye yak\u0131n kaynaklar, Fransa Cumhurba\u015fkan\u0131\u2019n\u0131n Reiss dosyas\u0131n\u0131 yak\u0131ndan takip etti\u011fini ve akademisyenin serbest b\u0131rak\u0131lmas\u0131n\u0131n \u00f6nceli\u011fi oldu\u011funu ifade etti. Fransa D\u0131\u015fi\u015fleri Bakan\u0131 Bernard Kouchner, d\u00fcn yapt\u0131\u011f\u0131 a\u00e7\u0131klamada, Clotilde Reiss\u2019\u0131n tamamen su\u00e7suz oldu\u011funu belirtmi\u015f ve \u0130ran makamlar\u0131n\u0131 akademisyeni serbest b\u0131rakmaya \u00e7a\u011f\u0131rm\u0131\u015ft\u0131.<\/p>\n<p style=\"text-align: justify;\">\u0130ran\u2019\u0131n resmi IRNA ajans\u0131, ba\u015fkent Tahran\u2019\u0131n 340 kilometre g\u00fcneyine d\u00fc\u015fen \u0130sfahan\u2019daki \u00fcniversitede Frans\u0131zca okutmanl\u0131\u011f\u0131 yapan 24 ya\u015f\u0131ndaki Reiss\u2019in \u0130ran\u2019daki se\u00e7im sonras\u0131 Cumhurba\u015fkan\u0131 Mahmud Ahmedinejad kar\u015f\u0131t\u0131 protestolara kar\u0131\u015ft\u0131\u011f\u0131n\u0131 ve Tahran\u2019daki Fransa B\u00fcy\u00fckel\u00e7ili\u011fine ba\u011fl\u0131 bir ara\u015ft\u0131rma kurumu i\u00e7in rapor yazd\u0131\u011f\u0131n\u0131 kabul etti\u011fini bildirmi\u015fti.<\/p>\n<p style=\"text-align: justify;\"><span style=\"color: #888888;\">Kaynak : Vatan<\/span><\/p>\n","protected":false},"excerpt":{"rendered":"<p style=\"text-align: center;\">\n<p style=\"text-align: justify;\">Frans\u0131z akademisyen Clotilde Reiss\u2019\u0131n serbest kalmas\u0131 i\u00e7in Sarkozy devreye girdi.<\/p>\n<p style=\"text-align: justify;\">\u0130ran\u2019da Cumhurba\u015fkanl\u0131\u011f\u0131 se\u00e7imleri s\u0131ras\u0131nda reformcu aday Mir H\u00fcseyin Musavi yanl\u0131s\u0131 g\u00f6sterilere kat\u0131lan ve \u0130ran polisi taraf\u0131ndan g\u00f6zalt\u0131na al\u0131nd\u0131ktan sonra yarg\u0131lanan Frans\u0131z akademisyen Clotilde Reiss\u2019\u0131n serbest kalmas\u0131 i\u00e7in Fransa Cumhurba\u015fkan\u0131 Nicolas Sarkozy devreye girdi. Elysee Saray\u0131\u2019ndan yap\u0131lan a\u00e7\u0131klamada Sarkozy\u2019nin <\/p>\n","protected":false},"author":1,"featured_media":0,"comment_status":"open","ping_status":"closed","sticky":false,"template":"","format":"standard","meta":{"footnotes":""},"categories":[3],"tags":[],"class_list":["post-13103","post","type-post","status-publish","format-standard","hentry","category-dunya","odd"],"_links":{"self":[{"href":"http:\/\/www.korhanyilmaz.com\/index.php?rest_route=\/wp\/v2\/posts\/13103","targetHints":{"allow":["GET"]}}],"collection":[{"href":"http:\/\/www.korhanyilmaz.com\/index.php?rest_route=\/wp\/v2\/posts"}],"about":[{"href":"http:\/\/www.korhanyilmaz.com\/index.php?rest_route=\/wp\/v2\/types\/post"}],"author":[{"embeddable":true,"href":"http:\/\/www.korhanyilmaz.com\/index.php?rest_route=\/wp\/v2\/users\/1"}],"replies":[{"embeddable":true,"href":"http:\/\/www.korhanyilmaz.com\/index.php?rest_route=%2Fwp%2Fv2%2Fcomments&post=13103"}],"version-history":[{"count":0,"href":"http:\/\/www.korhanyilmaz.com\/index.php?rest_route=\/wp\/v2\/posts\/13103\/revisions"}],"wp:attachment":[{"href":"http:\/\/www.korhanyilmaz.com\/index.php?rest_route=%2Fwp%2Fv2%2Fmedia&parent=13103"}],"wp:term":[{"taxonomy":"category","embeddable":true,"href":"http:\/\/www.korhanyilmaz.com\/index.php?rest_route=%2Fwp%2Fv2%2Fcategories&post=13103"},{"taxonomy":"post_tag","embeddable":true,"href":"http:\/\/www.korhanyilmaz.com\/index.php?rest_route=%2Fwp%2Fv2%2Ftags&post=13103"}],"curies":[{"name":"wp","href":"https:\/\/api.w.org\/{rel}","templated":true}]}}