{"id":13099,"date":"2009-08-11T07:45:11","date_gmt":"2009-08-11T04:45:11","guid":{"rendered":"http:\/\/www.korhanyilmaz.com\/?p=13099"},"modified":"2009-08-11T07:45:11","modified_gmt":"2009-08-11T04:45:11","slug":"ya-kurtler-ayrilmak-isterse","status":"publish","type":"post","link":"http:\/\/www.korhanyilmaz.com\/?p=13099","title":{"rendered":"Ya K\u00fcrtler ayr\u0131lmak isterse?"},"content":{"rendered":"<p><a href=\"http:\/\/www.korhanyilmaz.com\/wp-content\/uploads\/2009\/08\/ym_ihsandagi_k.jpg\"  class=\"lightview\"><img loading=\"lazy\" decoding=\"async\" class=\"aligncenter size-full wp-image-13100\" src=\"http:\/\/www.korhanyilmaz.com\/wp-content\/uploads\/2009\/08\/ym_ihsandagi_k.jpg\" alt=\"\" width=\"365\" height=\"235\" \/><\/a><\/p>\n<p style=\"text-align: justify;\">Emekli b\u00fcy\u00fckel\u00e7i \u00dcmit Pamir, K\u00fcrt sorununun \u00e7\u00f6z\u00fcm\u00fc i\u00e7in \u00f6nce bir referandum yap\u0131lmas\u0131n\u0131 \u00f6nermi\u015f. B\u00f6ylece K\u00fcrtlerin &#8216;ayr\u0131l\u0131k&#8217; isteyip istemedi\u011fini \u00f6\u011frenebilecek, sonuca g\u00f6re de bir yol haritas\u0131 geli\u015ftirebilecekmi\u015fiz.<\/p>\n<p style=\"text-align: justify;\">T\u00fcrkiye bence bu a\u015famay\u0131 \u00e7oktan ge\u00e7ti. T\u00fcrkiye K\u00fcrtlerinde &#8216;ayr\u0131lmak&#8217; diye bir d\u00fc\u015f\u00fcnce yok. Niye olsun ki? E\u015fit yurtta\u015flar olarak \u00f6zg\u00fcrce ya\u015fad\u0131klar\u0131, AB \u00fcyeli\u011fini alm\u0131\u015f, etnik, dinsel ve d\u00fc\u015f\u00fcnsel \u00e7e\u015fitlili\u011fi zenginlik olarak benimsemi\u015f, i\u00e7 d\u00fc\u015fman paranoyas\u0131ndan kurtulmu\u015f, kom\u015fular\u0131yla dost\u00e7a ge\u00e7inen ve m\u00fcreffeh bir T\u00fcrkiye&#8217;den neden kopmak istesinler? Ayr\u0131ca, K\u00fcrtlerin \u00e7o\u011fu bilir ki &#8216;ayr\u0131&#8217; bir devlette K\u00fcrt milliyet\u00e7ileri &#8216;tek parti, tek lider&#8217; sultas\u0131 alt\u0131nda \u015fimdiki T\u00fcrkiye&#8217;den kat be kat daha dayan\u0131lmaz bir rejim yaratacaklard\u0131r. <!--more--><\/p>\n<p style=\"text-align: justify;\">B\u0131rak\u0131n ba\u011f\u0131ms\u0131zl\u0131k talebine varan bir yakla\u015f\u0131m\u0131, K\u00fcrt milliyet\u00e7ili\u011fini siyasi kimli\u011finin ve m\u00fccadelesinin merkezine yerle\u015ftiren DTP \u00e7izgisindeki partilere K\u00fcrtlerin ancak \u00fc\u00e7te biri oy veriyor y\u0131llarca. Bir arada ya\u015famak isteyen K\u00fcrtlerin temel talepleri belli: &#8216;tan\u0131nma ve kat\u0131l\u0131m&#8217;. \u00d6zg\u00fcrl\u00fck\u00e7\u00fc demokrasi ve evrensel insan haklar\u0131 standartlar\u0131 \u00e7er\u00e7evesinde \u00e7\u00f6z\u00fclmesi i\u015ften bile olmayan talepler bunlar.<\/p>\n<p style=\"text-align: justify;\">Mevzumuza d\u00f6nersek; b\u0131rak\u0131n K\u00fcrtlerin \u00e7o\u011funlu\u011funu, PKK bile bug\u00fcn ayr\u0131lmaktan yana de\u011fil. Bunun siyaseten ger\u00e7ek\u00e7i bir hedef olmad\u0131\u011f\u0131n\u0131 biliyorlar. Ger\u00e7ek\u00e7i de\u011fil, \u00e7\u00fcnk\u00fc sadece &#8216;T\u00fcrk devleti&#8217; direnmiyor bu fikre, K\u00fcrtlerin \u00e7ok b\u00fcy\u00fck \u00e7o\u011funlu\u011fu da s\u0131cak bakm\u0131yor.<\/p>\n<p style=\"text-align: justify;\">Yani g\u00fcndemde &#8216;ayr\u0131l\u0131k&#8217; yok. K\u00fcrt sorununu \u00e7\u00f6zen bir T\u00fcrkiye &#8216;k\u00fc\u00e7\u00fclmeyecek&#8217;; aksine b\u00f6lge ve d\u00fcnya d\u00fczleminde daha da g\u00fc\u00e7lenecek. Ama yurtta\u015flar\u0131n\u0131 ezmek i\u00e7in de\u011fil, zenginle\u015ftirmek, \u00f6zg\u00fcrle\u015ftirmek ve g\u00fcvenlikli k\u0131lmak i\u00e7in kullanaca\u011f\u0131 bir g\u00fc\u00e7 olacak bu.<\/p>\n<p style=\"text-align: justify;\">Ama baz\u0131lar\u0131n\u0131n anlad\u0131klar\u0131 bu de\u011fil &#8216;g\u00fc\u00e7l\u00fc T\u00fcrkiye&#8217;den. Onlara g\u00f6re &#8216;g\u00fc\u00e7l\u00fc devlet&#8217; halk\u0131na giyece\u011fi k\u0131yafeti, konu\u015faca\u011f\u0131 dili, inanaca\u011f\u0131 dini dayatabilen bir devlet. Anlamad\u0131klar\u0131, b\u00f6yle bir devletin d\u00fcnyada da T\u00fcrkiye&#8217;de de miad\u0131n\u0131n doldu\u011fu, b\u00f6yle bir devlete T\u00fcrk&#8217;\u00fcn de K\u00fcrt&#8217;\u00fcn de raz\u0131 olmad\u0131\u011f\u0131&#8230;<\/p>\n<p style=\"text-align: justify;\">&#8216;K\u00fcrtlerin ayr\u0131lmas\u0131&#8217; konusunda &#8216;T\u00fcrk devleti&#8217;nin bir kanad\u0131 ve onun kimi sivil uzant\u0131lar\u0131n\u0131n farkl\u0131 planlar\u0131n\u0131n oldu\u011funu d\u00fc\u015f\u00fcn\u00fcyorum. K\u00fcrt sorununu \u00e7\u00f6zme ad\u0131na daha da demokratikle\u015fen, \u00e7o\u011fulla\u015fan, \u00e7evresiyle ve d\u00fcnya ile bar\u0131\u015fan bir T\u00fcrkiye&#8217;de &#8216;eski d\u00fczen&#8217; devam edemeyecek, kitleler korkularla manip\u00fcle edilemeyecek, birileri kolayl\u0131kla &#8216;i\u00e7 d\u00fc\u015fman&#8217; ilan edilemeyecek, otoriter devlet ayg\u0131t\u0131 kolayca me\u015frula\u015ft\u0131r\u0131lamayacak.<\/p>\n<p style=\"text-align: justify;\">Dolay\u0131s\u0131yla &#8216;eski d\u00fczen&#8217;in bek\u00e7ileri &#8216;uyan\u0131k&#8217;; iktidarlar\u0131n\u0131 y\u0131kacak demokratik bir \u00e7\u00f6z\u00fcm yerine K\u00fcrtlerden &#8216;ar\u0131nd\u0131r\u0131lm\u0131\u015f&#8217; bir T\u00fcrkiye&#8217;nin kendileri i\u00e7in daha &#8216;hay\u0131rl\u0131&#8217; olaca\u011f\u0131n\u0131 d\u00fc\u015f\u00fcn\u00fcyorlar. K\u00fcrtlerin varl\u0131\u011f\u0131 &#8216;T\u00fcrk ulus-devleti&#8217;ni suland\u0131r\u0131yor bunlara g\u00f6re. Dolay\u0131s\u0131yla yap\u0131lmas\u0131 gereken; ya Do\u011fu&#8217;daki ve Bat\u0131&#8217;daki K\u00fcrtleri t\u00fcm\u00fcyle Kuzey Irak&#8217;a s\u00fcrmek veya, bu olmuyorsa, Do\u011fu&#8217;daki bir b\u00f6lgeyi bunlara verip kurtulmak. Geriye kalan yerlerde de &#8216;eski d\u00fczen&#8217;e devam etmek&#8230;<\/p>\n<p style=\"text-align: justify;\">Baz\u0131lar\u0131n\u0131n kafalar\u0131ndaki ideal \u00e7\u00f6z\u00fcm b\u00f6yle bir \u015fey. Bunu a\u00e7\u0131k a\u00e7\u0131k dillendirmekte zorlan\u0131yorlar. Daha \u00f6nce de yazd\u0131m; T\u00fcrkiye&#8217;de bir &#8216;k\u00fc\u00e7\u00fck T\u00fcrkiye&#8217; lobisi var. Bunlar demokratik, \u00e7o\u011fulcu ve AB \u00fcyesi bir T\u00fcrkiye yerine &#8216;k\u00fc\u00e7\u00fclm\u00fc\u015f bir T\u00fcrkiye&#8217; istiyorlar.<\/p>\n<p style=\"text-align: justify;\">Nedensiz de\u011fil bu tercih. K\u00fcrt sorununu \u00e7\u00f6zen bir T\u00fcrkiye, dar, homojen, merkezi bir &#8216;ulus-devlet&#8217; anlay\u0131\u015f\u0131n\u0131n \u00f6tesine ge\u00e7ecek. Yani, farkl\u0131 dilden, kimlikten, d\u00fc\u015f\u00fcnceden insanlar \u00e7o\u011fulcu bir demokratik nizamda \u00f6zg\u00fcrce ya\u015fayacaklar. Ama bu y\u0131llard\u0131r kurulan &#8216;vesayet&#8217; rejiminin de, vesayet bek\u00e7ili\u011finin de sonu anlam\u0131na geliyor.<\/p>\n<p style=\"text-align: justify;\">Dolay\u0131s\u0131yla &#8216;bek\u00e7iler&#8217;in kafas\u0131ndaki \u015fu: &#8216;Devletin d\u00f6n\u00fc\u015f\u00fcm\u00fcne izin vermektense b\u00f6l\u00fcnm\u00fc\u015f, k\u00fc\u00e7\u00fclm\u00fc\u015f ve fakat etnik ve ideolojik durulu\u011funa dokunulmam\u0131\u015f bir T\u00fcrkiye yaratmak&#8217;. Yani rejimi ve rejim \u00fczerindeki vesayetlerini, ayr\u0131cal\u0131klar\u0131n\u0131 korumak ad\u0131na &#8216;geri \u00e7ekilerek&#8217; yani &#8216;k\u00fc\u00e7\u00fclerek&#8217;, ayr\u0131cal\u0131klar\u0131n\u0131 s\u00fcrd\u00fcrebilmek.<\/p>\n<p style=\"text-align: justify;\">K\u00fcrtler ayr\u0131lmaktan yana de\u011fil, peki ya T\u00fcrkler? &#8216;K\u00fc\u00e7\u00fclm\u00fc\u015f T\u00fcrkiye lobisi&#8217;ne dikkat! K\u00fcrt a\u00e7\u0131l\u0131m\u0131na kar\u015f\u0131 \u00e7\u0131kan kimi milliyet\u00e7i kesimlere de soruyorum: &#8216;Siz de mi k\u00fc\u00e7\u00fclm\u00fc\u015f T\u00fcrkiye lobisindensiniz?&#8217;<\/p>\n<p style=\"text-align: justify;\"><span style=\"color: #888888;\">\u0130hsan Da\u011f\u0131 &#8211; Zaman<br \/>\n<\/span>\n<\/p>\n<p style=\"text-align: justify;\"><span style=\"color: #888888;\">Yazara Ula\u015fmak i\u00e7in : <a href=\"mailto:i.dagi@zaman.com.tr\">i.dagi@zaman.com.tr<\/a><\/span><\/p>\n","protected":false},"excerpt":{"rendered":"<\/p>\n<p style=\"text-align: justify;\">Emekli b\u00fcy\u00fckel\u00e7i \u00dcmit Pamir, K\u00fcrt sorununun \u00e7\u00f6z\u00fcm\u00fc i\u00e7in \u00f6nce bir referandum yap\u0131lmas\u0131n\u0131 \u00f6nermi\u015f. B\u00f6ylece K\u00fcrtlerin &#8216;ayr\u0131l\u0131k&#8217; isteyip istemedi\u011fini \u00f6\u011frenebilecek, sonuca g\u00f6re de bir yol haritas\u0131 geli\u015ftirebilecekmi\u015fiz.<\/p>\n<p style=\"text-align: justify;\">T\u00fcrkiye bence bu a\u015famay\u0131 \u00e7oktan ge\u00e7ti. T\u00fcrkiye K\u00fcrtlerinde &#8216;ayr\u0131lmak&#8217; diye bir d\u00fc\u015f\u00fcnce yok. Niye olsun ki? E\u015fit yurtta\u015flar olarak \u00f6zg\u00fcrce ya\u015fad\u0131klar\u0131, AB \u00fcyeli\u011fini alm\u0131\u015f, <\/p>\n","protected":false},"author":1,"featured_media":0,"comment_status":"open","ping_status":"closed","sticky":false,"template":"","format":"standard","meta":{"footnotes":""},"categories":[16],"tags":[],"class_list":["post-13099","post","type-post","status-publish","format-standard","hentry","category-kose-yazilari","odd"],"_links":{"self":[{"href":"http:\/\/www.korhanyilmaz.com\/index.php?rest_route=\/wp\/v2\/posts\/13099","targetHints":{"allow":["GET"]}}],"collection":[{"href":"http:\/\/www.korhanyilmaz.com\/index.php?rest_route=\/wp\/v2\/posts"}],"about":[{"href":"http:\/\/www.korhanyilmaz.com\/index.php?rest_route=\/wp\/v2\/types\/post"}],"author":[{"embeddable":true,"href":"http:\/\/www.korhanyilmaz.com\/index.php?rest_route=\/wp\/v2\/users\/1"}],"replies":[{"embeddable":true,"href":"http:\/\/www.korhanyilmaz.com\/index.php?rest_route=%2Fwp%2Fv2%2Fcomments&post=13099"}],"version-history":[{"count":0,"href":"http:\/\/www.korhanyilmaz.com\/index.php?rest_route=\/wp\/v2\/posts\/13099\/revisions"}],"wp:attachment":[{"href":"http:\/\/www.korhanyilmaz.com\/index.php?rest_route=%2Fwp%2Fv2%2Fmedia&parent=13099"}],"wp:term":[{"taxonomy":"category","embeddable":true,"href":"http:\/\/www.korhanyilmaz.com\/index.php?rest_route=%2Fwp%2Fv2%2Fcategories&post=13099"},{"taxonomy":"post_tag","embeddable":true,"href":"http:\/\/www.korhanyilmaz.com\/index.php?rest_route=%2Fwp%2Fv2%2Ftags&post=13099"}],"curies":[{"name":"wp","href":"https:\/\/api.w.org\/{rel}","templated":true}]}}