{"id":13095,"date":"2009-08-10T21:40:25","date_gmt":"2009-08-10T18:40:25","guid":{"rendered":"http:\/\/www.korhanyilmaz.com\/?p=13095"},"modified":"2009-08-10T21:40:25","modified_gmt":"2009-08-10T18:40:25","slug":"cicek-herkesi-dinlemeye-haziriz","status":"publish","type":"post","link":"http:\/\/www.korhanyilmaz.com\/?p=13095","title":{"rendered":"\u00c7i\u00e7ek: &#039;Herkesi dinlemeye haz\u0131r\u0131z&#039;"},"content":{"rendered":"<p style=\"text-align: center;\"><a href=\"http:\/\/www.korhanyilmaz.com\/wp-content\/uploads\/2009\/08\/cemilcicek.jpg\"  class=\"lightview\"><img loading=\"lazy\" decoding=\"async\" class=\"aligncenter size-full wp-image-13096\" src=\"http:\/\/www.korhanyilmaz.com\/wp-content\/uploads\/2009\/08\/cemilcicek.jpg\" alt=\"\" width=\"307\" height=\"236\" \/><\/a><\/p>\n<p style=\"text-align: justify;\">5 haftal\u0131k aran\u0131n ard\u0131ndan Bakanlar Kurulu bug\u00fcn topland\u0131. Toplant\u0131n\u0131n ard\u0131ndan kameralar\u0131n kar\u015f\u0131s\u0131na ge\u00e7en H\u00fck\u00fcmet S\u00f6zc\u00fcs\u00fc Cemil \u00c7i\u00e7ek, K\u00fcrt a\u00e7\u0131l\u0131m\u0131yla ilgili olarak &#8220;Herkesin d\u00fc\u015f\u00fcncesini dinlemeye haz\u0131r\u0131z&#8221; dedi. \u00c7i\u00e7ek, \u00fcniversite har\u00e7lar\u0131na birinci ve ikinci \u00f6\u011fretim i\u00e7in y\u00fczde 8 zam yap\u0131laca\u011f\u0131n\u0131 da a\u00e7\u0131klad\u0131.<\/p>\n<p style=\"text-align: justify;\">\u00c7i\u00e7ek, Bakanlar Kurulu toplant\u0131s\u0131n\u0131n ard\u0131ndan a\u00e7\u0131klamalarda bulundu.<\/p>\n<p style=\"text-align: justify;\"><strong>K\u00dcRT A\u00c7ILIMI:<\/strong><\/p>\n<p style=\"text-align: justify;\">&#8220;Demokratik a\u00e7\u0131l\u0131m&#8221; \u00e7al\u0131\u015fmalar\u0131 konusunda Meclis i\u00e7indeki ve d\u0131\u015f\u0131ndaki siyasi partilerin bu s\u00fcrece kat\u0131l\u0131m\u0131n\u0131n \u00f6nemli oldu\u011funu ve onlarla y\u00fcz y\u00fcze g\u00f6r\u00fc\u015f\u00fclece\u011fini ifade eden \u00c7i\u00e7ek, &#8220;B\u00fct\u00fcn siyasi partilerimizden randevu talep ediliyor&#8221; dedi.<\/p>\n<p style=\"text-align: justify;\">Bakan \u00c7i\u00e7ek, T\u00fcrkiye&#8217;nin bu sorunu \u00e7\u00f6zmesi gerekti\u011fini de belirterek, &#8220;\u00c7\u00fcnk\u00fc bu T\u00fcrkiye&#8217;nin sorunudur. T\u00fcrkiye bu sorunu \u00e7\u00f6zmek mecburiyetindedir&#8221; diye konu\u015ftu. Toplant\u0131da \u00fcniversitelerdeki \u00f6\u011frenim har\u00e7lar\u0131n\u0131n da ele al\u0131nd\u0131\u011f\u0131n\u0131 anlatan \u00c7i\u00e7ek, 1. ve 2. \u00f6\u011fretimdeki har\u00e7larda y\u00fczde 8 oran\u0131nda art\u0131\u015f yapt\u0131klar\u0131n\u0131 s\u00f6yledi. <!--more--><\/p>\n<p style=\"text-align: justify;\">\u00c7i\u00e7ek, toplant\u0131da &#8220;demokratik a\u00e7\u0131l\u0131mlar&#8221; konusunun da ele al\u0131nd\u0131\u011f\u0131n\u0131 belirterek, bu konuya h\u00fck\u00fcmetin nas\u0131l bakt\u0131\u011f\u0131na, \u00e7al\u0131\u015fmalara ve y\u00f6ntemlere ili\u015fkin de bilgi verdi.<\/p>\n<p style=\"text-align: justify;\">Bu s\u00fcre\u00e7te, Ba\u015fbakan Recep Tayyip Erdo\u011fan&#8217;\u0131n ba\u015fkanl\u0131\u011f\u0131nda Milli G\u00fcvenlik Kurulu&#8217;na kat\u0131lan bakanlarla iki toplant\u0131 ger\u00e7ekle\u015ftirildi\u011fini; \u0130\u00e7i\u015fleri Bakan\u0131 Be\u015fir Atalay&#8217;\u0131n kat\u0131l\u0131m\u0131yla bir k\u0131s\u0131m bas\u0131n mensubunun de\u011ferlendirme yapt\u0131\u011f\u0131n\u0131 hat\u0131rlatan \u00c7i\u00e7ek, &#8220;Bug\u00fcn itibariyle b\u00fct\u00fcn siyasi partilerden randevu talep edildi\u011fini&#8221; s\u00f6yledi.<\/p>\n<p style=\"text-align: justify;\"><strong><em>\u00c7i\u00e7ek, s\u00f6zlerini \u015f\u00f6yle s\u00fcrd\u00fcrd\u00fc: <\/em><\/strong><\/p>\n<p style=\"text-align: justify;\">&#8220;Yapmak istedi\u011fimiz bu \u00e7aban\u0131n, gayretin ne anlam ifade etti\u011fini kendileriyle y\u00fcz y\u00fcze g\u00f6r\u00fc\u015fmek, telkinleri, tavsiyeleri var ise bunlar\u0131 tespit etmek, bu s\u00fcrece katk\u0131 verecek herkesin g\u00f6r\u00fc\u015flerini almak noktas\u0131nda yo\u011fun bir haftaya girmi\u015f olaca\u011f\u0131z. En ba\u015fta Meclis i\u00e7erisindeki siyasi partilerimiz ve Meclis d\u0131\u015f\u0131ndaki siyasi partilerimizin hepsinin bu s\u00fcrece kat\u0131lmas\u0131nda; d\u00fc\u015f\u00fcnceleri, kanaatleri neyse birbirimizi itham etmeden, birbirimizin vatanseverli\u011fini s\u0131namadan, herhangi bir endi\u015fe veya korkuyu topluma enjekte etmeden; do\u011fru olan neyse kendi d\u00fc\u015f\u00fcncesini s\u00fckunet i\u00e7erisinde biz bunlar\u0131 dinlemeye haz\u0131r\u0131z. \u00c7\u00fcnk\u00fc \u00fczerinde \u00e7al\u0131\u015ft\u0131\u011f\u0131m\u0131z konu T\u00fcrkiye&#8217;nin sorunudur.<\/p>\n<p style=\"text-align: justify;\">T\u00fcrkiye bu sorunu \u00e7\u00f6zmek mecburiyetindedir. T\u00fcrkiye bu sorunu \u00e7\u00f6zmezse, ba\u015fkalar\u0131 kendi hesab\u0131na kar\u0131\u015ft\u0131r\u0131yor. Onun i\u00e7in bizim sorunumuzu biz \u00e7\u00f6zece\u011fiz, birlikte \u00e7\u00f6zece\u011fiz. Hepimizin bu konuda s\u00f6yleyebilece\u011fi nesi varsa, bunlar\u0131 biz sayg\u0131yla dinlemeye ve azami \u015fekilde bunlardan istifade etmeye \u00e7al\u0131\u015faca\u011f\u0131z. \u00dcstelik bu de\u011ferlendirmeler yap\u0131l\u0131rken T\u00fcrkiye&#8217;nin bir k\u0131s\u0131m temel de\u011ferleri ve kabulleri var. O \u00e7er\u00e7evede bunlar yap\u0131lacakt\u0131r. Bu \u00fclkenin sorunlar\u0131na \u00e7\u00f6z\u00fcm bulunurken demokrasi i\u00e7erisinde bulunacakt\u0131r. Zaten yap\u0131lacak \u00e7al\u0131\u015fmalar\u0131n, \u00e7aban\u0131n \u00f6z\u00fcnde demokratik a\u00e7\u0131l\u0131mlar vard\u0131r.<\/p>\n<p style=\"text-align: justify;\">\u0130kincisi, daha \u00f6nceki konu\u015fmalar\u0131m\u0131zda da hep ifade ettik, bu \u00e7abalar, bu gayretler sevgi, bar\u0131\u015f ve karde\u015flik zemini \u00fczerine in\u015fa edilecektir ve do\u011fru olan da budur. Bizim zaten \u015fu ana kadar iktidarda uygulamaya \u00e7al\u0131\u015ft\u0131\u011f\u0131m\u0131z karde\u015flik projeleridir.<\/p>\n<p style=\"text-align: justify;\">\u00dc\u00e7\u00fcnc\u00fcs\u00fc T\u00fcrkiye \u00fcniter bir devlettir, bu \u00e7\u00f6z\u00fcmleri \u00fcniter devlet i\u00e7inde bulacakt\u0131r. B\u00fct\u00fcn bunlar asgariler, bunlara ilaveler de yap\u0131labilir. Bunlar g\u00f6r\u00fc\u015fmelerde zaten kar\u015f\u0131l\u0131kl\u0131 olarak ifade edilecektir. Kimin ne d\u00fc\u015f\u00fcncesi, katk\u0131s\u0131 varsa bunu g\u00fcndelik siyasete kurban etmeden onun \u00fczerine \u00e7\u0131karak b\u00fcy\u00fck bir vatanseverlik duygusu i\u00e7erisinde biz bunlar\u0131 derlemeye, dinlemeye, bir sentez yaparak bu sorunu \u00e7\u00f6zmeye gayret ediyoruz. Siyasi partilerimiz \u00f6nemlidir, bunlar\u0131n hepsinin d\u00fc\u015f\u00fcncelerini alaca\u011f\u0131z. Sivil toplum kurulu\u015flar\u0131 \u00f6nemlidir, bunlar\u0131n katk\u0131lar\u0131n\u0131 alaca\u011f\u0131z.<\/p>\n<p style=\"text-align: justify;\">Meslek kurulu\u015flar\u0131n\u0131n, TOBB ba\u015fta olmak \u00fczere, i\u015f\u00e7i sendikalar\u0131m\u0131z\u0131n ve benzeri meslek \u00f6rg\u00fctlerinin bu konuda katk\u0131s\u0131 varsa alaca\u011f\u0131z. &#8216;Benim de bu konuda d\u00fc\u015f\u00fcncem var, ben de bu s\u00fcrece katk\u0131 vermek istiyorum&#8217; diyorsa herkesi dinlemeye, her kesimin g\u00f6r\u00fc\u015f\u00fcn\u00fc almaya \u00e7al\u0131\u015farak bu meseleyi milli bir anlay\u0131\u015fla, birlik, beraberlik ve karde\u015flik duygusu i\u00e7inde \u00e7\u00f6zmeye gayret edece\u011fiz.&#8221;<\/p>\n<p style=\"text-align: justify;\">Cemil \u00c7i\u00e7ek, toplant\u0131 salonundan \u00e7\u0131k\u0131\u015f\u0131nda, gazetecilerin sorusu \u00fczerine &#8220;yasal olan herkesin g\u00f6r\u00fc\u015f\u00fcn\u00fc alarak&#8221; s\u00fcreci devam ettireceklerini ifade etti.<\/p>\n<p style=\"text-align: justify;\"><strong><em>&#8220;Teyit edilmeyen de\u011ferlendirmeler&#8230;&#8221; <\/em><\/strong><\/p>\n<p style=\"text-align: justify;\">Bu haftan\u0131n, konunun g\u00f6r\u00fc\u015f\u00fclmesi ve de\u011ferlendirilmesi a\u00e7\u0131s\u0131ndan \u00f6nemli oldu\u011funu anlatan Cemil \u00c7i\u00e7ek, yar\u0131n \u0130\u00e7i\u015fleri Bakan\u0131 Be\u015fir Atalay&#8217;\u0131n AK Parti Meclis Grubu&#8217;na bilgi verece\u011fini ifade etti. Atalay&#8217;\u0131n, davet geldi\u011fi takdirde, bilgileri di\u011fer siyasi partilerle payla\u015faca\u011f\u0131n\u0131 da kaydeden \u00c7i\u00e7ek, &#8220;Netice itibariyle in\u015fallah \u00fclkemizin s\u0131k\u0131nt\u0131lar\u0131n\u0131n ortadan kald\u0131r\u0131lmas\u0131 noktas\u0131nda bu projeyi, bu \u00e7abay\u0131, bu a\u00e7\u0131l\u0131m\u0131, bu gayreti birlikte s\u00fcrd\u00fcrm\u00fc\u015f olaca\u011f\u0131z&#8221; dedi.<\/p>\n<p style=\"text-align: justify;\">Bu konuda kendileri kadar bas\u0131n mensuplar\u0131na da \u00f6nemli sorumluluk d\u00fc\u015ft\u00fc\u011f\u00fcn\u00fc belirten \u00c7i\u00e7ek, \u015funlar\u0131 kaydetti:<\/p>\n<p style=\"text-align: justify;\">&#8220;Bizim ifade etmek istedi\u011fimiz husus; bizim ifadelerimizin d\u0131\u015f\u0131nda bu \u00e7abalara anlam y\u00fcklenmemesi gerekir. Bunun \u00e7er\u00e7evesini biz ortaya koydu\u011fumuzda konunun bu \u00e7er\u00e7evede de\u011ferlendirilmesi icap eder. Aksine bir konu bir k\u0131s\u0131m yerli yersiz tart\u0131\u015fmalar\u0131 da g\u00fcndeme getirir. Ben sizlerin haber alma anlay\u0131\u015f\u0131na, gayretine, \u00e7abas\u0131na te\u015fekk\u00fcr ediyorum, bunu sayg\u0131yla da kar\u015f\u0131l\u0131yorum ama taraf\u0131m\u0131zdan teyit edilmeyen bilgileri sanki b\u00f6yle bir \u00e7al\u0131\u015fma varm\u0131\u015f, b\u00f6yle bir \u015fey varm\u0131\u015f gibi&#8230;<\/p>\n<p style=\"text-align: justify;\">Bazen i\u015fin i\u00e7erisinde oldu\u011fumuz halde ben de hayret ediyorum, &#8216;Bu nereden, nas\u0131l \u00e7\u0131kt\u0131?&#8217; diye&#8230; Bizim sizden ricam\u0131z, e\u011fer h\u00fck\u00fcmete atfen, bu \u00e7al\u0131\u015fmaya atfen bir \u015fey yap\u0131lacaksa i\u015fin sorumlular\u0131ndan, bu i\u015fin \u00f6n\u00fcnde olanlardan bu konular\u0131 teyit etmeniz gerekmektedir. Onun d\u0131\u015f\u0131ndaki de\u011ferlendirmeler bu s\u00fcrece zarar verir, verecek, bunu ge\u00e7mi\u015f tecr\u00fcbelerimizden de biliyoruz. Onun i\u00e7in bu hassasiyeti de sizden rica ediyorum.&#8221;<\/p>\n<p style=\"text-align: justify;\"><strong>HAR\u00c7LARA ZAM:<\/strong><\/p>\n<p style=\"text-align: justify;\">\u00c7i\u00e7ek, \u00fcniversite \u00f6\u011frencilerinden al\u0131nacak har\u00e7lar konusuna da de\u011findi. Bu konuyu \u00f6zellikle \u00f6nemsediklerini belirten \u00c7i\u00e7ek, e\u011fitim-\u00f6\u011fretim y\u0131l\u0131 ba\u015fland\u0131\u011f\u0131nda \u00fcniversitelerde \u00f6\u011frencilerden har\u00e7 al\u0131nd\u0131\u011f\u0131n\u0131 an\u0131msatt\u0131.<\/p>\n<p style=\"text-align: justify;\">&#8220;Bu har\u00e7lar\u0131n neye g\u00f6re tahakkuk etti\u011fi, usul\u00fcn\u00fcn ne oldu\u011fu&#8221; konusunda bilgi vermek istedi\u011fini s\u00f6yleyen \u00c7i\u00e7ek, &#8220;\u00c7\u00fcnk\u00fc bir k\u0131s\u0131m maksatl\u0131, art niyetli, ideolojik gruplar\u0131n bu mekanizmalar\u0131, karar s\u00fcre\u00e7lerini dikkate almadan konuyu istismar ettiklerini maalesef g\u00f6r\u00fcyoruz&#8221; dedi.<\/p>\n<p style=\"text-align: justify;\">\u00c7i\u00e7ek, s\u00f6zlerini \u015f\u00f6yle s\u00fcrd\u00fcrd\u00fc:<\/p>\n<p style=\"text-align: justify;\">&#8220;Biz, har\u00e7larda birinci \u00f6\u011fretim bak\u0131m\u0131ndan y\u00fczde 8, ikinci \u00f6\u011fretim bak\u0131m\u0131ndan da y\u00fczde 8&#8217;lik bir art\u0131\u015f yap\u0131yoruz. Onun usul\u00fc de \u015f\u00f6yle oluyor, devlet \u00fcniversiteleri kendi taleplerini Y\u00d6K Ba\u015fkanl\u0131\u011f\u0131&#8217;na bildiriyor. \u00dcniversiteler y\u00fczde 300 ister, y\u00fczde 500 ister, y\u00fczde 100 ister. Onu biz bilemeyiz. Her \u00fcniversite kendi takdirine g\u00f6re bunlar\u0131 yazar \u00e7izer, g\u00f6nderir. Sanki H\u00fck\u00fcmet b\u00f6yle bir karar alm\u0131\u015fcas\u0131na art niyetli gruplar &#8216;Har\u00e7lar y\u00fczde \u015fu kadar artt\u0131&#8217; tarz\u0131nda maalesef gen\u00e7li\u011fimizin bu konudaki hassasiyetini istismar etmeye, bir k\u0131s\u0131m kanunsuz eylemlere tevess\u00fcl etmeye \u00e7al\u0131\u015f\u0131yor. \u00dcniversitelerden gelen bu talepleri Y\u00d6K Ba\u015fkanl\u0131\u011f\u0131 Milli E\u011fitim Bakanl\u0131\u011f\u0131&#8217;na g\u00f6nderir.<\/p>\n<p style=\"text-align: justify;\">Milli E\u011fitim Bakanl\u0131\u011f\u0131 da Maliye Bakanl\u0131\u011f\u0131 ile g\u00f6r\u00fc\u015ft\u00fckten, gerekli bilgileri ald\u0131ktan sonra nihai karar\u0131 h\u00fck\u00fcmet verir. Dolay\u0131s\u0131yla bu tart\u0131\u015fmalar\u0131n, bu provokasyonlar\u0131n s\u00fcrd\u00fcr\u00fcld\u00fc\u011f\u00fc d\u00f6nemde H\u00fck\u00fcmet olarak biz b\u00f6yle bir karar almad\u0131k. Karar\u0131 bug\u00fcn ald\u0131k. Dolay\u0131s\u0131yla bundan evvel kim ne s\u00f6ylediyse, kim ne yalan ifade ettiyse bunlar\u0131n hepsi art niyet \u00fczerinedir. Bug\u00fcn H\u00fck\u00fcmet olarak ald\u0131\u011f\u0131m\u0131z karar ge\u00e7mi\u015f y\u0131llardakine paralel olarak ve ayn\u0131 usulde y\u00fczde 8 nispetinde art\u0131r\u0131lm\u0131\u015ft\u0131r.&#8221;<\/p>\n<p style=\"text-align: justify;\">\u00c7i\u00e7ek, Y\u00fcksek\u00f6\u011frenim Kredi ve Yurtlar Kurumu&#8217;nun, ge\u00e7mi\u015f y\u0131llarda oldu\u011fu gibi isteyen t\u00fcm \u00f6\u011frencilere har\u00e7 kredisi verece\u011fini bildirdi.<\/p>\n<p style=\"text-align: justify;\">\u00c7i\u00e7ek, &#8220;Bir \u00f6rnek vermem gerekirse 2002&#8217;de 405 bin 791 ki\u015fiye har\u00e7 kredisi verilmi\u015f, 2009&#8217;a geldi\u011fimizde 483 393 ki\u015fi har\u00e7 kredisinden istifade etmi\u015ftir. Bu sene de ihtiyac\u0131 olan \u00f6\u011frencilerimiz varsa Kredi ve Yurtlar Kurumu bu kolayl\u0131\u011f\u0131 sa\u011flayacakt\u0131r&#8221; diye konu\u015ftu.<\/p>\n<p style=\"text-align: justify;\">Har\u00e7larla ilgili &#8220;y\u00fczde 300-500 oranlar\u0131nda zam yap\u0131laca\u011f\u0131&#8221; iddialar\u0131n\u0131n &#8220;t\u00fcm\u00fcyle yalan&#8221; oldu\u011funu kaydeden \u00c7i\u00e7ek, &#8220;H\u00fck\u00fcmetimizin b\u00f6yle bir temay\u00fcl\u00fc, karar\u0131 olmam\u0131\u015ft\u0131r&#8221; dedi. Cemil \u00c7i\u00e7ek, har\u00e7 miktarlar\u0131na y\u00fczde 8 oran\u0131nda zam yap\u0131lmas\u0131 karar\u0131n\u0131 bug\u00fcn verdiklerini yineledi.<\/p>\n<p style=\"text-align: justify;\"><strong>YARGI REFORMU:<\/strong><\/p>\n<p style=\"text-align: justify;\">S\u00f6zc\u00fc \u00c7i\u00e7ek, &#8220;Yarg\u0131 Reformu Stratejisi&#8221;nin \u00e7ok \u00f6nceden ba\u015flam\u0131\u015f bir \u00e7al\u0131\u015fma oldu\u011funu ifade ederek, &#8220;Yarg\u0131 kurumlar\u0131n\u0131n da g\u00f6r\u00fc\u015f\u00fc ve de\u011ferlendirmesi al\u0131nd\u0131ktan sonra nihai \u015fekli verilmi\u015ftir. \u00d6n\u00fcm\u00fczdeki Bakanlar Kurulu Toplant\u0131s\u0131&#8217;na bu konu Say\u0131n Adalet Bakan\u0131 taraf\u0131ndan getirilecek. H\u00fck\u00fcmette de m\u00fczakere edildikten sonra bu konu kamuoyuna a\u00e7\u0131klanm\u0131\u015f olacakt\u0131r&#8221; dedi.<\/p>\n<p style=\"text-align: justify;\">Ge\u00e7en h\u00fck\u00fcmet \u00f6deminde \u00e7\u0131kar\u0131lan yasalar\u0131n uygulanmas\u0131 ve kar\u015f\u0131la\u015f\u0131lan problemlerin tespit edilerek, uygulamadan beklenilen faydan\u0131n has\u0131l olabilmesi bak\u0131m\u0131ndan &#8220;Reform \u0130zleme Grubu&#8221; olu\u015fturuldu\u011funu hat\u0131rlatan \u00c7i\u00e7ek, bu grubun ilgili bakanlarla belli aral\u0131klarla topland\u0131\u011f\u0131n\u0131 ve ulusal programdaki hedeflerin takibi a\u00e7\u0131s\u0131ndan belli \u00e7al\u0131\u015fmalar\u0131 yapt\u0131\u011f\u0131n\u0131 anlatt\u0131.<\/p>\n<p style=\"text-align: justify;\">Devlet Bakan\u0131 ve Ba\u015fm\u00fczakereci Egemen Ba\u011f\u0131\u015f&#8217;\u0131n AB konusunda yap\u0131lan \u00e7al\u0131\u015fmalara ili\u015fkin bilgi verdi\u011fini belirten \u00c7i\u00e7ek, bunlar\u0131n ba\u015f\u0131nda, &#8220;Yarg\u0131 Reformu Stratejisi&#8221; geldi\u011fini kaydetti.<\/p>\n<p style=\"text-align: justify;\">Bakan \u00c7i\u00e7ek, &#8220;Daha \u00f6nceki Bakanlar Kurulu toplant\u0131lar\u0131n\u0131n birinin sonunda b\u00f6yle bir \u00e7al\u0131\u015fman\u0131n nihai noktaya geldi\u011fini ifade etmi\u015ftik. \u00c7ok evvelden ba\u015flam\u0131\u015f bir \u00e7al\u0131\u015fma \u00fczerinde ilgili yarg\u0131 kurumlar\u0131n\u0131n da g\u00f6r\u00fc\u015f\u00fc ve de\u011ferlendirmesi al\u0131nd\u0131ktan sonra nihai \u015fekli verilmi\u015ftir. \u00d6n\u00fcm\u00fczdeki Bakanlar Kurulu toplant\u0131s\u0131na bu konu Say\u0131n Adalet Bakan\u0131 taraf\u0131ndan getirilecek. H\u00fck\u00fcmette de m\u00fczakere edildikten sonra bu konu kamuoyuna a\u00e7\u0131klanm\u0131\u015f olacakt\u0131r. Bu T\u00fcrkiye&#8217;nin zaten taahh\u00fctlerinden bir tanesidir.<\/p>\n<p style=\"text-align: justify;\">\u0130kincisi, &#8216;Yolsuzlukla M\u00fccadele Stratejisi&#8217;&#8230; Bu da h\u00fck\u00fcmet olarak \u00fczerine \u00f6nemle durdu\u011fumuz konular\u0131n ba\u015f\u0131nda geliyor. Bununla ilgili taslak metin haz\u0131rlanm\u0131\u015ft\u0131. \u0130lgili kamu kurulu\u015flar\u0131 ve konuyla ilgili bir k\u0131s\u0131m sivil toplum kurulu\u015flar\u0131na da bu taslak metin g\u00f6nderildi. Bunlardan gelen g\u00f6r\u00fc\u015flerin \u0131\u015f\u0131\u011f\u0131nda buna da nihai \u015fekil verilecek. Bu da yine kamuoyuyla payla\u015f\u0131lacakt\u0131r.<\/p>\n<p style=\"text-align: justify;\">Ayr\u0131ca, ge\u00e7ti\u011fimiz h\u00fck\u00fcmet d\u00f6neminde yasas\u0131n\u0131 \u00e7\u0131kard\u0131\u011f\u0131m\u0131z ancak Anayasa Mahkemesi taraf\u0131ndan, &#8216;Anayasal dayana\u011f\u0131 olmad\u0131\u011f\u0131 i\u00e7in&#8217; iptal edilen Kamu Denet\u00e7ili\u011fi ya da bilinen ad\u0131yla Ombudsmanl\u0131k Kanun Tasar\u0131s\u0131 konusunu yeni ba\u015ftan ele almam\u0131z gerekmektedir. Tabiat\u0131yla bununla ilgili bir anayasa de\u011fi\u015fikli\u011fini de ihtiya\u00e7 vard\u0131r. Y\u00fcksek mahkemenin bu karar\u0131 \u0131\u015f\u0131\u011f\u0131nda. Dolay\u0131s\u0131yla Meclis&#8217;in a\u00e7\u0131lmas\u0131yla birlikte bu konunun yeni ba\u015ftan ele al\u0131nmas\u0131 gerekmektedir.&#8221;<\/p>\n<p style=\"text-align: justify;\"><strong>GAZ ANLA\u015eMASI:<\/strong><\/p>\n<p style=\"text-align: justify;\">\u00c7i\u00e7ek, d\u0131\u015f politikadaki temel tercihlerden vazge\u00e7meden son derece hayati, \u00f6nemli kararlar al\u0131nd\u0131\u011f\u0131 ifade ederek, &#8220;T\u00fcrkiye ge\u00e7ti\u011fimiz hafta yapt\u0131\u011f\u0131 g\u00f6r\u00fc\u015fmelerde ve mutabakatla 2011 y\u0131l\u0131ndan sonra da gaz anla\u015fmas\u0131n\u0131n s\u00fcresinin uzat\u0131lmas\u0131n\u0131 temin etmek suretiyle \u00f6nemli bir beklentiyi de ortadan kald\u0131rm\u0131\u015f bulunmaktad\u0131r&#8221; dedi.<\/p>\n<p style=\"text-align: justify;\">Ba\u015fbakan Recep Tayyip Erdo\u011fan, Rusya Ba\u015fbakan\u0131 Vladimir Putin ve \u0130talya Ba\u015fbakan\u0131 Silvio Berlusconi&#8217;nin kat\u0131l\u0131m\u0131yla d\u00fczenlenen t\u00f6renle 20 anla\u015fma, belge ve mutabakat zapt\u0131 imzaland\u0131\u011f\u0131n\u0131 hat\u0131rlatan \u00c7i\u00e7ek, bu belgelerin 8&#8217;inin \u00f6zel sekt\u00f6r, 12&#8217;sinin kamu kurulu\u015flar\u0131yla ilgili oldu\u011funu belirtti.<\/p>\n<p style=\"text-align: justify;\">Bu projelerin herbirinin T\u00fcrkiye&#8217;nin stratejik \u00f6nemi bak\u0131m\u0131ndan katma de\u011feri olan \u00f6nemli projeler oldu\u011funu ifade eden \u00c7i\u00e7ek, \u015f\u00f6yle devam etti:<\/p>\n<p style=\"text-align: justify;\">&#8220;T\u00fcrkiye i\u00e7 politikaya \u00e7ok fazla kilitlenmi\u015f oldu\u011fu i\u00e7in bu yap\u0131lan \u00e7al\u0131\u015fmalar\u0131 yeteri kadar kamuoyuna yans\u0131m\u0131yor ya da d\u0131\u015f d\u00fcnyadaki bas\u0131n kadar bizde yeteri kadar yer almad\u0131. T\u00fcrkiye hepimizin bildi\u011fi gibi b\u00fcy\u00fck \u00f6l\u00e7\u00fcde enerji ihtiyac\u0131n\u0131 d\u0131\u015far\u0131dan temin eden bir \u00fclkedir. Dolay\u0131s\u0131yla kendi enerji g\u00fcvenli\u011fini sa\u011flayabilmek bak\u0131m\u0131ndan nereden enerji temin edilebiliyorsa, hangi \u00fclkeden, hangi yolla temin edebilecekse onunla ilgili \u00e7ok yo\u011fun \u00e7al\u0131\u015fmalar yapmaktad\u0131r. Tabiat\u0131yla bizim bak\u0131m\u0131m\u0131zdan en evvel kom\u015fular\u0131m\u0131zdan bu ihtiyac\u0131m\u0131z\u0131n kar\u015f\u0131lanmas\u0131 \u00e7e\u015fitli a\u00e7\u0131lardan da \u00f6nem arz etmektedir. Hem iyi kom\u015fuluk ili\u015fkileri hem de i\u015fin maliyeti bak\u0131m\u0131ndan da \u00f6nem arz ediyor. Onun i\u00e7in T\u00fcrkiye bir s\u00fcreden beri bu enerji politikas\u0131 \u00fczerine biraz daha fazla yo\u011funla\u015fmakta, enerji projelerini hayata ge\u00e7irebilmek i\u00e7in ciddi bir \u00e7aban\u0131n i\u00e7erisine girmektedir.<\/p>\n<p style=\"text-align: justify;\">Bir s\u00fcre \u00f6nce NABUCCO Projesi \u00fczerinde bir mutabakata var\u0131lm\u0131\u015f, bu konuyu konu\u015ftuk. NABUCCO 21. Y\u00fczy\u0131l bak\u0131m\u0131ndan \u00f6nem arz ediyor ve T\u00fcrkiye&#8217;nin stratejik \u00f6nemini art\u0131r\u0131yor. Ge\u00e7ti\u011fimiz hafta yap\u0131lan bir k\u0131s\u0131m de\u011ferlendirmelerde, imzalanan belgelerde T\u00fcrkiye yine enerji g\u00fcvenli\u011fini kendi bak\u0131m\u0131ndan temin edebilmek bak\u0131m\u0131ndan Rusya Federasyonu ile bir k\u0131s\u0131m anla\u015fmalar yapm\u0131\u015ft\u0131r, mutabakatlara var\u0131lm\u0131\u015ft\u0131r. Bunlar da fevkalade \u00f6nemlidir. Bunlar\u0131n ba\u015f\u0131nda Mavi Ak\u0131m&#8217;\u0131n T\u00fcrkiye&#8217;nin di\u011fer b\u00f6lgelerine ve oradan da g\u00fcney kom\u015fular\u0131m\u0131za kadar uzat\u0131lmas\u0131yla ilgili. \u0130kincisi Samsun&#8217;dan Ceyhan&#8217;a kadar petrol boru hatt\u0131. Bu hatt\u0131n kurulmas\u0131 yetmiyor, i\u00e7inin petrolle doldurulmas\u0131 laz\u0131m. En \u00f6nemi tedarik\u00e7i \u00fclkelerin ba\u015f\u0131nda Rusya Federasyonu geliyor. Ayr\u0131ca, \u0130talya&#8217;n\u0131n Hazar b\u00f6lgesinde yapt\u0131\u011f\u0131 bir k\u0131s\u0131m petrol \u00fcretimleri, \u00e7al\u0131\u015fmalar\u0131 var. Oradan temin edilen kaynakla hem bu proje hayata ge\u00e7irilmi\u015f olacak hem Bo\u011fazlar \u00f6nemli bir riskten kurtulmu\u015f olacak hem de T\u00fcrkiye ilave enerji a\u00e7\u0131s\u0131ndan stratejik \u00f6nemi a\u00e7\u0131s\u0131ndan \u00f6nemli bir projeyi ger\u00e7ekle\u015ftirmi\u015f olacakt\u0131r.&#8221;<\/p>\n<p style=\"text-align: justify;\"><strong>SORULARI YANITLADI<\/strong><\/p>\n<p style=\"text-align: justify;\">H\u00fck\u00fcmet S\u00f6zc\u00fcs\u00fc Devlet Bakan\u0131 ve Ba\u015fbakan Yard\u0131mc\u0131s\u0131 Cemil \u00c7i\u00e7ek, &#8220;Bu \u00e7al\u0131\u015fmalarla (K\u00fcrt a\u00e7\u0131l\u0131m\u0131) ilgili biz herkese bilgi vermek istiyoruz. Tabiat\u0131yla en ba\u015fta da siyasi partilere bilgi vermek istiyoruz&#8221; dedi.<\/p>\n<p style=\"text-align: justify;\">\u00c7i\u00e7ek, &#8220;Kabul ederlerse biz bu bu bilgileri veririz, y\u00fcz y\u00fcze veririz, do\u011frudan veririz varsa bir teklifleri, tenkitleri, ele\u015ftirileri, endi\u015feleri bunlar\u0131 da birinci a\u011f\u0131zdan kendilerden duymak isteriz&#8221; diye konu\u015ftu.<\/p>\n<p style=\"text-align: justify;\">Bakanlar Kurulu Toplant\u0131s\u0131 sonras\u0131ndaki a\u00e7\u0131klamalar\u0131n\u0131n ard\u0131ndan sorular\u0131 yan\u0131tlayan Cemil \u00c7i\u00e7ek, &#8220;(K\u00fcrt a\u00e7\u0131l\u0131m\u0131) konusunda muhalefetten genel ba\u015fkan d\u00fczeyinde bir g\u00f6r\u00fc\u015fme talebi gelirse de\u011ferlendirir misiniz? Konuyu ne zaman bitirmeyi d\u00fc\u015f\u00fcn\u00fcyorsunuz?&#8221; \u015feklindeki soruya \u015fu yan\u0131t\u0131 verdi:<\/p>\n<p style=\"text-align: justify;\">&#8220;Konunun ne kadar \u00f6nemli oldu\u011funu zaten bu tart\u0131\u015fmalardan biliyoruz. Dolay\u0131s\u0131yla bu tart\u0131\u015fmalar\u0131 makul ve me\u015fru bir zeminde, bir s\u00fcre\u00e7 i\u00e7erisinde de\u011ferlendirme, karar konusu yapabilmek bak\u0131m\u0131ndan olabildi\u011fince s\u00fcratli yapmaya gayret ediyoruz, ama biz herkesin fikrini alaca\u011f\u0131z, her seviyede al\u0131r\u0131z. \u015eimdi \u0130\u00e7i\u015fleri Bakan\u0131m\u0131z bu \u00e7al\u0131\u015fmalar\u0131, bildi\u011finiz gibi daha \u00f6nce ald\u0131\u011f\u0131m\u0131z karar gere\u011fi, ter\u00f6rle m\u00fccadeleyi yapanla, planlamay\u0131 yapan\u0131n ayn\u0131 makam olmas\u0131n\u0131n do\u011fru oldu\u011funu d\u00fc\u015f\u00fcn\u00fcyoruz. Bu konuyu biz \u00e7ok evvelden karar ba\u011flad\u0131k. Dolay\u0131s\u0131yla bu \u00e7al\u0131\u015fmalar \u0130\u00e7i\u015fleri Bakanl\u0131\u011f\u0131&#8217;nda koordine ediliyor. Devletin ilgili birimlerinden g\u00f6revlilerin kat\u0131l\u0131m\u0131yla o nedenle bu \u00e7al\u0131\u015fmalarla ilgili biz herkese bilgi vermek istiyoruz.<\/p>\n<p style=\"text-align: justify;\">Tabiat\u0131yla en ba\u015fta da siyasi partilere bilgi vermek istiyoruz. Kabul ederlerse biz bu bu bilgileri veririz, y\u00fcz y\u00fcze veririz do\u011frudan veririz varsa bir teklifleri, tenkitleri, ele\u015ftirileri, endi\u015feleri bunlar\u0131 da birinci a\u011f\u0131zdan kendilerden duymak isteriz. Bunlar\u0131 da de\u011ferlendirme konusu yapar\u0131z, yani biz iyi niyetle ve \u00e7ok b\u00fcy\u00fck bir samimiyetle bu konunun T\u00fcrkiye&#8217;nin g\u00fcndeminden \u00e7\u0131kmas\u0131 hususunda elimizden gelen gayreti g\u00f6steriyoruz. Bu konuda hi\u00e7 kimseyle ilgili \u00f6zel bir daha ba\u015ftan bir de\u011ferlendirmemiz de s\u00f6z konusu de\u011fil. Onun i\u00e7in de biz herkesin kap\u0131s\u0131n\u0131 \u00e7alar\u0131z herkes bir \u015fey diyecekse o bilgiyi de almak isteriz. Ha verirler ya da vermezler o kendi takdirleridir. Bunlar da zaten kamuoyunun \u00f6n\u00fcnde oluyor. Bu T\u00fcrkiye&#8217;nin meselesidir, tek ba\u015f\u0131na AK Parti&#8217;nin, AK Parti \u0130ktidar\u0131&#8217;n\u0131n meselesi de\u011fil. Geriye d\u00f6n\u00fcp bakt\u0131\u011f\u0131m\u0131zda 100 y\u0131ll\u0131k ge\u00e7mi\u015fi olan bir konu, onun i\u00e7in herkesin bu konuya katk\u0131 verece\u011fini \u00fcmit etmek istiyoruz. Say\u0131n Bakan da bu d\u00fc\u015f\u00fcnceyle bu \u00e7al\u0131\u015fmalar\u0131n\u0131 y\u00fcr\u00fctecektir. Bu \u00e7al\u0131\u015fmalar\u0131 s\u0131ras\u0131nda ba\u015fka t\u00fcrl\u00fc ihtiya\u00e7 olur ba\u015fka t\u00fcrl\u00fc kararlar almak gerekirse biz onlar\u0131 al\u0131r\u0131z. Biz iyi niyetle meseleye bak\u0131yoruz ve herkesin katk\u0131s\u0131n\u0131 bekliyoruz.&#8221;<\/p>\n<p style=\"text-align: justify;\"><strong><em>&#8220;Uyar\u0131 de\u011fil rica&#8221;<\/em><\/strong><\/p>\n<p style=\"text-align: justify;\">Bir gazetecinin &#8220;Bas\u0131na bir uyar\u0131n\u0131z oldu \u015feklindeki s\u00f6zleri \u00fczerine&#8221; \u00c7i\u00e7ek, \u015f\u00f6yle devam etti:<\/p>\n<p style=\"text-align: justify;\">&#8220;Uyar\u0131m de\u011fil, bir ricam\u0131z. Bak\u0131n\u0131z ge\u00e7mi\u015fte 8 yasa \u00e7\u0131kt\u0131. Bunlar\u0131n bir k\u0131sm\u0131 yasan\u0131n \u00f6z\u00fcd\u00fcr, bir k\u0131sm\u0131 uzatmakla ilgili, ama bas\u0131n taraf\u0131ndan bir &#8216;Pi\u015fmanl\u0131k Yasas\u0131&#8217; diye tutturuldu. Meri mevzuat i\u00e7erisinde &#8216;Pi\u015fmanl\u0131k Yasas\u0131&#8217; diye bir yasay\u0131 kimse bulamaz. \u015eimdi ad\u0131n\u0131 kendisi koyup i\u00e7inin doldurulmas\u0131n\u0131 bizden istiyor herkes. O nedenle e\u011fer H\u00fck\u00fcmet&#8217;in bu \u00e7al\u0131\u015fmalar\u0131yla ilgili bir de\u011ferlendirme, isimlendirme yap\u0131lacaksa, teklif olarak s\u00f6ylenebilir. Bunlara bir itiraz\u0131m\u0131z yok. Bir de zamana zaman beli konulara atfen diye yaz\u0131lan, haber haline getirilen konular var.<\/p>\n<p style=\"text-align: justify;\">Sizden istirham ediyorum, diyorum ki bu i\u015fin \u00f6n\u00fcnde olan, s\u00fcrd\u00fcren arkada\u015flar\u0131m\u0131zdan teyit edilmeden, sanki ger\u00e7ekten b\u00f6yle bir \u00e7al\u0131\u015fma varm\u0131\u015f gibi hangi \u00e7al\u0131\u015fmaysa&#8230; Oldu\u011fu taktirde kamuoyu yanl\u0131\u015f bilgilendiriliyor. Yanl\u0131\u015f bilgiler \u00fczerine de insanlar, yanl\u0131\u015f kanaatlere sahip oluyor. Zaten \u0130\u00e7i\u015fleri Bakan\u0131 arkada\u015f\u0131m\u0131z ve bizler kamuoyuna a\u00e7\u0131klanmas\u0131 gereken bilgiler varsa bunlar\u0131 sizlerle payla\u015faca\u011f\u0131z. Zaten herkesle g\u00f6r\u00fc\u015ferek biz bir ortak zeminde, ortak ak\u0131lla bu sorunu \u00e7\u00f6zmeye gayret ediyoruz. Nitekim bunun \u00f6rneklerini ortaya koymaya ba\u015flad\u0131k bu bizim bir talebimiz s\u00fcrecin sa\u011fl\u0131kl\u0131 y\u00fcr\u00fcmesi a\u00e7\u0131s\u0131ndan&#8221;<\/p>\n<p style=\"text-align: justify;\"><strong><em>&#8220;T\u00fcrkiye ne \u00e7ekiyorsa kulislerden \u00e7ekiyor&#8221;<\/em><\/strong><\/p>\n<p style=\"text-align: justify;\">&#8220;Kulislere yans\u0131yan bilgiler var&#8221; \u015feklindeki hat\u0131rlatma \u00fczerine \u00c7i\u00e7ek, &#8220;T\u00fcrkiye ne \u00e7ekiyorsa bu kulislerden \u00e7ekiyor&#8221; dedi.<\/p>\n<p style=\"text-align: justify;\">Konuyu ne zaman bitireceksiniz sorusu \u00fczerine Cemil \u00c7i\u00e7ek, \u015funlar\u0131 s\u00f6yledi:<\/p>\n<p style=\"text-align: justify;\">&#8220;Y\u00fczy\u0131ll\u0131k ge\u00e7mi\u015fi olan bir konuyu e\u011fer T\u00fcrkiye bir g\u00fcnde iki g\u00fcnde, \u00fc\u00e7 g\u00fcnde \u00e7\u00f6zebilecek sihirli form\u00fcller, re\u00e7eteler bulabilseydi bu derhal uygulanabilirdi. Onun i\u00e7in zaman\u0131 geldi\u011finde&#8230; Biz de bu s\u00fcrecin \u00e7ok uzamamas\u0131n\u0131, bu i\u015fin uzun s\u00fcre T\u00fcrkiye&#8217;nin g\u00fcndeminde kalmamas\u0131n\u0131 isteriz, ama yapmam\u0131z gereken i\u015fler var. Hangi zamanda, hangi tip bilgiler a\u00e7\u0131klanacaksa bunlar\u0131 sizlerle payla\u015faca\u011f\u0131z. Ne olur sizler de Cuma g\u00fcn\u00fc \u015fu olacak, Milli G\u00fcvenlik Kurulu&#8217;nda da bu olacak diye bu t\u00fcrl\u00fc s\u00fcreci belli tarihlere ba\u011flayarak toplumda yerli, yersiz beklentilere de imkan vermeyelim.&#8221;<\/p>\n<p style=\"text-align: justify;\"><em><strong>&#8220;Herkesle g\u00f6r\u00fc\u015f\u00fcr\u00fcz&#8221;<\/strong><\/em><\/p>\n<p style=\"text-align: justify;\">Cemil \u00c7i\u00e7ek, bir ba\u015fka soru \u00fczerine &#8220;\u0130\u00e7i\u015fleri Bakan\u0131 Be\u015fir Atalay sivil toplum \u00f6rg\u00fctleriyle g\u00f6r\u00fc\u015fmelerine \u00c7ar\u015famba g\u00fcn\u00fc TOBB ile ba\u015flayacak&#8221; dedi.<\/p>\n<p style=\"text-align: justify;\">&#8220;Partilerden teyit edilmi\u015f bir randevu var m\u0131? DTP ile yeniden bir g\u00f6r\u00fc\u015fme s\u00f6z konusu olacak m\u0131? Cumhurba\u015fkan\u0131ndan da yard\u0131m isteyecek misiniz?&#8221; sorulara Ci\u00e7ek, &#8220;Herkesin katk\u0131s\u0131n istiyoruz. Bu s\u00fcre\u00e7 zarf\u0131nda ka\u00e7 defa g\u00f6r\u00fc\u015fmek gerekirse herkesle g\u00f6r\u00fc\u015f\u00fcr\u00fcz. B\u00fct\u00fcn mesele bizim bu konuda iyi anla\u015f\u0131lm\u0131\u015f olmam\u0131zd\u0131r. Bu s\u00fcrece katk\u0131 verecek herkesle hi\u00e7bir \u00f6n kabul\u00fcm\u00fcz olmadan dinlemeye, katk\u0131lar\u0131n\u0131 alamaya haz\u0131r oldu\u011fumuzu tekrar ifade ediyoruz&#8221; kar\u015f\u0131l\u0131\u011f\u0131n\u0131 verdi.<\/p>\n<p style=\"text-align: justify;\">&#8220;Muhalefet partilerinden randevuya olumlu yan\u0131t gelmezse farkl\u0131 bir yol haritas\u0131 izlenecek mi?&#8221; sorusuna kar\u015f\u0131l\u0131k \u00c7i\u00e7ek, &#8220;Bug\u00fcnden fal a\u00e7mam. Verirse vermi\u015f olur, vermezse vermemi\u015f olur. Daha yaz\u0131y\u0131 bug\u00fcnden yaz\u0131p filanca verirse, vermezse diye b\u00f6yle bir tahmin yapmaya ne gerek var&#8221; diye konu\u015ftu.<\/p>\n<p style=\"text-align: justify;\"><em><strong>RT\u00dcK Yasas\u0131<\/strong><\/em><\/p>\n<p style=\"text-align: justify;\">\u00c7i\u00e7ek, &#8220;RT\u00dcK Yasas\u0131&#8217;nda yap\u0131lacak bir de\u011fi\u015fiklikle medya \u015firketlerindeki yabanc\u0131 sermaye pay\u0131n\u0131n y\u00fczde 25&#8217;ten y\u00fczde 50&#8217;ye \u00e7\u0131kar\u0131lmas\u0131 y\u00f6n\u00fcnde bir taslak \u00e7al\u0131\u015fmas\u0131 oldu\u011fu bas\u0131na yans\u0131d\u0131, o konuda bir bilgi verebilir misiniz?&#8221; sorusu \u00fczerine \u015funlar\u0131 kaydetti:<\/p>\n<p style=\"text-align: justify;\">&#8220;O konu g\u00fcndeme gelmedi, ama geldi\u011fi zaman bilgi veririz. H\u00fck\u00fcmet olarak yabanc\u0131 sermaye konusundaki yakla\u015f\u0131m\u0131m\u0131z bellidir. T\u00fcrkiye&#8217;nin kalk\u0131nmas\u0131n\u0131 belli bir h\u0131zda s\u00fcrd\u00fcrebilmek bak\u0131m\u0131ndan yerli sermayesi kadar yabanc\u0131 sermayeye de her alanda ihtiyac\u0131 var. Dolay\u0131s\u0131yla yabanc\u0131 sermayenin T\u00fcrkiye&#8217;ye gelmesini kolayla\u015ft\u0131racak her t\u00fcrl\u00fc \u00e7abay\u0131 s\u00fcrd\u00fcr\u00fcr\u00fcz. Tabii bunu yaparken de belli k\u0131staslar olur. Biz olaya olumlu bakar\u0131z, ama &#8216;bug\u00fcn, \u00f6n\u00fcm\u00fczdeki hafta bu konu gelecek&#8217; diye bir beklenti olmas\u0131n diye ifade ediyorum. Ke\u015fke bug\u00fcne kadar gelenden \u00e7ok daha fazla yabanc\u0131 sermaye gelse. T\u00fcrkiye her sene en az y\u00fczde 7-8 kalk\u0131nacaksa. Bunun yolu yabanc\u0131 sermayenin T\u00fcrkiye&#8217;ye gelmesidir. Y\u00fczde 15,16, 17&#8217;lik tasarruflarla T\u00fcrkiye&#8217;nin o kalk\u0131nma h\u0131zlar\u0131n\u0131 yakalamas\u0131 m\u00fcmk\u00fcn de\u011fil diye iktisat\u00e7\u0131lar\u0131m\u0131z s\u00f6yl\u00fcyor. T\u00fcrkiye ba\u015fka \u00fclkelerle aras\u0131ndaki fark\u0131 kapatacaksa hangi alanda olursa olsun yabanc\u0131 sermaye ihtiyac\u0131 a\u00e7\u0131kt\u0131r, ama bug\u00fcn konu\u015fmad\u0131k bu konuyu.&#8221;<\/p>\n<p style=\"text-align: justify;\">Cemil \u00c7i\u00e7ek, &#8220;2011&#8217;de s\u00fcresi biten Rus gaz\u0131 ile anla\u015fma ka\u00e7 y\u0131l uzat\u0131ld\u0131. 20 y\u0131ldan bahsedildi. Bir de Samsun-Ceyhan&#8217;da bakt\u0131\u011f\u0131m\u0131zda gelecek gaz Kazaklar\u0131n petrol\u00fc m\u00fc olacak, yoksa Rusya&#8217;n\u0131n ba\u015fka yerden getirece\u011fi gaz m\u0131 olacak?&#8221; sorusuna \u015fu kar\u015f\u0131l\u0131\u011f\u0131 verdi:<\/p>\n<p style=\"text-align: justify;\">&#8220;\u015eimdi 2011&#8217;den sonra gaz al\u0131mlar\u0131n\u0131n uzat\u0131lmas\u0131 ile ilgili bir prensip mutabakat\u0131na var\u0131lm\u0131\u015ft\u0131r. Di\u011fer konularda da ilke mutabakatlar\u0131 var. Geri kalanlar zaten teknik bir k\u0131s\u0131m d\u00fczenlemeler, g\u00f6r\u00fc\u015fmeleri beraberinde getiriyor. Bunlar imzalanan belgelerde var. Geri kalanlar teknik heyetlerin yapaca\u011f\u0131 g\u00f6r\u00fc\u015fmelerle belli bir noktaya gelmi\u015f olacakt\u0131r. Burada bir teredd\u00fct yok. \u015eimdi bize bir petrol gelecekse nereden gelirse gelsin. Neticede bizim Rusya&#8217;da bu i\u015fe ortak oldu\u011funa g\u00f6re ister kendi kayna\u011f\u0131ndan al\u0131r, ister ba\u015fka yerden. Bu daha sonraki meseledir. M\u00fchim olan o hatt\u0131n a\u00e7\u0131lm\u0131\u015f olmas\u0131, o hatta petrol verilmesi ve b\u00f6ylece bo\u011fazlar\u0131n hem belli bir riskten kurtulmas\u0131 hem T\u00fcrkiye&#8217;nin bir enerji \u00fcss\u00fc haline gelmesidir.&#8221;<\/p>\n<p style=\"text-align: justify;\"><em><strong>G\u00fcneydo\u011fu<\/strong><\/em><\/p>\n<p style=\"text-align: justify;\">&#8220;Yeni a\u00e7\u0131l\u0131mla ilgili temaslarda Do\u011fu ve G\u00fcneydo\u011fu Anadolu&#8217;da kanaat \u00f6nderleri ile bir temas olacak m\u0131?&#8221; \u015feklindeki soru \u00fczerine Cemil \u00c7i\u00e7ek, &#8220;Kanaat \u00f6nderleri konusu diyorsunuz. B\u00f6yle s\u0131n\u0131rlay\u0131c\u0131 bir \u015fey yapmaya gerek yok. \u00dczerinde durdu\u011fumuz konu T\u00fcrkiye&#8217;nin meselesi oldu\u011funa g\u00f6re sadece G\u00fcneydo\u011fu&#8217;nun konusu de\u011fil, benim de konum sizin de konunuz, T\u00fcrkiye&#8217;nin bat\u0131s\u0131n\u0131n da kuzeyinin de g\u00fcneyinin de konusudur. Herkesin fikrini, demin ifade etmeye \u00e7al\u0131\u015ft\u0131m, &#8216;benim bu konuda s\u00f6yleyeceklerim var. Bu konuya katk\u0131 vermek istiyorum&#8217; diyen kim varsa nerede oturuyorsa otursun o g\u00f6r\u00fc\u015fleri biz almaya haz\u0131r\u0131z&#8221; dedi.<\/p>\n<p style=\"text-align: justify;\">\u00c7i\u00e7ek, IMF ile g\u00f6r\u00fc\u015fmelere ili\u015fkin bir soruya da &#8220;Kanaatimiz T\u00fcrkiye&#8217;de IMF toplant\u0131s\u0131 yap\u0131lmazdan evvel bu konunun m\u00fcmk\u00fcnse karara ba\u011flanmas\u0131d\u0131r. T\u00fcrkiye&#8217;nin beklentileri belli. Bu m\u00fcteaddit defalar de\u011fi\u015fik kademelerde ve son olarak da Say\u0131n Ba\u015fbakan\u0131m\u0131z&#8217;\u0131n m\u00fcteaddit g\u00f6r\u00fc\u015fmelerinde ifade edilmi\u015ftir. Biz arzu ederiz ki Eyl\u00fclden evvel b\u00f6yle bir anla\u015fmaya varm\u0131\u015f olal\u0131m&#8221; yan\u0131t\u0131n\u0131 verdi.<\/p>\n<p style=\"text-align: justify;\"><span style=\"color: #888888;\">CNN T\u00dcRK<\/span><\/p>\n","protected":false},"excerpt":{"rendered":"<p style=\"text-align: center;\">\n<p style=\"text-align: justify;\">5 haftal\u0131k aran\u0131n ard\u0131ndan Bakanlar Kurulu bug\u00fcn topland\u0131. Toplant\u0131n\u0131n ard\u0131ndan kameralar\u0131n kar\u015f\u0131s\u0131na ge\u00e7en H\u00fck\u00fcmet S\u00f6zc\u00fcs\u00fc Cemil \u00c7i\u00e7ek, K\u00fcrt a\u00e7\u0131l\u0131m\u0131yla ilgili olarak &#8220;Herkesin d\u00fc\u015f\u00fcncesini dinlemeye haz\u0131r\u0131z&#8221; dedi. \u00c7i\u00e7ek, \u00fcniversite har\u00e7lar\u0131na birinci ve ikinci \u00f6\u011fretim i\u00e7in y\u00fczde 8 zam yap\u0131laca\u011f\u0131n\u0131 da a\u00e7\u0131klad\u0131.<\/p>\n<p style=\"text-align: justify;\">\u00c7i\u00e7ek, Bakanlar Kurulu toplant\u0131s\u0131n\u0131n ard\u0131ndan a\u00e7\u0131klamalarda bulundu.<\/p>\n<p  \n\n","protected":false},"author":1,"featured_media":0,"comment_status":"open","ping_status":"closed","sticky":false,"template":"","format":"standard","meta":{"footnotes":""},"categories":[105],"tags":[],"class_list":["post-13095","post","type-post","status-publish","format-standard","hentry","category-gundem","odd"],"_links":{"self":[{"href":"http:\/\/www.korhanyilmaz.com\/index.php?rest_route=\/wp\/v2\/posts\/13095","targetHints":{"allow":["GET"]}}],"collection":[{"href":"http:\/\/www.korhanyilmaz.com\/index.php?rest_route=\/wp\/v2\/posts"}],"about":[{"href":"http:\/\/www.korhanyilmaz.com\/index.php?rest_route=\/wp\/v2\/types\/post"}],"author":[{"embeddable":true,"href":"http:\/\/www.korhanyilmaz.com\/index.php?rest_route=\/wp\/v2\/users\/1"}],"replies":[{"embeddable":true,"href":"http:\/\/www.korhanyilmaz.com\/index.php?rest_route=%2Fwp%2Fv2%2Fcomments&post=13095"}],"version-history":[{"count":0,"href":"http:\/\/www.korhanyilmaz.com\/index.php?rest_route=\/wp\/v2\/posts\/13095\/revisions"}],"wp:attachment":[{"href":"http:\/\/www.korhanyilmaz.com\/index.php?rest_route=%2Fwp%2Fv2%2Fmedia&parent=13095"}],"wp:term":[{"taxonomy":"category","embeddable":true,"href":"http:\/\/www.korhanyilmaz.com\/index.php?rest_route=%2Fwp%2Fv2%2Fcategories&post=13095"},{"taxonomy":"post_tag","embeddable":true,"href":"http:\/\/www.korhanyilmaz.com\/index.php?rest_route=%2Fwp%2Fv2%2Ftags&post=13095"}],"curies":[{"name":"wp","href":"https:\/\/api.w.org\/{rel}","templated":true}]}}