{"id":13090,"date":"2009-08-10T14:20:50","date_gmt":"2009-08-10T11:20:50","guid":{"rendered":"http:\/\/www.korhanyilmaz.com\/?p=13090"},"modified":"2009-08-10T14:20:50","modified_gmt":"2009-08-10T11:20:50","slug":"atalay-destek-ariyor-mhp-olmaz-diyor","status":"publish","type":"post","link":"http:\/\/www.korhanyilmaz.com\/?p=13090","title":{"rendered":"Atalay destek ar\u0131yor, MHP &quot;Olmaz&quot; diyor"},"content":{"rendered":"<div id=\"attachment_13091\" style=\"width: 302px\" class=\"wp-caption aligncenter\"><a title=\"\u0130\u00e7i\u015fleri Bakan\u0131 Be\u015fir Atalay\" href=\"http:\/\/www.korhanyilmaz.com\/wp-content\/uploads\/2009\/08\/besiratalay.jpg\"  class=\"lightview\"><img loading=\"lazy\" decoding=\"async\" aria-describedby=\"caption-attachment-13091\" class=\"size-full wp-image-13091\" title=\"\u0130\u00e7i\u015fleri Bakan\u0131 Be\u015fir Atalay\" src=\"http:\/\/www.korhanyilmaz.com\/wp-content\/uploads\/2009\/08\/besiratalay.jpg\" alt=\"besiratalay\" width=\"292\" height=\"215\" \/><\/a><p id=\"caption-attachment-13091\" class=\"wp-caption-text\">\u0130\u00e7i\u015fleri Bakan\u0131 Be\u015fir Atalay<\/p><\/div>\n<p style=\"text-align: justify;\">H\u00fck\u00fcmetin K\u00fcrt a\u00e7\u0131l\u0131m\u0131 kapsam\u0131nda \u0130\u00e7i\u015fleri Bakan\u0131 Be\u015fir Atalay, bu hafta muhalefeti ziyaret ederek, destek arayacak. Muhalefetin kap\u0131s\u0131n\u0131 \u00e7alma karar\u0131na ilk yan\u0131t MHP&#8217;den geldi. MHP&#8217;li Oktay Vural, &#8220;Kimse safsatalarla MHP&#8217;nin kap\u0131s\u0131n\u0131 \u00e7almaya cesaret edemez&#8221; dedi.<\/p>\n<p style=\"text-align: justify;\">\u0130\u00e7i\u015fleri Bakan\u0131 Atalay, CHP, MHP ve DTP&#8217;den randevu isteyecek.<\/p>\n<p style=\"text-align: justify;\">DTP Genel Ba\u015fkan\u0131 Ahmet T\u00fcrk ile Ba\u015fbakan Recep Tayyip Erdo\u011fan ge\u00e7en hafta g\u00f6r\u00fc\u015fm\u00fc\u015f, g\u00f6r\u00fc\u015fmeye Bakan Atalay da kat\u0131lm\u0131\u015ft\u0131.<\/p>\n<p style=\"text-align: justify;\">Siyasi partilerle g\u00f6r\u00fc\u015fmelerin, lider d\u00fczeyinde olup olmayaca\u011f\u0131 hen\u00fcz belli de\u011fil.<\/p>\n<p style=\"text-align: justify;\">\u0130\u00e7i\u015fleri Bakan\u0131 Atalay&#8217;\u0131n, siyasi partilerden sonra sivil toplum \u00f6rg\u00fctleriyle de, g\u00f6r\u00fc\u015fmesi planlan\u0131yor. <!--more--><\/p>\n<p style=\"text-align: justify;\"><em><strong>MHP g\u00f6r\u00fc\u015fmeyi kabul etmiyor<\/strong><\/em><\/p>\n<p style=\"text-align: justify;\">MHP randevu talebini beklemeden karar\u0131n\u0131 a\u00e7\u0131klad\u0131 ve &#8220;G\u00f6r\u00fc\u015fmeyiz&#8221; mesaj\u0131n\u0131 verdi.<\/p>\n<p style=\"text-align: justify;\">MHP Grup Ba\u015fkanvekili Oktay Vural, &#8220;Kimse safsatalarla MHP&#8217;nin kap\u0131s\u0131n\u0131 \u00e7almaya cesaret edemez&#8221; dedi; Cumhurba\u015fkan\u0131 G\u00fcl&#8217;\u00fc ele\u015ftirdi.<\/p>\n<p style=\"text-align: justify;\">Meclis&#8217;te Kamu-Sen y\u00f6neticilerini kabul eden Oktay Vural, sorular\u0131 yan\u0131tlad\u0131.<\/p>\n<p style=\"text-align: justify;\">MHP Grup Ba\u015fkanvekili, &#8220;Kendisine &#8216;muhafazakar demokrat&#8217; denilen bir parti, bug\u00fcn siyasal K\u00fcrt\u00e7\u00fcl\u00fc\u011f\u00fcn, siyasal ama\u00e7lar\u0131na ula\u015f\u0131lmas\u0131n\u0131 &#8216;demokratik a\u00e7\u0131l\u0131m&#8217; olarak ileri s\u00fcrmektedir&#8221; dedi.<\/p>\n<p style=\"text-align: justify;\">Cumhurba\u015fkan\u0131 G\u00fcl&#8217;\u00fcn &#8220;Kafam\u0131z\u0131 kuma g\u00f6mmeyelim&#8221; s\u00f6zlerine Vural, &#8220;As\u0131l sen kafan\u0131 kuma g\u00f6mme. Bizans tekfuru musun?&#8221; diyerek  tepki g\u00f6sterdi.<\/p>\n<p style=\"text-align: justify;\">Vural,  &#8220;Kafay\u0131 kuma g\u00f6men kendisi. Deveku\u015fu politikas\u0131 uygulayan kendisi. T\u00fcrkiye&#8217;de silahl\u0131 ter\u00f6rle, K\u00fcrt\u00e7\u00fcl\u00fc\u011f\u00fc siyala\u015ft\u0131rmak isteyenleri g\u00f6rmeyen kendisi&#8221; dedi.<\/p>\n<p style=\"text-align: justify;\">Oktay Vural, &#8220;Bu milletin askerine, polisine, \u00f6\u011fretmenine, m\u00fchendisine kur\u015fun s\u0131kanlar\u0131 g\u00f6rmediler mi? T\u00fcrkiye&#8217;yi b\u00f6lmek isteyenlerin siyasal ama\u00e7lar\u0131n\u0131n fark\u0131nda de\u011filler mi? T\u00fcrkiye&#8217;nin hangi tehlikeyle kar\u015f\u0131 kar\u015f\u0131ya oldu\u011funu bilmiyorlar m\u0131? Bu milleti etnik kimliklere g\u00f6re b\u00f6lme senaryosunun fark\u0131nda de\u011filler mi? Bu muhteremler nerede ya\u015f\u0131yorlar? Kendilerine sormak laz\u0131m; bu milletin ad\u0131n\u0131 de\u011fi\u015ftirmek isteyenler yok mu, bu milletin co\u011frafyas\u0131n\u0131 b\u00f6lmek isteyenler yok mu, bu millete kur\u015fun s\u0131kanlar, Do\u011fu ve G\u00fcneydo\u011fu da K\u00fcrtlere kur\u015fun s\u0131kan PKK diye bir \u00f6rg\u00fct yok mu? Say\u0131n Cumhurba\u015fkan\u0131&#8230; Yok mu? 40 bin \u015fehit yok mu?&#8221; \u015feklinde sorular y\u00f6neltti.<\/p>\n<p style=\"text-align: justify;\">T\u00fcrk milletinin tarihinde etnik kimlik ayr\u0131m\u0131, \u0131rk\u00e7\u0131l\u0131k yap\u0131lmad\u0131\u011f\u0131na dikkati \u00e7eken Vural, &#8220;Kafan\u0131zdaki kategorik yakla\u015f\u0131m\u0131, \u0131rk\u00e7\u0131 yakla\u015f\u0131m\u0131 millete izafi edemezsiniz. Bu millet, bu co\u011frafyay\u0131 vatan yaparken karde\u015flikle yapt\u0131. Bug\u00fcn milletimizin hi\u00e7bir ferdinde d\u00fc\u015fmanl\u0131k yok, karde\u015flik vard\u0131r. \u015eimdi bu karde\u015fli\u011fi bozma projesi ile kar\u015f\u0131 kar\u015f\u0131yay\u0131z&#8221; dedi.<\/p>\n<p style=\"text-align: justify;\"><strong><em>&#8220;G\u00f6r\u00fc\u015fme yakla\u015f\u0131m\u0131 i\u00e7inde olmayaca\u011f\u0131z&#8221;<\/em><\/strong><\/p>\n<p style=\"text-align: justify;\">Vural, \u0130\u00e7i\u015fleri Bakan\u0131 Be\u015fir Atalay&#8217;\u0131n bu hafta konuyla ilgili muhalefetle g\u00f6r\u00fc\u015fece\u011fini, kendisine randevu verilip verilmeyece\u011fine ili\u015fkin soruya, &#8220;MHP olarak bin y\u0131ll\u0131k karde\u015fli\u011fimizi bozacak, PKK ile m\u00fczakere d\u00f6neminin ba\u015flat\u0131ld\u0131\u011f\u0131 ve onlarla el s\u0131k\u0131\u015f\u0131ld\u0131\u011f\u0131 bir d\u00f6nemde, b\u00f6yle bir konuda kesinlikle bir g\u00f6r\u00fc\u015fme yakla\u015f\u0131m\u0131 i\u00e7inde olmayaca\u011f\u0131z&#8221; kar\u015f\u0131l\u0131\u011f\u0131n\u0131 verdi.<\/p>\n<p style=\"text-align: justify;\">MHP Genel Ba\u015fkan\u0131 Devlet Bah\u00e7eli&#8217;nin de konuya ili\u015fkin a\u00e7\u0131klama yapt\u0131\u011f\u0131n\u0131 an\u0131msatan Vural, &#8220;Hi\u00e7 kimse b\u00f6yle bir ihanet projesinin par\u00e7as\u0131 olmamal\u0131d\u0131r. H\u00fck\u00fcmeti de uyar\u0131yoruz. Kendisine &#8216;muhafazakar demokrat&#8217; denilen bir parti, bug\u00fcn siyasal K\u00fcrt\u00e7\u00fcl\u00fc\u011f\u00fcn, siyasal ama\u00e7lar\u0131na ula\u015f\u0131lmas\u0131n\u0131 &#8216;demokratik a\u00e7\u0131l\u0131m&#8217; olarak ileri s\u00fcrmektedir. AKP&#8217;ye oy vermi\u015f herkesi bu konuda duyarl\u0131 davranmaya davet ediyorum. Nereye gidiyor partiniz, kimin s\u00f6zc\u00fcl\u00fc\u011f\u00fcn\u00fc yap\u0131yor? Hangi siyasal ama\u00e7lar\u0131 ger\u00e7ekle\u015ftirmek istiyor?&#8221; diye konu\u015ftu.<\/p>\n<p style=\"text-align: justify;\"><strong><em>&#8220;T\u00fcrk milleti, a\u00e7\u0131l\u0131ma kapal\u0131 olacakt\u0131r&#8221; <\/em><\/strong><\/p>\n<p style=\"text-align: justify;\">&#8220;Say\u0131n Cumhurba\u015fkan\u0131 sen Bizans tekfuru musun?&#8221; diyen Vural, &#8220;Demokratik oldu\u011funuzu g\u00f6stermek i\u00e7in \u0130stanbul&#8217;un ad\u0131na da &#8216;Konstantinopolis&#8217; diyelim. B\u00f6yle bir gaflet olmaz. Bu projeyi, T\u00fcrk milletine d\u00fc\u015fmanl\u0131k projesi olarak g\u00f6r\u00fcyoruz. Say\u0131n Ahmet Davuto\u011flu, &#8216;Karde\u015flik Projesi&#8217; diyor. Bu millet karde\u015f\u00e7e ya\u015fam\u0131yor mu ey Ahmet Davuto\u011flu? \u00dc\u00e7 be\u015f ter\u00f6rist, askere, polise kur\u015fun s\u0131k\u0131yor; onlar\u0131n istek ve taleplerini yerine getirmeyi &#8216;Karde\u015flik Projesi&#8217; olarak g\u00f6r\u00fcyorsun. Bu co\u011frafyada karde\u015flik projesi, b\u00fcy\u00fck T\u00fcrk milleti ailesinin olu\u015fmas\u0131d\u0131r. Karde\u015flik burada&#8221; dedi.<\/p>\n<p style=\"text-align: justify;\">&#8220;Karde\u015flik dedikleri b\u00f6l\u00fcc\u00fcl\u00fc\u011fe prim tan\u0131makt\u0131r. H\u00fck\u00fcmeti uyar\u0131yoruz MHP olarak biz bu milletin birlik ve beraberli\u011fini savunan bir parti olarak bu tip safsatalarla MHP&#8217;nin kap\u0131s\u0131n\u0131 \u00e7almaya kimse c\u00fcret edemez&#8221; diyen Vural, &#8220;Bir Cumhurba\u015fkan\u0131 kalk\u0131yor Bizans&#8217;tan bahsediyor. T\u00fcrk \u0130slam Medeniyetine at\u0131fta bulunmas\u0131 gerekirken Bizans&#8217;tan bahsediyor. \u0130smimizi &#8216;T\u00fcrkiye&#8217; olmaktan \u00e7\u0131kartal\u0131m m\u0131? Milletimizin ismini mi \u00e7\u0131kartal\u0131m. Bunlar safsatalard\u0131r. Uyar\u0131yorum, bu milleti b\u00f6yle k\u0131\u015fk\u0131rtmay\u0131n, yanl\u0131\u015f yap\u0131yorsunuz. Bu milletin birli\u011finden yana olanlarla bir hesab\u0131n\u0131z m\u0131 var?&#8221; \u015feklinde konu\u015ftu.<\/p>\n<p style=\"text-align: justify;\">S\u00f6z konusu projeyi &#8220;tarihe hakaret&#8221; olarak de\u011ferlendiren Vural, &#8220;Biz Afrika&#8217;da bulunmu\u015f yeni kabile miyiz? Cumhurba\u015fkan\u0131na \u00e7a\u011fr\u0131m\u0131z, etti\u011fi yemini iyi okumas\u0131d\u0131r ve o yemine sad\u0131k davranmas\u0131d\u0131r. AKP&#8217;yle bu konuda giri\u015fti\u011fi rol payla\u015f\u0131m\u0131n\u0131 ve Cumhurba\u015fkanl\u0131\u011f\u0131 makam\u0131n\u0131 AKP&#8217;nin siyasi projelerinin uygulama yeri yapmas\u0131 da Cumhurba\u015fkanl\u0131\u011f\u0131 makam\u0131yla ba\u011fda\u015fmad\u0131\u011f\u0131n\u0131 s\u00f6yl\u00fcyoruz. Say\u0131n Cumhurba\u015fkan\u0131, milleti ve bu devleti temsil ediyorsunuz. Siyasal anlamda b\u00f6l\u00fcc\u00fcl\u00fck, ayr\u0131mc\u0131l\u0131k, milli kimli\u011fi payla\u015ft\u0131racak bir tak\u0131m projeler, sizin \u00fcstlendi\u011finiz g\u00f6revlerle ba\u011fda\u015fmaz&#8221; diye konu\u015ftu.<\/p>\n<p style=\"text-align: justify;\"><span style=\"color: #888888;\">CNN T\u00dcRK<\/span><\/p>\n","protected":false},"excerpt":{"rendered":"<p id=\"caption-attachment-13091\" class=\"wp-caption-text\">\u0130\u00e7i\u015fleri Bakan\u0131 Be\u015fir Atalay<\/p>\n<p style=\"text-align: justify;\">H\u00fck\u00fcmetin K\u00fcrt a\u00e7\u0131l\u0131m\u0131 kapsam\u0131nda \u0130\u00e7i\u015fleri Bakan\u0131 Be\u015fir Atalay, bu hafta muhalefeti ziyaret ederek, destek arayacak. Muhalefetin kap\u0131s\u0131n\u0131 \u00e7alma karar\u0131na ilk yan\u0131t MHP&#8217;den geldi. MHP&#8217;li Oktay Vural, &#8220;Kimse safsatalarla MHP&#8217;nin kap\u0131s\u0131n\u0131 \u00e7almaya cesaret edemez&#8221; dedi.<\/p>\n<p style=\"text-align: justify;\">\u0130\u00e7i\u015fleri Bakan\u0131 Atalay, CHP, MHP ve DTP&#8217;den randevu isteyecek.<\/p>\n<p style=\"text-align:  \n\n","protected":false},"author":1,"featured_media":0,"comment_status":"open","ping_status":"closed","sticky":false,"template":"","format":"standard","meta":{"footnotes":""},"categories":[105],"tags":[],"class_list":["post-13090","post","type-post","status-publish","format-standard","hentry","category-gundem","odd"],"_links":{"self":[{"href":"http:\/\/www.korhanyilmaz.com\/index.php?rest_route=\/wp\/v2\/posts\/13090","targetHints":{"allow":["GET"]}}],"collection":[{"href":"http:\/\/www.korhanyilmaz.com\/index.php?rest_route=\/wp\/v2\/posts"}],"about":[{"href":"http:\/\/www.korhanyilmaz.com\/index.php?rest_route=\/wp\/v2\/types\/post"}],"author":[{"embeddable":true,"href":"http:\/\/www.korhanyilmaz.com\/index.php?rest_route=\/wp\/v2\/users\/1"}],"replies":[{"embeddable":true,"href":"http:\/\/www.korhanyilmaz.com\/index.php?rest_route=%2Fwp%2Fv2%2Fcomments&post=13090"}],"version-history":[{"count":0,"href":"http:\/\/www.korhanyilmaz.com\/index.php?rest_route=\/wp\/v2\/posts\/13090\/revisions"}],"wp:attachment":[{"href":"http:\/\/www.korhanyilmaz.com\/index.php?rest_route=%2Fwp%2Fv2%2Fmedia&parent=13090"}],"wp:term":[{"taxonomy":"category","embeddable":true,"href":"http:\/\/www.korhanyilmaz.com\/index.php?rest_route=%2Fwp%2Fv2%2Fcategories&post=13090"},{"taxonomy":"post_tag","embeddable":true,"href":"http:\/\/www.korhanyilmaz.com\/index.php?rest_route=%2Fwp%2Fv2%2Ftags&post=13090"}],"curies":[{"name":"wp","href":"https:\/\/api.w.org\/{rel}","templated":true}]}}