{"id":13086,"date":"2009-08-10T12:02:37","date_gmt":"2009-08-10T09:02:37","guid":{"rendered":"http:\/\/www.korhanyilmaz.com\/?p=13086"},"modified":"2009-08-10T12:02:37","modified_gmt":"2009-08-10T09:02:37","slug":"13086","status":"publish","type":"post","link":"http:\/\/www.korhanyilmaz.com\/?p=13086","title":{"rendered":"\u0130lk G\u00fcndemi Anayasa Olacak"},"content":{"rendered":"<p style=\"text-align: center;\"><a href=\"http:\/\/www.korhanyilmaz.com\/wp-content\/uploads\/2009\/08\/actuel_1249894952.jpg\"  class=\"lightview\"><img loading=\"lazy\" decoding=\"async\" class=\"aligncenter size-full wp-image-13085\" title=\"anayasa\" src=\"http:\/\/www.korhanyilmaz.com\/wp-content\/uploads\/2009\/08\/actuel_1249894952.jpg\" alt=\"anayasa\" width=\"240\" height=\"184\" \/><\/a><\/p>\n<p style=\"text-align: justify;\">Meclisin yeni ba\u015fkan\u0131 \u015eahin, anayasa de\u011fi\u015fikli\u011fi konusunun en \u00f6nemli g\u00fcndem maddesi olaca\u011f\u0131n\u0131 belirtti. \u015eahin sorunlar\u0131n \u00e7\u00f6z\u00fcm yerinin meclis oldu\u011funu s\u00f6yledi<\/p>\n<p style=\"text-align: justify;\">TBMM&#8217;de d\u00fczenlenen devir teslim t\u00f6reninde K\u00f6ksal Toptan, \u015eahin&#8217;in se\u00e7ildi\u011fine dair Meclis karar\u0131n\u0131 imzalayarak \u015eahin&#8217;e verdi. TBMM Ba\u015fkan\u0131 Mehmet Ali \u015eahin, devir teslim t\u00f6reninin ard\u0131ndan sorular\u0131 yan\u0131tlad\u0131. \u015eahin, Anayasa de\u011fi\u015fikli\u011fi konusunda, &#8221;T\u00fcrkiye&#8217;de konuyla ilgili kafa yoran herkesin &#8216;mutlaka yapal\u0131m&#8217; dedi\u011fi bir konudur. Bu konuda Meclis Ba\u015fkan\u0131 olarak bana bir g\u00f6rev d\u00fc\u015ferse, ki d\u00fc\u015fece\u011fine inan\u0131yorum, bu konuda elimden geleni yapar\u0131m&#8221; dedi.<!--more--><\/p>\n<p style=\"text-align: justify;\">\u015eahin, TBMM&#8217;de ger\u00e7ekle\u015ftirilen devir teslim t\u00f6reninin ard\u0131ndan gazetecilerin, &#8221;ilk yapaca\u011f\u0131 i\u015fin ne olaca\u011f\u0131&#8221; sorusuna, &#8221;\u00d6ncelikle genel sekreter ve ilgili arkada\u015flardan bilgi alaca\u011f\u0131m. \u00d6nce duruma bir vaziyet edelim. Ondan sonra, devam etmekte olan hizmetleri devam ettirece\u011fiz, yenileriyle ilgili de arkada\u015flar\u0131m\u0131zla bir de\u011ferlendirme yapaca\u011f\u0131z. Ben ileriki g\u00fcnlerde bu \u00e7al\u0131\u015fmalar\u0131 yapt\u0131ktan sonra sizlerle oturaca\u011f\u0131m, b\u00fct\u00fcn bunlar\u0131 konu\u015faca\u011f\u0131m&#8221; kar\u015f\u0131l\u0131\u011f\u0131n\u0131 verdi.<\/p>\n<p style=\"text-align: justify;\">&#8221;Muhaf\u0131z alay\u0131n\u0131n Meclisten ta\u015f\u0131nmas\u0131yla ilgili bir \u00e7al\u0131\u015fma vard\u0131. Sizin ba\u015fkanl\u0131\u011f\u0131n\u0131z d\u00f6neminde bu g\u00fcndeme gelecek mi?&#8221; sorusuna kar\u015f\u0131l\u0131k \u015eahin, &#8221;Ta\u015f\u0131nmas\u0131yla ilgili de\u011fil de yerinin de\u011fi\u015ftirilmesiyle ilgili&#8230; Genelkurmay\u0131m\u0131z\u0131n olumlu yakla\u015f\u0131m\u0131n\u0131n oldu\u011funu K\u00f6ksal Bey bana ifade etmi\u015fti. \u0130htiya\u00e7 olursa tabii&#8230; \u0130htiya\u00e7 olup olmad\u0131\u011f\u0131n\u0131 bu \u00e7al\u0131\u015fmalar esnas\u0131nda g\u00f6rece\u011fiz&#8221; diye konu\u015ftu.<\/p>\n<p style=\"text-align: justify;\">\u015eahin, &#8221;Ge\u00e7en d\u00f6nem Anayasa de\u011fi\u015fikli\u011fi tart\u0131\u015f\u0131ld\u0131 ama hayata ge\u00e7medi. Sizin \u00f6ncelikleriniz aras\u0131nda yer alacak m\u0131?&#8221; sorusu \u00fczerine \u015funlar\u0131 s\u00f6yledi: &#8221;Anayasa de\u011fi\u015fikli\u011fini ben yapacak de\u011filim, Genel Kurulumuz (Meclis) yapacak. Ama Anayasa de\u011fi\u015fikli\u011fi, ger\u00e7ekten T\u00fcrkiye&#8217;de konuyla ilgili kafa yoran herkesin &#8216;mutlaka yapal\u0131m&#8217; dedi\u011fi bir konudur. Ama san\u0131yorum ki siyasi partilerimiz aras\u0131nda bir mutabakat\u0131n sa\u011flanmas\u0131 da \u00f6nem arz ediyor. Bu konuda Meclis Ba\u015fkan\u0131 olarak bana bir g\u00f6rev d\u00fc\u015ferse, ki d\u00fc\u015fece\u011fine inan\u0131yorum, bu konuda elimden geleni yapar\u0131m.&#8221;<\/p>\n<p style=\"text-align: justify;\"><strong>SORUNLARIN \u00c7\u00d6Z\u00dcM YER\u0130 MECL\u0130S<\/strong><\/p>\n<p style=\"text-align: justify;\">T\u00f6rende konu\u015fan Mehmet Ali \u015eahin, T\u00fcrkiye&#8217;de ortaya \u00e7\u0131kan ve gelecekte ortaya \u00e7\u0131kacak her sorunun \u00e7\u00f6z\u00fcm zeminin Meclis oldu\u011funu vurgulayarak, &#8221;TBMM Ba\u015fkanl\u0131\u011f\u0131n\u0131 yapacak olan kim olursa olsun, ilk Meclis Ba\u015fkan\u0131n\u0131n bak\u0131\u015f a\u00e7\u0131s\u0131 ve heyecan\u0131yla bu g\u00f6revi yaparak Meclise lay\u0131k olmal\u0131d\u0131r&#8221; dedi.<\/p>\n<p style=\"text-align: justify;\"><span style=\"color: #888888;\">Kaynak : BirG\u00fcn<\/span><\/p>\n","protected":false},"excerpt":{"rendered":"<p style=\"text-align: center;\">\n<p style=\"text-align: justify;\">Meclisin yeni ba\u015fkan\u0131 \u015eahin, anayasa de\u011fi\u015fikli\u011fi konusunun en \u00f6nemli g\u00fcndem maddesi olaca\u011f\u0131n\u0131 belirtti. \u015eahin sorunlar\u0131n \u00e7\u00f6z\u00fcm yerinin meclis oldu\u011funu s\u00f6yledi<\/p>\n<p style=\"text-align: justify;\">TBMM&#8217;de d\u00fczenlenen devir teslim t\u00f6reninde K\u00f6ksal Toptan, \u015eahin&#8217;in se\u00e7ildi\u011fine dair Meclis karar\u0131n\u0131 imzalayarak \u015eahin&#8217;e verdi. TBMM Ba\u015fkan\u0131 Mehmet Ali \u015eahin, devir teslim t\u00f6reninin ard\u0131ndan sorular\u0131 yan\u0131tlad\u0131. \u015eahin, Anayasa <\/p>\n","protected":false},"author":1,"featured_media":0,"comment_status":"open","ping_status":"closed","sticky":false,"template":"","format":"standard","meta":{"footnotes":""},"categories":[105],"tags":[],"class_list":["post-13086","post","type-post","status-publish","format-standard","hentry","category-gundem","odd"],"_links":{"self":[{"href":"http:\/\/www.korhanyilmaz.com\/index.php?rest_route=\/wp\/v2\/posts\/13086","targetHints":{"allow":["GET"]}}],"collection":[{"href":"http:\/\/www.korhanyilmaz.com\/index.php?rest_route=\/wp\/v2\/posts"}],"about":[{"href":"http:\/\/www.korhanyilmaz.com\/index.php?rest_route=\/wp\/v2\/types\/post"}],"author":[{"embeddable":true,"href":"http:\/\/www.korhanyilmaz.com\/index.php?rest_route=\/wp\/v2\/users\/1"}],"replies":[{"embeddable":true,"href":"http:\/\/www.korhanyilmaz.com\/index.php?rest_route=%2Fwp%2Fv2%2Fcomments&post=13086"}],"version-history":[{"count":0,"href":"http:\/\/www.korhanyilmaz.com\/index.php?rest_route=\/wp\/v2\/posts\/13086\/revisions"}],"wp:attachment":[{"href":"http:\/\/www.korhanyilmaz.com\/index.php?rest_route=%2Fwp%2Fv2%2Fmedia&parent=13086"}],"wp:term":[{"taxonomy":"category","embeddable":true,"href":"http:\/\/www.korhanyilmaz.com\/index.php?rest_route=%2Fwp%2Fv2%2Fcategories&post=13086"},{"taxonomy":"post_tag","embeddable":true,"href":"http:\/\/www.korhanyilmaz.com\/index.php?rest_route=%2Fwp%2Fv2%2Ftags&post=13086"}],"curies":[{"name":"wp","href":"https:\/\/api.w.org\/{rel}","templated":true}]}}