{"id":13079,"date":"2009-08-10T11:55:50","date_gmt":"2009-08-10T08:55:50","guid":{"rendered":"http:\/\/www.korhanyilmaz.com\/?p=13079"},"modified":"2009-08-10T11:55:50","modified_gmt":"2009-08-10T08:55:50","slug":"halk-atakoy-de-rant-projesine-karsi","status":"publish","type":"post","link":"http:\/\/www.korhanyilmaz.com\/?p=13079","title":{"rendered":"Halk Atak\u00f6y&#039;de Rant Projesine Kar\u015f\u0131"},"content":{"rendered":"<p style=\"text-align: center;\"><a href=\"http:\/\/www.korhanyilmaz.com\/wp-content\/uploads\/2009\/08\/actuel_1249894722.jpg\"  class=\"lightview\"><img loading=\"lazy\" decoding=\"async\" class=\"aligncenter size-full wp-image-13080\" src=\"http:\/\/www.korhanyilmaz.com\/wp-content\/uploads\/2009\/08\/actuel_1249894722.jpg\" alt=\"\" width=\"243\" height=\"186\" \/><\/a><\/p>\n<p style=\"text-align: justify;\">TOK\u0130\u2019nin, 124 d\u00f6n\u00fcml\u00fck Bak\u0131rk\u00f6y-Atak\u00f6y sahil \u015feridi arazisini sat\u0131\u015fa \u00e7\u0131karmas\u0131 ve \u2018konut alan\u0131\u2019 olan Atak\u00f6y\u2019\u00fcn \u2018turizm- ticaret alan\u0131\u2019na al\u0131narak \u2018pazarlanmaya \u00e7al\u0131\u015f\u0131lmas\u0131\u2019 projelerine kar\u015f\u0131, halk cephe ald\u0131.<\/p>\n<p style=\"text-align: justify;\">\u0130stanbul Atak\u00f6y&#8217;de ta\u015flar yerinden oynuyor. Toplu Konut \u0130daresi\u2019nin (TOK\u0130), Bak\u0131rk\u00f6y-Atak\u00f6y sahil \u015feridindeki, 124 bin 980 metrekare b\u00fcy\u00fckl\u00fc\u011f\u00fcndeki araziyi sat\u0131\u015fa \u00e7\u0131kard\u0131\u011f\u0131n\u0131 duyurmas\u0131yla beraber, in\u015faat alan\u0131 249 bin 960 metrekare olarak belirlenen arsan\u0131n sadece 68 bin metrekarelik k\u0131sm\u0131n\u0131n ye\u015fil alana ayr\u0131larak halka a\u00e7\u0131k tutulacak olmas\u0131 Atak\u00f6yl\u00fcleri harekete ge\u00e7irdi.<!--more--><\/p>\n<p style=\"text-align: justify;\">Atak\u00f6y Konaklar\u0131 ile Marmara Denizi aras\u0131nda kalan ve bug\u00fcne kadar halk\u0131n faydaland\u0131\u011f\u0131 dev araziye, TOK\u0130&#8217;nin ihalesi sayesinde; otel, apart otel, gazino, marina, yat kul\u00fcb\u00fc, al\u0131\u015fveri\u015f tesisleri, lokantalar, kongre tesisleri, akaryak\u0131t sat\u0131\u015f \u00fcniteleri, sa\u011fl\u0131k kul\u00fcb\u00fc, g\u00f6steri spor ve e\u011flence tesisleri kurulabilecek olmas\u0131na kar\u015f\u0131 \u00f6rg\u00fctlenen Atak\u00f6yl\u00fcler, \u2018Sahili ve Ye\u015fili Koruma Platformu\u2019 \u00e7at\u0131s\u0131 alt\u0131nda birle\u015fti.<\/p>\n<p style=\"text-align: justify;\">TOK\u0130 Ba\u015fkan\u0131 Erdo\u011fan Bayraktar&#8217;\u0131n, &#8220;Arazinin imar plan\u0131 sorunu yok. Yerli ve yabanc\u0131 yat\u0131r\u0131mc\u0131lar\u0131n b\u00fcy\u00fck ilgi g\u00f6stermesini bekliyoruz&#8221; s\u00f6zleriyle piyasay\u0131 k\u0131z\u0131\u015ft\u0131rmaya \u00e7al\u0131\u015ft\u0131\u011f\u0131 araziye sahip \u00e7\u0131kan Atak\u00f6yl\u00fcler, sahil yolu \u00fczerinde kurduklar\u0131 \u00e7ad\u0131rda projeye kar\u015f\u0131 imza toplamaya ba\u015flad\u0131.<\/p>\n<p style=\"text-align: justify;\"><strong>DOSYA KILI\u00c7DARO\u011eLU\u2019NUN EL\u0130NDE<\/strong><\/p>\n<p style=\"text-align: justify;\">Atak\u00f6y sahilini sat\u0131\u015fa \u00e7\u0131karan projeye kar\u015f\u0131 kollar\u0131 s\u0131vayan Ye\u015fili ve Sahili Koruma Platformu y\u00f6netiminden \u0130stanbul \u00dcniversitesi \u00f6\u011fretim \u00fcyesi Prof. Dr. Ayfer Kaynar, durumu bildirdi\u011fi CHP \u0130stanbul Milletvekili Kemal K\u0131l\u0131\u00e7daro\u011flu&#8217;nun, &#8220;Konuyla ilgilenece\u011fim&#8221; yan\u0131t\u0131 verdi\u011fini s\u00f6yledi.<\/p>\n<p style=\"text-align: justify;\">Konuyla ilgili gazetemize konu\u015fan Kaynar, Atak\u00f6y&#8217;\u00fc rant i\u00e7in par\u00e7alama projesinin temellerinin 2007&#8217;de \u00e7\u0131kar\u0131lan meclis kararlar\u0131yla at\u0131ld\u0131\u011f\u0131n\u0131 ve Atak\u00f6y 1. K\u0131s\u0131m olarak ge\u00e7en mevkiinin T\u00fcrkiye\u2019de turizme a\u00e7\u0131lan ilk konut alan\u0131 oldu\u011funu s\u00f6yledi. T\u00fcrkiye&#8217;nin \u00f6rnek konut projesi olan b\u00f6lgenin, adeta bir gecekonu b\u00f6lgesi gibi sunularak, halk\u0131n g\u00f6z\u00fcn\u00fcn \u2019evlerinizi yenileyece\u011fiz\u2019 gibi vaatlerle boyand\u0131\u011f\u0131n\u0131 belirten Platform \u00fcyesi, &#8220;Bahsi ge\u00e7en alanlar\u0131n Turizmi Te\u015fvik Kanunu \u015femsiyesi alt\u0131nda ikamet eden n\u00fcfusa emsal de\u011fer \u00f6deyerek ya da farkl\u0131  y\u00f6ntemlerle satt\u0131r\u0131larak bo\u015falt\u0131lmas\u0131 ve ilgili yerin bilemedi\u011fimiz \u015firketlerce ele ge\u00e7irilmesi olas\u0131l\u0131\u011f\u0131 son derece y\u00fcksek&#8221; diyerek tehlikeye dikkat \u00e7ekti. Kaynar, TOK\u0130&#8217;nin ye\u015fil alanlar\u0131 imara a\u00e7ma ve sahili pazarlama projesinin yan\u0131 s\u0131ra, konut alan\u0131 olarak belirlenen yerlerin turizm-ticaret alan\u0131na al\u0131nmas\u0131yla, kamula\u015ft\u0131rma ad\u0131 alt\u0131nda insanlar\u0131n evlerinden edilebilece\u011finin alt\u0131n\u0131 \u00e7izerek, bahsi ge\u00e7en plan ve projeleri durdurmak i\u00e7in yarg\u0131ya ba\u015fvurduklar\u0131n\u0131 ve dava s\u00fcrecinin devam etti\u011fini s\u00f6yledi.<\/p>\n<p style=\"text-align: justify;\"><strong>\u2018TOK\u0130 M\u00dcHEND\u0130SLER\u0130 \u00c7ADIRI BASTI\u2019<\/strong><\/p>\n<p style=\"text-align: justify;\">Atak\u00f6y sahilinde ge\u00e7ti\u011fimiz cuma g\u00fcn\u00fc kurduklar\u0131 imza \u00e7ad\u0131r\u0131yla, 2 bini a\u015fk\u0131n imza toplad\u0131klar\u0131n\u0131 ancak TOK\u0130&#8217;nin tacizine u\u011frad\u0131klar\u0131 i\u00e7in tedirgin olduklar\u0131n\u0131 s\u00f6yleyen Prof. Kaynar, imza kampanyas\u0131yla ba\u015flayan geli\u015fmeleri \u015f\u00f6yle anlatt\u0131:<\/p>\n<p style=\"text-align: justify;\">&#8220;Toplad\u0131\u011f\u0131m\u0131z imzalar\u0131 en sonunda Ba\u015fbakan&#8217;a g\u00f6ndererek, buralar\u0131n sat\u0131\u015f\u0131n\u0131 iptal etmesini isteyece\u011fiz, ama imza toplama a\u015famas\u0131 bile kolay olmuyor. \u00d6nceki g\u00fcn, yani imza \u00e7ad\u0131r\u0131n\u0131 kurdu\u011fumuz ilk g\u00fcn TOK\u0130&#8217;nin m\u00fchendisleri oldu\u011funu s\u00f6yleyen ama isimlerini vermeyen baz\u0131 \u015fah\u0131slar yanlar\u0131nda i\u015f\u00e7ileri oldu\u011fu anla\u015f\u0131lan ki\u015filerle beraber \u00e7ad\u0131r\u0131m\u0131za dald\u0131. Alayl\u0131 davran\u0131\u015flarla imza sirk\u00fclerimizi &#8220;TOK\u0130&#8217;yi destekliyoruz&#8221; gibi c\u00fcmleler yazarak tahrip eden bu ki\u015filerin tekrar gelme ihtimali bizi tedirgin ediyor ama biz Atak\u00f6y&#8217;\u00fc, sahilimizi ve ye\u015fil alan\u0131m\u0131z\u0131 seven insanlar olarak m\u00fccadelemize devam edece\u011fiz.\u201d<\/p>\n<p style=\"text-align: justify;\"><span style=\"color: #888888;\">Onurkan Avc\u0131 &#8211; BirG\u00fcn<\/span><\/p>\n","protected":false},"excerpt":{"rendered":"<p style=\"text-align: center;\">\n<p style=\"text-align: justify;\">TOK\u0130\u2019nin, 124 d\u00f6n\u00fcml\u00fck Bak\u0131rk\u00f6y-Atak\u00f6y sahil \u015feridi arazisini sat\u0131\u015fa \u00e7\u0131karmas\u0131 ve \u2018konut alan\u0131\u2019 olan Atak\u00f6y\u2019\u00fcn \u2018turizm- ticaret alan\u0131\u2019na al\u0131narak \u2018pazarlanmaya \u00e7al\u0131\u015f\u0131lmas\u0131\u2019 projelerine kar\u015f\u0131, halk cephe ald\u0131.<\/p>\n<p style=\"text-align: justify;\">\u0130stanbul Atak\u00f6y&#8217;de ta\u015flar yerinden oynuyor. Toplu Konut \u0130daresi\u2019nin (TOK\u0130), Bak\u0131rk\u00f6y-Atak\u00f6y sahil \u015feridindeki, 124 bin 980 metrekare b\u00fcy\u00fckl\u00fc\u011f\u00fcndeki araziyi sat\u0131\u015fa \u00e7\u0131kard\u0131\u011f\u0131n\u0131 duyurmas\u0131yla beraber, in\u015faat <\/p>\n","protected":false},"author":1,"featured_media":0,"comment_status":"open","ping_status":"closed","sticky":false,"template":"","format":"standard","meta":{"footnotes":""},"categories":[105],"tags":[],"class_list":["post-13079","post","type-post","status-publish","format-standard","hentry","category-gundem","odd"],"_links":{"self":[{"href":"http:\/\/www.korhanyilmaz.com\/index.php?rest_route=\/wp\/v2\/posts\/13079","targetHints":{"allow":["GET"]}}],"collection":[{"href":"http:\/\/www.korhanyilmaz.com\/index.php?rest_route=\/wp\/v2\/posts"}],"about":[{"href":"http:\/\/www.korhanyilmaz.com\/index.php?rest_route=\/wp\/v2\/types\/post"}],"author":[{"embeddable":true,"href":"http:\/\/www.korhanyilmaz.com\/index.php?rest_route=\/wp\/v2\/users\/1"}],"replies":[{"embeddable":true,"href":"http:\/\/www.korhanyilmaz.com\/index.php?rest_route=%2Fwp%2Fv2%2Fcomments&post=13079"}],"version-history":[{"count":0,"href":"http:\/\/www.korhanyilmaz.com\/index.php?rest_route=\/wp\/v2\/posts\/13079\/revisions"}],"wp:attachment":[{"href":"http:\/\/www.korhanyilmaz.com\/index.php?rest_route=%2Fwp%2Fv2%2Fmedia&parent=13079"}],"wp:term":[{"taxonomy":"category","embeddable":true,"href":"http:\/\/www.korhanyilmaz.com\/index.php?rest_route=%2Fwp%2Fv2%2Fcategories&post=13079"},{"taxonomy":"post_tag","embeddable":true,"href":"http:\/\/www.korhanyilmaz.com\/index.php?rest_route=%2Fwp%2Fv2%2Ftags&post=13079"}],"curies":[{"name":"wp","href":"https:\/\/api.w.org\/{rel}","templated":true}]}}