{"id":13071,"date":"2009-08-10T17:24:11","date_gmt":"2009-08-10T14:24:11","guid":{"rendered":"http:\/\/www.korhanyilmaz.com\/?p=13071"},"modified":"2009-08-10T17:24:11","modified_gmt":"2009-08-10T14:24:11","slug":"493-kan-davasini-bitiren-sait-sanli-vefat-etti","status":"publish","type":"post","link":"http:\/\/www.korhanyilmaz.com\/?p=13071","title":{"rendered":"493 kan davas\u0131n\u0131 bitiren Sait \u015eanl\u0131 vefat etti"},"content":{"rendered":"<div id=\"attachment_13072\" style=\"width: 265px\" class=\"wp-caption aligncenter\"><a title=\"Diyarbak\u0131r Kasaplar ve Besiciler Odas\u0131 Ba\u015fkan\u0131 Sait \u015eanl\u0131 \" href=\"http:\/\/www.korhanyilmaz.com\/wp-content\/uploads\/2009\/08\/ym_saitsanli_k.jpg\"  class=\"lightview\"><img loading=\"lazy\" decoding=\"async\" aria-describedby=\"caption-attachment-13072\" class=\"size-full wp-image-13072\" title=\"Diyarbak\u0131r Kasaplar ve Besiciler Odas\u0131 Ba\u015fkan\u0131 Sait \u015eanl\u0131 \" src=\"http:\/\/www.korhanyilmaz.com\/wp-content\/uploads\/2009\/08\/ym_saitsanli_k.jpg\" alt=\"\" width=\"255\" height=\"165\" \/><\/a><p id=\"caption-attachment-13072\" class=\"wp-caption-text\">Diyarbak\u0131r Kasaplar ve Besiciler Odas\u0131 Ba\u015fkan\u0131 Sait \u015eanl\u0131 <\/p><\/div>\n<p style=\"text-align: justify;\">G\u00fcneydo\u011fu&#8217;da kan daval\u0131 aileleri bar\u0131\u015ft\u0131rd\u0131\u011f\u0131 i\u00e7in &#8216;Bar\u0131\u015f El\u00e7isi&#8217; olarak bilinen Diyarbak\u0131r Kasaplar ve Besiciler Odas\u0131 Ba\u015fkan\u0131 Sait \u015eanl\u0131 hayat\u0131n\u0131 kaybetti. Bir s\u00fcredir Ankara&#8217;da tedavi g\u00f6ren \u015eanl\u0131&#8217;n\u0131n \u00f6l\u00fcm haberi binlerce sevenini yasa bo\u011fdu. \u015eanl\u0131, yar\u0131n Diyarbak\u0131r&#8217;da topra\u011fa verilecek.<\/p>\n<p style=\"text-align: justify;\">Diyarbak\u0131r&#8217;da kurdu\u011fu bar\u0131\u015f komisyonlar\u0131yla husumetli aileleri bar\u0131\u015ft\u0131rmak i\u00e7in b\u00fcy\u00fck \u00e7aba g\u00f6steren \u015eanl\u0131, bug\u00fcne kadar 493 kan daval\u0131 aileyi bar\u0131\u015ft\u0131rm\u0131\u015ft\u0131. Sait \u015eanl\u0131, b\u00f6lgede kan daval\u0131 aileler aras\u0131nda arabuluculuk yapt\u0131\u011f\u0131 i\u00e7in &#8216;Bar\u0131\u015f G\u00f6n\u00fcll\u00fcs\u00fc&#8217;, &#8216;Bar\u0131\u015f El\u00e7isi&#8217; olarak biliyordu. \u015eanl\u0131, \u00fc\u00e7 ay \u00f6nce ge\u00e7irdi\u011fi rahats\u0131zl\u0131k sonucu kald\u0131r\u0131ld\u0131\u011f\u0131 hastanede iki kez ameliyat olmu\u015ftu. Bir s\u00fcre evinde tedavisi devam eden \u015eanl\u0131, ikinci kez rahats\u0131zlanm\u0131\u015f ve sevk edildi\u011fi Ankara&#8217;da kendisine damar nakli yap\u0131lm\u0131\u015ft\u0131. <!--more--><\/p>\n<p style=\"text-align: justify;\">\u015eanl\u0131, kan davas\u0131 ma\u011fduru oldu\u011fu i\u00e7in \u00f6lme korkusuyla ya\u015fayan aileleri \u00e7ok iyi anl\u0131yordu. \u015eanl\u0131&#8217;n\u0131n amcas\u0131n\u0131n, bir ine\u011fin kuyru\u011funu koparmas\u0131yla \u00e7\u0131kan kavgada ailesinden ve kar\u015f\u0131 taraftan insanlar \u00f6lm\u00fc\u015ft\u00fc. \u015eanl\u0131 ailesi, olaydan sonra Diyarbak\u0131r&#8217;\u0131n Lice il\u00e7esini terk ederek Mu\u015f&#8217;a yerle\u015fmi\u015fti. Diyarbak\u0131r&#8217;\u0131n tan\u0131nm\u0131\u015f ailelerinin araya girmesiyle husumetlisiyle bar\u0131\u015fan \u015eanl\u0131, tekrar do\u011fdu\u011fu yere gelmi\u015f ve kendini bu i\u015fe adam\u0131\u015ft\u0131. Diyarbak\u0131r&#8217;da doktor, \u00f6\u011fretmen ve imamlardan olu\u015fan bar\u0131\u015f komisyonlar\u0131 da kuran \u015eanl\u0131&#8217;n\u0131n, bar\u0131\u015ft\u0131rmak i\u00e7in \u00e7al\u0131\u015ft\u0131\u011f\u0131 \u00e7ok say\u0131da aile s\u0131rada bulunuyordu.<\/p>\n<p style=\"text-align: justify;\"><strong>NOBEL&#8217;E ADAY G\u00d6STER\u0130LM\u0130\u015eT\u0130 <\/strong><\/p>\n<p style=\"text-align: justify;\">Hayat\u0131n\u0131 a\u015firetler ve aileler aras\u0131ndaki anla\u015fmazl\u0131klar\u0131 \u00e7\u00f6zmeye adayan \u015eanl\u0131&#8217;y\u0131, Frans\u0131z Haber Ajans\u0131 AFP Nobel Bar\u0131\u015f \u00d6d\u00fcl\u00fc&#8217;ne aday g\u00f6stermi\u015fti. Rotary Kul\u00fcb\u00fc taraf\u0131ndan Toplum Hizmetleri \u00d6d\u00fcl\u00fc&#8217;ne lay\u0131k g\u00f6r\u00fclen \u015eanl\u0131, her y\u0131l d\u00fcnyaca \u00fcnl\u00fc bir televizyonun haber konusu oluyordu. 1967 y\u0131l\u0131ndan beri kan daval\u0131lar\u0131n bar\u0131\u015ft\u0131r\u0131lmas\u0131 i\u00e7in u\u011fra\u015fan \u015eanl\u0131, kan davalar\u0131n\u0131 sona erdirmek i\u00e7in komisyonlar\u0131n yan\u0131 s\u0131ra 7 ki\u015filik bir y\u00f6netim kurulu olu\u015fturmu\u015ftu.<\/p>\n<p style=\"text-align: justify;\">\u015eanl\u0131, arabulucu olarak b\u00f6lgede din alimi olarak bilinen ki\u015filerle hareket ediyordu. \u015eanl\u0131, kan daval\u0131lara daha \u00e7ok bu davan\u0131n toplumsal zararlar\u0131na i\u015faret ederken, di\u011ferleri konunun din\u00ee boyutunu anlat\u0131yordu. \u015eanl\u0131, bu \u015fekilde kan davas\u0131 ma\u011fduru ailelerin umudu olmu\u015ftu. \u015eanl\u0131&#8217;n\u0131n cenazesi, yar\u0131n Diyarbak\u0131r Ulu Camii&#8217;nde k\u0131l\u0131nacak namaz\u0131n ard\u0131ndan Mardinkap\u0131 Mezarl\u0131\u011f\u0131&#8217;nda topra\u011fa verilecek.<\/p>\n<p style=\"text-align: justify;\"><span style=\"color: #888888;\">Kaynak : Zaman<\/span><\/p>\n","protected":false},"excerpt":{"rendered":"<p id=\"caption-attachment-13072\" class=\"wp-caption-text\">Diyarbak\u0131r Kasaplar ve Besiciler Odas\u0131 Ba\u015fkan\u0131 Sait \u015eanl\u0131 <\/p>\n<p style=\"text-align: justify;\">G\u00fcneydo\u011fu&#8217;da kan daval\u0131 aileleri bar\u0131\u015ft\u0131rd\u0131\u011f\u0131 i\u00e7in &#8216;Bar\u0131\u015f El\u00e7isi&#8217; olarak bilinen Diyarbak\u0131r Kasaplar ve Besiciler Odas\u0131 Ba\u015fkan\u0131 Sait \u015eanl\u0131 hayat\u0131n\u0131 kaybetti. Bir s\u00fcredir Ankara&#8217;da tedavi g\u00f6ren \u015eanl\u0131&#8217;n\u0131n \u00f6l\u00fcm haberi binlerce sevenini yasa bo\u011fdu. \u015eanl\u0131, yar\u0131n Diyarbak\u0131r&#8217;da topra\u011fa verilecek.<\/p>\n<p style=\"text-align: justify;\">Diyarbak\u0131r&#8217;da kurdu\u011fu bar\u0131\u015f <\/p>\n","protected":false},"author":1,"featured_media":0,"comment_status":"open","ping_status":"closed","sticky":false,"template":"","format":"standard","meta":{"footnotes":""},"categories":[105],"tags":[],"class_list":["post-13071","post","type-post","status-publish","format-standard","hentry","category-gundem","odd"],"_links":{"self":[{"href":"http:\/\/www.korhanyilmaz.com\/index.php?rest_route=\/wp\/v2\/posts\/13071","targetHints":{"allow":["GET"]}}],"collection":[{"href":"http:\/\/www.korhanyilmaz.com\/index.php?rest_route=\/wp\/v2\/posts"}],"about":[{"href":"http:\/\/www.korhanyilmaz.com\/index.php?rest_route=\/wp\/v2\/types\/post"}],"author":[{"embeddable":true,"href":"http:\/\/www.korhanyilmaz.com\/index.php?rest_route=\/wp\/v2\/users\/1"}],"replies":[{"embeddable":true,"href":"http:\/\/www.korhanyilmaz.com\/index.php?rest_route=%2Fwp%2Fv2%2Fcomments&post=13071"}],"version-history":[{"count":0,"href":"http:\/\/www.korhanyilmaz.com\/index.php?rest_route=\/wp\/v2\/posts\/13071\/revisions"}],"wp:attachment":[{"href":"http:\/\/www.korhanyilmaz.com\/index.php?rest_route=%2Fwp%2Fv2%2Fmedia&parent=13071"}],"wp:term":[{"taxonomy":"category","embeddable":true,"href":"http:\/\/www.korhanyilmaz.com\/index.php?rest_route=%2Fwp%2Fv2%2Fcategories&post=13071"},{"taxonomy":"post_tag","embeddable":true,"href":"http:\/\/www.korhanyilmaz.com\/index.php?rest_route=%2Fwp%2Fv2%2Ftags&post=13071"}],"curies":[{"name":"wp","href":"https:\/\/api.w.org\/{rel}","templated":true}]}}