{"id":13050,"date":"2009-08-09T22:22:27","date_gmt":"2009-08-09T19:22:27","guid":{"rendered":"http:\/\/www.korhanyilmaz.com\/?p=13050"},"modified":"2009-08-09T22:22:27","modified_gmt":"2009-08-09T19:22:27","slug":"baykal-akp-iktidarina-omur-bicti","status":"publish","type":"post","link":"http:\/\/www.korhanyilmaz.com\/?p=13050","title":{"rendered":"Baykal, AKP iktidar\u0131na \u00f6m\u00fcr bi\u00e7ti"},"content":{"rendered":"<p style=\"text-align: center;\"><a href=\"http:\/\/www.korhanyilmaz.com\/wp-content\/uploads\/2009\/08\/BAYKAL.jpg\"  class=\"lightview\"><img loading=\"lazy\" decoding=\"async\" class=\"aligncenter size-full wp-image-13051\" src=\"http:\/\/www.korhanyilmaz.com\/wp-content\/uploads\/2009\/08\/BAYKAL.jpg\" alt=\"\" width=\"263\" height=\"202\" \/><\/a><\/p>\n<p style=\"text-align: justify;\">CHP Genel Ba\u015fkan\u0131 Deniz Baykal, \u00fclkeyi y\u00f6netenlerin hizmet \u00fcretme kayg\u0131s\u0131nda olmad\u0131klar\u0131n\u0131 savunarak, &#8220;Bunun hesab\u0131n\u0131 ilk se\u00e7imlerde verecekler. Millet hesab\u0131 soracakt\u0131r. T\u00fcrkiye&#8217;de yeni bir siyaset d\u00f6nemi a\u00e7\u0131l\u0131yor. Bunlar geldiler, geldikleri gibi gidecekler&#8221; dedi.<\/p>\n<p style=\"text-align: justify;\">Genel Ba\u015fkan Baykal, Hatay&#8217;\u0131n \u0130skenderun il\u00e7esine ba\u011fl\u0131 \u00dc\u00e7g\u00fcll\u00fck beldesi belediye hizmet binas\u0131n\u0131n a\u00e7\u0131l\u0131\u015f\u0131nda yapt\u0131\u011f\u0131 konu\u015fmada, son yerel se\u00e7imlerde AKP&#8217;nin oylar\u0131n\u0131n azald\u0131\u011f\u0131n\u0131 hat\u0131rlatarak, &#8220;bunun, AKP&#8217;nin gidici oldu\u011funun bir g\u00f6stergesi&#8221; oldu\u011funu ileri s\u00fcrd\u00fc.<\/p>\n<p style=\"text-align: justify;\">Se\u00e7imlerin ayn\u0131 zamanda &#8220;T\u00fcrkiye&#8217;nin sahipsiz olmad\u0131\u011f\u0131n\u0131 ve CHP&#8217;nin iktidara y\u00fcr\u00fcd\u00fc\u011f\u00fcn\u00fc ortaya koydu\u011funu&#8221; s\u00f6yleyen Baykal, &#8220;O tarihten bu yana vatanda\u015f\u0131n s\u0131k\u0131nt\u0131s\u0131 azalm\u0131yor, dertlerine derman bulunmuyor, ekonomik s\u0131k\u0131nt\u0131lar art\u0131yor. Yolsuzlukla m\u00fccadele yap\u0131lm\u0131yor. Ba\u015fbakan, dokunulmazl\u0131klar\u0131n kald\u0131r\u0131lmas\u0131n\u0131 g\u00f6ze alm\u0131yor. Bu manzara kar\u015f\u0131s\u0131nda vatanda\u015f sonuna kadar kararl\u0131l\u0131kla gidecektir&#8221; diye konu\u015ftu. <!--more--><\/p>\n<p style=\"text-align: justify;\">\u0130ktidardakilerin hizmeti bir kenara b\u0131rakt\u0131klar\u0131n\u0131 ve &#8220;e\u015fi-dostu kay\u0131rmaya&#8221;, &#8220;\u00e7oluk-\u00e7ocu\u011fu zengin etmeye&#8221; \u00e7al\u0131\u015ft\u0131klar\u0131n\u0131 ileri s\u00fcren Baykal, &#8220;Bunun hesab\u0131n\u0131 ilk se\u00e7imlerde verecekler. Millet hesab\u0131 soracakt\u0131r. T\u00fcrkiye&#8217;de yeni bir siyaset d\u00f6nemi a\u00e7\u0131l\u0131yor. Bunlar geldiler, geldikleri gibi gidecekler. Ya\u015fanan sorunlar\u0131n hepsinin \u00e7aresi var, ama \u00e7\u00f6z\u00fcm i\u00e7in temel \u015fart siyasette d\u00fcr\u00fcstl\u00fc\u011f\u00fc etkin k\u0131lmakt\u0131r&#8221; ifadelerini kulland\u0131.<\/p>\n<p style=\"text-align: justify;\">Baykal, ba\u015ftan a\u015fa\u011f\u0131ya herkesin hesap vermesi gerekti\u011fini belirterek, \u015f\u00f6yle devam etti: &#8220;Kimse dokunulmazl\u0131k z\u0131rh\u0131 arkas\u0131na saklanmamal\u0131d\u0131r. Mahkemeden kimse ka\u00e7mamal\u0131d\u0131r. Su\u00e7lu-su\u00e7suz herkesin telefonunu dinledin. &#8216;\u0130hbar mektubu geldi, gizli tan\u0131k s\u00f6yledi, gel buraya&#8217; deyip mahkemeye \u00e7ekiyorsun. Sen \u00f6nce kendin mahkemeye \u00e7\u0131k, kendi hesab\u0131n\u0131 ver. Kendi hesab\u0131n\u0131 vermeyenlerin elinden bu \u00fclkeyi almak laz\u0131m.&#8221;<\/p>\n<p style=\"text-align: justify;\">T\u00fcrkiye&#8217;nin temelini Mustafa Kemal Atat\u00fcrk&#8217;\u00fcn att\u0131\u011f\u0131n\u0131 ve bu temel ile mayan\u0131n sa\u011flam oldu\u011funu vurgulayan Baykal, \u015funlar\u0131 kaydetti:<\/p>\n<p style=\"text-align: justify;\">&#8220;Bize d\u00fc\u015fen T\u00fcrkiye&#8217;nin temelinin bozulmas\u0131na izin vermemek, anayasal temellerine sahip \u00e7\u0131kmakt\u0131r. T\u00fcrkiye&#8217;de insanlar\u0131 \u0131rk\u0131na, mezhebine, k\u00f6kenine g\u00f6re ay\u0131rmaya y\u00f6nelik uygulamalara izin vermemektir. T\u00fcrkiye&#8217;de herkes e\u015fittir ve karde\u015ftir. Bunlar\u0131 ay\u0131rmak, farkl\u0131 muamele yapmak m\u00fcmk\u00fcn de\u011fildir. T\u00fcrkiye, milli devlet kimli\u011fi ile varl\u0131\u011f\u0131n\u0131 s\u00fcrd\u00fcrecektir. Atat\u00fcrk cumhuriyeti olarak ya\u015fayacakt\u0131r. Kimsenin bunu bozmas\u0131na izin vermeyelim.&#8221;<\/p>\n<p style=\"text-align: justify;\">Baykal, daha sonra, Arsuz beldesinde, &#8220;F\u00fcsun Sayek 3. Sa\u011fl\u0131k ve K\u00fclt\u00fcr Etkinlikleri&#8221;ne kat\u0131ld\u0131.<\/p>\n<p style=\"text-align: justify;\">Baykal, buradaki konu\u015fmas\u0131nda da kanser nedeniyle vefat eden T\u00fcrk Tabipleri Birli\u011fi Merkez Konseyi eski Ba\u015fkan\u0131 F\u00fcsun Sayek&#8217;in &#8220;T\u00fcrk toplumunun yeti\u015ftirdi\u011fi, toplumsal sorumluluk duygusunu \u00f6z\u00fcmsemi\u015f, \u00f6nemli bir meslek insan\u0131 ve ayd\u0131n T\u00fcrk kad\u0131n\u0131 oldu\u011funu&#8221; s\u00f6yledi. Etkinlik kapsam\u0131nda a\u00e7\u0131lan resim ve Hatay&#8217;\u0131n y\u00f6resel ev e\u015fyas\u0131 sergilerini gezen Baykal, daha sonra, u\u00e7akla Ankara&#8217;ya gitmek \u00fczere Hatay Havaalan\u0131&#8217;na hareket etti. \u0130ki katl\u0131 belde binas\u0131n\u0131n 300 bin liraya mal oldu\u011fu ve yakla\u015f\u0131k bir y\u0131lda tamamland\u0131\u011f\u0131 belirtildi.<\/p>\n<p style=\"text-align: justify;\"><span style=\"color: #888888;\">CNN T\u00dcRK<\/span><\/p>\n","protected":false},"excerpt":{"rendered":"<p style=\"text-align: center;\">\n<p style=\"text-align: justify;\">CHP Genel Ba\u015fkan\u0131 Deniz Baykal, \u00fclkeyi y\u00f6netenlerin hizmet \u00fcretme kayg\u0131s\u0131nda olmad\u0131klar\u0131n\u0131 savunarak, &#8220;Bunun hesab\u0131n\u0131 ilk se\u00e7imlerde verecekler. Millet hesab\u0131 soracakt\u0131r. T\u00fcrkiye&#8217;de yeni bir siyaset d\u00f6nemi a\u00e7\u0131l\u0131yor. Bunlar geldiler, geldikleri gibi gidecekler&#8221; dedi.<\/p>\n<p style=\"text-align: justify;\">Genel Ba\u015fkan Baykal, Hatay&#8217;\u0131n \u0130skenderun il\u00e7esine ba\u011fl\u0131 \u00dc\u00e7g\u00fcll\u00fck beldesi belediye hizmet binas\u0131n\u0131n a\u00e7\u0131l\u0131\u015f\u0131nda yapt\u0131\u011f\u0131 konu\u015fmada, son <\/p>\n","protected":false},"author":1,"featured_media":0,"comment_status":"open","ping_status":"closed","sticky":false,"template":"","format":"standard","meta":{"footnotes":""},"categories":[105],"tags":[],"class_list":["post-13050","post","type-post","status-publish","format-standard","hentry","category-gundem","odd"],"_links":{"self":[{"href":"http:\/\/www.korhanyilmaz.com\/index.php?rest_route=\/wp\/v2\/posts\/13050","targetHints":{"allow":["GET"]}}],"collection":[{"href":"http:\/\/www.korhanyilmaz.com\/index.php?rest_route=\/wp\/v2\/posts"}],"about":[{"href":"http:\/\/www.korhanyilmaz.com\/index.php?rest_route=\/wp\/v2\/types\/post"}],"author":[{"embeddable":true,"href":"http:\/\/www.korhanyilmaz.com\/index.php?rest_route=\/wp\/v2\/users\/1"}],"replies":[{"embeddable":true,"href":"http:\/\/www.korhanyilmaz.com\/index.php?rest_route=%2Fwp%2Fv2%2Fcomments&post=13050"}],"version-history":[{"count":0,"href":"http:\/\/www.korhanyilmaz.com\/index.php?rest_route=\/wp\/v2\/posts\/13050\/revisions"}],"wp:attachment":[{"href":"http:\/\/www.korhanyilmaz.com\/index.php?rest_route=%2Fwp%2Fv2%2Fmedia&parent=13050"}],"wp:term":[{"taxonomy":"category","embeddable":true,"href":"http:\/\/www.korhanyilmaz.com\/index.php?rest_route=%2Fwp%2Fv2%2Fcategories&post=13050"},{"taxonomy":"post_tag","embeddable":true,"href":"http:\/\/www.korhanyilmaz.com\/index.php?rest_route=%2Fwp%2Fv2%2Ftags&post=13050"}],"curies":[{"name":"wp","href":"https:\/\/api.w.org\/{rel}","templated":true}]}}